{"id":155042,"date":"2025-10-03T14:51:10","date_gmt":"2025-10-03T14:51:10","guid":{"rendered":"https:\/\/www.europesays.com\/es\/155042\/"},"modified":"2025-10-03T14:51:10","modified_gmt":"2025-10-03T14:51:10","slug":"de-la-ufc-al-danubio-con-los-estrenos-del-duplex","status":"publish","type":"post","link":"https:\/\/www.europesays.com\/es\/155042\/","title":{"rendered":"De la UFC al Danubio con los estrenos del Duplex"},"content":{"rendered":"<p><strong>FERROL360 | Viernes 3 de octubre de 2025 | 10:06<\/strong><\/p>\n<p>Esta semana,<strong> DUPLEX Cinema<\/strong> renueva su cartelera con una selecci\u00f3n de estrenos que combinan cine independiente, animaci\u00f3n y t\u00edtulos reconocidos en festivales internacionales.<\/p>\n<p>Desde el viernes 3 de octubre, llega <strong><a href=\"https:\/\/duplexcinema.com\/gl\/filmes\/smashing-machine\" target=\"_blank\" rel=\"noopener nofollow\">The Smashing Machine<\/a><\/strong>, el primer largometraje en solitario de Ben Safdie, codirector de pel\u00edculas como Good Time o Uncut Gems. El filme narra la historia real de Mark Kerr (interpretado por Dwayne Johnson), figura clave en los or\u00edgenes de la UFC, y retrata su ascenso y ca\u00edda en el mundo de las artes marciales mixtas.<\/p>\n<p>Tambi\u00e9n se estrena <strong><a href=\"https:\/\/duplexcinema.com\/gl\/filmes\/extrano-rio\" target=\"_blank\" rel=\"noopener nofollow\">Extra\u00f1o r\u00edo<\/a><\/strong>, \u00f3pera prima de Jaume Claret Muxart, que sigue el viaje de D\u00eddac, un adolescente que recorre el Danubio en bicicleta con su familia y se encuentra con un misterioso joven surgido de las aguas. Una propuesta sensible y po\u00e9tica sobre el despertar del deseo y la b\u00fasqueda de identidad.<\/p>\n<p>El domingo 5 a las 12:00, dentro del ciclo <strong>Pet\u00eds DUPLEX<\/strong>, se proyectar\u00e1 <strong><a href=\"https:\/\/duplexcinema.com\/gl\/filmes\/mi-vida-a-lo-grande\" target=\"_blank\" rel=\"noopener nofollow\">Mi vida a lo grande<\/a><\/strong>, de Kristina Dufkov\u00e1. La pel\u00edcula aborda el acoso escolar y fue reconocida con el Premio Especial del Jurado en el Festival de Annecy. La entrada ser\u00e1 gratuita gracias al apoyo del Concello de Ferrol.<\/p>\n<p>En la secci\u00f3n <strong>OFF DUPLEX<\/strong>, el martes 7 a las 20:00 se podr\u00e1 ver <strong><a href=\"https:\/\/duplexcinema.com\/gl\/filmes\/simon-de\" target=\"_blank\" rel=\"noopener nofollow\">Sim\u00f3n de la monta\u00f1a<\/a><\/strong>, dirigida por Federico Luis. La cinta, ganadora del Gran Premio de la Semana de la Cr\u00edtica en Cannes, retrata el proceso de transformaci\u00f3n de un joven de 21 a\u00f1os al cambiar de entorno social.<\/p>\n<p>Adem\u00e1s, contin\u00faan los pases de <a href=\"https:\/\/duplexcinema.com\/gl\/filmes\/romeria\" target=\"_blank\" rel=\"noopener nofollow\">Romer\u00eda<\/a>, <a href=\"http:\/\/duplexcinema.com\/gl\/filmes\/mi-amiga-eva\" target=\"_blank\" rel=\"noopener nofollow\">Mi amiga Eva<\/a>, <a href=\"https:\/\/duplexcinema.com\/gl\/filmes\/maspalomas\" target=\"_blank\" rel=\"noopener nofollow\">Maspalomas<\/a>, <a href=\"https:\/\/duplexcinema.com\/gl\/filmes\/una-batalla\" target=\"_blank\" rel=\"noopener nofollow\">Una batalla tras otra <\/a>y <a href=\"https:\/\/duplexcinema.com\/gl\/filmes\/sirat\" target=\"_blank\" rel=\"noopener nofollow\">Sirat<\/a>.<\/p>\n<p><img loading=\"lazy\" decoding=\"async\" class=\"alignnone size-full wp-image-282264\" src=\"https:\/\/www.europesays.com\/es\/wp-content\/uploads\/2025\/10\/Captura-de-pantalla-2025-10-03-100039.png\" alt=\"\" width=\"2056\" height=\"1278\"  \/><\/p>\n","protected":false},"excerpt":{"rendered":"FERROL360 | Viernes 3 de octubre de 2025 | 10:06 Esta semana, DUPLEX Cinema renueva su cartelera con&hellip;\n","protected":false},"author":2,"featured_media":155043,"comment_status":"","ping_status":"","sticky":false,"template":"","format":"standard","meta":{"footnotes":""},"categories":[276],"tags":[168,25,24,23,167,343],"class_list":{"0":"post-155042","1":"post","2":"type-post","3":"status-publish","4":"format-standard","5":"has-post-thumbnail","7":"category-ufc","8":"tag-deportes","9":"tag-es","10":"tag-espana","11":"tag-spain","12":"tag-sports","13":"tag-ufc"},"share_on_mastodon":{"url":"","error":""},"_links":{"self":[{"href":"https:\/\/www.europesays.com\/es\/wp-json\/wp\/v2\/posts\/155042","targetHints":{"allow":["GET"]}}],"collection":[{"href":"https:\/\/www.europesays.com\/es\/wp-json\/wp\/v2\/posts"}],"about":[{"href":"https:\/\/www.europesays.com\/es\/wp-json\/wp\/v2\/types\/post"}],"author":[{"embeddable":true,"href":"https:\/\/www.europesays.com\/es\/wp-json\/wp\/v2\/users\/2"}],"replies":[{"embeddable":true,"href":"https:\/\/www.europesays.com\/es\/wp-json\/wp\/v2\/comments?post=155042"}],"version-history":[{"count":0,"href":"https:\/\/www.europesays.com\/es\/wp-json\/wp\/v2\/posts\/155042\/revisions"}],"wp:featuredmedia":[{"embeddable":true,"href":"https:\/\/www.europesays.com\/es\/wp-json\/wp\/v2\/media\/155043"}],"wp:attachment":[{"href":"https:\/\/www.europesays.com\/es\/wp-json\/wp\/v2\/media?parent=155042"}],"wp:term":[{"taxonomy":"category","embeddable":true,"href":"https:\/\/www.europesays.com\/es\/wp-json\/wp\/v2\/categories?post=155042"},{"taxonomy":"post_tag","embeddable":true,"href":"https:\/\/www.europesays.com\/es\/wp-json\/wp\/v2\/tags?post=155042"}],"curies":[{"name":"wp","href":"https:\/\/api.w.org\/{rel}","templated":true}]}}