{"id":15505,"date":"2025-07-31T04:40:06","date_gmt":"2025-07-31T04:40:06","guid":{"rendered":"https:\/\/www.europesays.com\/es\/15505\/"},"modified":"2025-07-31T04:40:06","modified_gmt":"2025-07-31T04:40:06","slug":"batman-azteca-la-nueva-pelicula-del-superheroe-desata-criticas-por-esparcir-la-leyenda-negra-cultura","status":"publish","type":"post","link":"https:\/\/www.europesays.com\/es\/15505\/","title":{"rendered":"\u2018Batman Azteca\u2019: la nueva pel\u00edcula del superh\u00e9roe desata cr\u00edticas por \u201cesparcir la leyenda negra\u201d | Cultura"},"content":{"rendered":"<p class=\"\">Batman ya ha sido un samur\u00e1i en el Jap\u00f3n feudal, un caballero de la corte del rey Arturo o un anarquista sovi\u00e9tico en la \u00e9poca de la URSS. Lo que parec\u00eda ser <a href=\"https:\/\/elpais.com\/elpais\/2014\/07\/04\/fotorrelato\/1404489052_810764.html\" rel=\"nofollow noopener\" target=\"_blank\">la en\u00e9sima vuelta de tuerca al universo del personaje<\/a>, nada menos que un hombre murci\u00e9lago mexica en el periodo de la Conquista en la pel\u00edcula animada Batman Azteca: Choque de Imperios, cuyo estreno est\u00e1 previsto en septiembre, se ha convertido en objeto de debate sobre la memoria hist\u00f3rica en los productos culturales. Tras el <a href=\"https:\/\/x.com\/WBHomeEnt\/status\/1948541298543059134\" rel=\"nofollow\">lanzamiento del tr\u00e1iler el pasado fin de semana<\/a>, las redes sociales se han llenado de comentarios y encendidas cr\u00edticas que califican el filme de hispanof\u00f3bico y de \u201cesparcir la leyenda negra\u201d por representar a Hern\u00e1n Cort\u00e9s y los conquistadores como villanos. Artistas mexicanos vinculados al g\u00e9nero responden que \u201cse debe tomar como una caricatura\u201d y que sigue el arquetipo de protagonista-antagonista sin matices, propio del g\u00e9nero de superh\u00e9roes.<\/p>\n<p>M\u00e1s informaci\u00f3n<\/p>\n<p class=\"\">El director del filme es el mexicano Juan Jos\u00e9 Meza-Le\u00f3n y quien da voz a Batman es su compatriota el actor <a href=\"https:\/\/elpais.com\/cultura\/2019\/01\/28\/television\/1548700867_861707.html\" rel=\"nofollow noopener\" target=\"_blank\">Horacio Garc\u00eda Rojas<\/a>. En la producci\u00f3n, junto a Warner Bros, participa la mexicana \u00c1nima, que tras las acusaciones de hispanofobia sali\u00f3 a defender, a trav\u00e9s de uno de sus ejecutivos, que no buscan \u201deducar y mucho menos reescribir la historia, pues es tal cual un producto de entretenimiento\u201d.<\/p>\n<p class=\"\">\u201cA todos los que se han sentido ofendidos, les invito a que se imaginen a un Batman asturiano en la Espa\u00f1a ocupada por los moros. La discusi\u00f3n ser\u00eda bastante similar\u201d, explica a EL PA\u00cdS el historietista que represent\u00f3 a M\u00e9xico en el c\u00f3mic internacional Superman: El Mundo, <a href=\"https:\/\/elpais.com\/cultura\/2018\/11\/28\/actualidad\/1543427248_587026.html\" rel=\"nofollow noopener\" target=\"_blank\">Bernardo Fern\u00e1ndez, Bef<\/a>. Los cerca de cinco minutos que adelant\u00f3 DC Comics de Batman Azteca en la \u00faltima Comic-Con de San Diego muestran c\u00f3mo el joven azteca Yohualli Coatl presencia el asesinato de su padre a manos de Hern\u00e1n Cort\u00e9s por negarse a revelar la entrada a Tenochtitlan. Jura venganza y huye para convertirse en un justiciero y l\u00edder subversivo, inspirado en la deidad mesoamericana asociada al inframundo y con aspecto de murci\u00e9lago, Camazotz.<\/p>\n<p class=\"\">\u201cNo s\u00e9 qu\u00e9 es esta basura infecta hispanof\u00f3bica que abraza las tesis probrit\u00e1nicas con el sello de Batman, pero desde hoy espero que a Warner y a DC les vaya como el culo por idiotas\u201d, se lee en <a href=\"https:\/\/x.com\/goonielor\/status\/1948766958788206922\" rel=\"nofollow\">uno de los comentarios<\/a> con m\u00e1s interacci\u00f3n en la publicaci\u00f3n oficial del tr\u00e1iler en la red X. \u201c\u00bfSacrificar\u00e1 a personas el Batman azteca con rituales can\u00edbales en esta propaganda anti-Espa\u00f1a?\u201d, dice otra de las respuestas, en referencia a las pr\u00e1cticas precolombinas. Las cr\u00edticas parecen coincidir en exigir un contexto m\u00e1s detallado, que muestre el conflicto interno entre los pueblos subyugados por <a href=\"https:\/\/elpais.com\/internacional\/2017\/12\/28\/la_serpiente_emplumada\/1514420961_584679.html\" rel=\"nofollow noopener\" target=\"_blank\">el imperio de Moctezuma<\/a>. Aunque una escena del tr\u00e1iler \u2014donde el personaje del Joker aparece como un sacerdote pose\u00eddo\u2014 sugiere un acercamiento a las alianzas que existieron entre ind\u00edgenas y conquistadores.<\/p>\n<p class=\"\">\u201cSe ha generado una tensi\u00f3n por cuatro minutos de tr\u00e1iler\u201d, llama a la calma Bef. Tambi\u00e9n espera ver el filme completo antes de emitir un juicio Ger Lozano, librero de la tienda de c\u00f3mics Los Muelles de Goon, en Marbella: \u201cLa cr\u00edtica [de hispanofobia] podr\u00eda ser v\u00e1lida o no, dependiendo de c\u00f3mo se aborde la historia, c\u00f3mo presenten a los personajes y cu\u00e1l sea el mensaje final. Si se trata la historia con simpleza, no se ahonda en los personajes espa\u00f1oles \u2014sin presentar matices ni humanidad alguna, todo muy negativo\u2014 y se recurre a generalizaciones y estereotipos, yo dir\u00eda que la cr\u00edtica es totalmente v\u00e1lida\u201d. El principal blanco de los ataques es el tratamiento al personaje de Hern\u00e1n Cort\u00e9s, quien se convierte en el villano Dos Caras en la pel\u00edcula. \u201c\u00a1Encontrad al murci\u00e9lago y descuartizadlo!\u201d, ordena en el avance.<\/p>\n<p><img alt=\"El personaje de Batman en la pel\u00edcula 'Batman Azteca: Choque de Imperios' (2025).\" decoding=\"auto\" class=\"_re lazyload a_m-h\" height=\"233\"  width=\"414\"  src=\"https:\/\/www.europesays.com\/es\/wp-content\/uploads\/2025\/07\/WMBVCIRMF5DJPNHL3VLKZJBTDA.jpg\" loading=\"lazy\"\/>El personaje de Batman en la pel\u00edcula &#8216;Batman Azteca: Choque de Imperios&#8217; (2025).IMDB<\/p>\n<p class=\"\">Las interpretaciones de estas figuras hist\u00f3ricas no responden a una visi\u00f3n ideol\u00f3gica, sino al arquetipo de malos gen\u00e9ricos y h\u00e9roes impolutos de <a href=\"https:\/\/elpais.com\/cultura\/2023-11-27\/batman-de-copas-capitana-marvel-con-ansiedad-ojo-de-halcon-en-el-sofa-los-superheroes-no-solo-salvan-el-mundo.html\" rel=\"nofollow noopener\" target=\"_blank\">la narrativa superher\u00f3ica<\/a>, seg\u00fan el dibujante moreliano Jorge Magall\u00f3n, ganador del premio nacional mexicano Pura Pinche Fortaleza C\u00f3mics 2022. \u201cEstamos hablando de un producto de cultura popular donde se busca traer conceptos atractivos. Creo que responde tambi\u00e9n al contexto de un inter\u00e9s creciente del mundo hacia M\u00e9xico y Latinoam\u00e9rica. No creo que sea ning\u00fan intento de reescribir la historia, sino un gui\u00f1o cultural\u201d, sostiene quien es conocido art\u00edsticamente como Heretto Dos. Recuerda otras apariciones recientes del murci\u00e9lago en Mesoam\u00e9rica, como el cap\u00edtulo de Batman: El Mundo, ambientado en Ciudad de M\u00e9xico; o la escultura del <a href=\"https:\/\/www.telecinco.es\/noticias\/cultura\/batman-existia-mitologia-maya-camazotz_18_2932920154.html\" rel=\"nofollow noopener\" target=\"_blank\">Batman maya<\/a> dise\u00f1ada por Christian Pacheco.<\/p>\n<p class=\"\">Batman Azteca se estrenar\u00e1 en cines el 18 de septiembre, pero las cr\u00edticas surgidas ya influyen en el p\u00fablico espa\u00f1ol, seg\u00fan Lozano. \u201cSe est\u00e1 creando una percepci\u00f3n negativa sobre c\u00f3mo se va a tratar a los personajes espa\u00f1oles en la historia; aunque tambi\u00e9n ha habido quienes, solo con el tr\u00e1iler, han defendido la trama como una forma de explorar la historia desde un nuevo punto de vista (aunque sea ficci\u00f3n). Pero claro, tambi\u00e9n est\u00e1n los que se quejan de lo ofensiva que resulta la forma de presentar a los conquistadores, lo cual puede ser l\u00f3gico\u201d.<\/p>\n<p class=\"\">Existe una creciente sensibilidad respecto a c\u00f3mo se representa a Espa\u00f1a en el periodo colonial: las mismas quejas surgieron frente a un episodio de 2023 de la serie de Marvel What If\u2026?, donde una joven mohawk huye de los conquistadores espa\u00f1oles.<\/p>\n<p class=\"\">Tanto Bef como Heretto Dos consideran que no existe una naturalizaci\u00f3n de la leyenda negra entre los mexicanos, ni creen que la pel\u00edcula altere esa percepci\u00f3n hist\u00f3rica. \u201cPor lo menos en el mexicano de a pie, no tengo el recuerdo de que alguien se sienta ajeno a la herencia espa\u00f1ola, porque la cultura mexicana es la espa\u00f1ola con mucha carga ind\u00edgena y de todo el mont\u00f3n de etnias que hay aqu\u00ed. Tenemos claro que la conquista se dio en el marco de una serie de situaciones particulares, donde los mexicas ten\u00edan subyugados a los pueblos aleda\u00f1os, que fortalecieron las ofensivas militares de Cort\u00e9s y Pedro de Alvarado\u201d, asegura Heretto Dos.<\/p>\n<p class=\"\">Para lograr un arte fiel al paisaje de Tenochtitlan y transportar con veracidad el universo azteca al superh\u00e9roe, se cont\u00f3 con la participaci\u00f3n del historiador Alejandro D\u00edaz. Un esfuerzo para una producci\u00f3n pensada inicialmente para estrenarse en streaming, pero que llegar\u00e1 finalmente a la pantalla grande. En palabras de Bef: \u201cQue el norte voltee a la ra\u00edz ind\u00edgena del sur global para contar esta versi\u00f3n de uno de los mitos m\u00e1s importantes de nuestro tiempo, como es Batman, es valioso\u201d.<\/p>\n","protected":false},"excerpt":{"rendered":"Batman ya ha sido un samur\u00e1i en el Jap\u00f3n feudal, un caballero de la corte del rey Arturo&hellip;\n","protected":false},"author":2,"featured_media":15506,"comment_status":"","ping_status":"","sticky":false,"template":"","format":"standard","meta":{"footnotes":""},"categories":[91],"tags":[889,10274,5978,209,10275,146,147,25,24,10273,1906,753,23,10276,10272],"class_list":{"0":"post-15505","1":"post","2":"type-post","3":"status-publish","4":"format-standard","5":"has-post-thumbnail","7":"category-entretenimiento","8":"tag-america","9":"tag-aztecas","10":"tag-batman","11":"tag-cultura","12":"tag-dc-comics","13":"tag-entertainment","14":"tag-entretenimiento","15":"tag-es","16":"tag-espana","17":"tag-hernan-cortes","18":"tag-mexico","19":"tag-peliculas","20":"tag-spain","21":"tag-superheroes","22":"tag-tenochtitlan"},"share_on_mastodon":{"url":"","error":""},"_links":{"self":[{"href":"https:\/\/www.europesays.com\/es\/wp-json\/wp\/v2\/posts\/15505","targetHints":{"allow":["GET"]}}],"collection":[{"href":"https:\/\/www.europesays.com\/es\/wp-json\/wp\/v2\/posts"}],"about":[{"href":"https:\/\/www.europesays.com\/es\/wp-json\/wp\/v2\/types\/post"}],"author":[{"embeddable":true,"href":"https:\/\/www.europesays.com\/es\/wp-json\/wp\/v2\/users\/2"}],"replies":[{"embeddable":true,"href":"https:\/\/www.europesays.com\/es\/wp-json\/wp\/v2\/comments?post=15505"}],"version-history":[{"count":0,"href":"https:\/\/www.europesays.com\/es\/wp-json\/wp\/v2\/posts\/15505\/revisions"}],"wp:featuredmedia":[{"embeddable":true,"href":"https:\/\/www.europesays.com\/es\/wp-json\/wp\/v2\/media\/15506"}],"wp:attachment":[{"href":"https:\/\/www.europesays.com\/es\/wp-json\/wp\/v2\/media?parent=15505"}],"wp:term":[{"taxonomy":"category","embeddable":true,"href":"https:\/\/www.europesays.com\/es\/wp-json\/wp\/v2\/categories?post=15505"},{"taxonomy":"post_tag","embeddable":true,"href":"https:\/\/www.europesays.com\/es\/wp-json\/wp\/v2\/tags?post=15505"}],"curies":[{"name":"wp","href":"https:\/\/api.w.org\/{rel}","templated":true}]}}