{"id":155050,"date":"2025-10-03T15:00:24","date_gmt":"2025-10-03T15:00:24","guid":{"rendered":"https:\/\/www.europesays.com\/es\/155050\/"},"modified":"2025-10-03T15:00:24","modified_gmt":"2025-10-03T15:00:24","slug":"los-personajes-de-mi-familia-eran-tan-increibles-que-tuve-que-utilizar-la-ficcion-para-bridar-los-caballos-salvajes-de-la-realidad-ocio-y-cultura","status":"publish","type":"post","link":"https:\/\/www.europesays.com\/es\/155050\/","title":{"rendered":"\u00abLos personajes de mi familia eran tan incre\u00edbles que tuve que utilizar la ficci\u00f3n para bridar los caballos salvajes de la realidad\u00bb | Ocio y cultura"},"content":{"rendered":"<p>El sue\u00f1o del jaguar es una novela escrita en franc\u00e9s, traducida al castellano por Regina L\u00f3pez Mu\u00f1oz y que cuando la lees, por momentos, crees que est\u00e1s ante un texto de Gabriel Garc\u00eda M\u00e1rquez \u00bfC\u00f3mo es posible? Su autor Miguel Bonnefoy, nacido en Par\u00eds, pero hijo de padre chileno y madre venezolana; cuenta que todo tiene una explicaci\u00f3n porque \u00ablo que me contaron en mi familia sobre la mitolog\u00eda y las f\u00e1bulas dom\u00e9sticas de mi abuelo, de mi abuela y de mi madre fue contado en castellano, as\u00ed como todos los archivos consultados para hacer el retrato del territorio, de Maracaibo, de Venezuela\u00bb. <\/p>\n<p>Pero en su cabeza se registraba en franc\u00e9s y lleg\u00f3 a otra dimensi\u00f3n que luego la traducci\u00f3n al castellano le ha dado m\u00e1s matices y una tercera vida al texto. Antonio Mart\u00ednez Asensio, nuestro bibliotecario, no se corta cuando dice que es \u00abuna de las mejores novelas del a\u00f1o, tan brutal que no decae nunca a lo largo de las 268 p\u00e1ginas\u00bb. Y lo m\u00e1s grande es que todo lo que se cuenta es verdad, pero contado como si formara parte del g\u00e9nero del realismo m\u00e1gico, quiz\u00e1s porque la vida de los abuelos y la madre de Miguel Bonnefoy fue pura magia.<\/p>\n<p>Es una novela de personajes de una gran dimensi\u00f3n, que fueron capaces de dar la vuelta a sus vidas de una forma extrema. Antonio Borjas Romero, el abuelo, fue abandonado en las escaleras de una iglesia de Maracaibo en la misma calle que hoy lleva su nombre. De casi vivir de la mendicidad y la rapi\u00f1a de ni\u00f1o pas\u00f3 a convertirse en el cirujano m\u00e1s prestigioso de Venezuela y a fundar la universidad de su ciudad. <\/p>\n<p>Ana Mar\u00eda Rodr\u00edguez, la abuela, de or\u00edgenes tambi\u00e9n muy humildes, fue la ginec\u00f3loga y la primera mujer m\u00e9dico maracucha. Los dos pioneros con un destino marcado, la medicina, y la lucha socialista en un pa\u00eds convulso desde la aparici\u00f3n en escena del petr\u00f3leo, el oro negro que convirti\u00f3 una Venezuela de pescadores y agricultores en otra muy distinta donde el poder del dinero y la codicia manejaba la pol\u00edtica y las relaciones sociales.<\/p>\n<p>Pero no es una novela pol\u00edtica, es una historia de vida, de superaci\u00f3n, de \u00e9xito en un territorio donde la realidad se mezcla con lo m\u00e1gico y las leyendas. Aun as\u00ed, Antonio y Ana Mar\u00eda representaron la verdad en la Venezuela de los a\u00f1os cincuenta y sesenta. Cuenta Bonnefoy que \u00abfueron una pareja emblem\u00e1tica que hicieron de su profesi\u00f3n una actividad social y pol\u00edtica\u00bb. Representaron una Venezuela sumida en una espera infinita de la revoluci\u00f3n definitiva, que tampoco fue el chavismo al que no lleg\u00f3 Antonio, pero con el que se ilusion\u00f3 Ana Mar\u00eda en los \u00faltimos a\u00f1os de su vida.<\/p>\n<p>Los dos \u00faltimos personajes son la hija a la que llamaron Venezuela por nacer durante un mot\u00edn revolucionario y su hijo Crist\u00f3bal, trasunto del escritor Miguel Bonnefoy, que hace el camino de vuelta para escribir esta historia. De vuelta porque Venezuela se neg\u00f3 a que le marcara el camino la medicina y decidi\u00f3 salir del pa\u00eds. Se exili\u00f3 en Par\u00eds y all\u00ed conoci\u00f3 a su marido, un revolucionario chileno que tuvo que abandonar su pa\u00eds tras ser torturado por el r\u00e9gimen de Pinochet. En Par\u00eds naci\u00f3 Miguel, el Crist\u00f3bal de &#8216;El sue\u00f1o del jaguar&#8217;, que vuelve a la tierra de sus ancestros a reescribir esta historia m\u00e1gica y familiar cuando todav\u00eda vive en Maracaibo la abuela Ana Mar\u00eda. Fue la que le di\u00f3 la clave cuando cre\u00eda que podr\u00eda escribir esta novela sin salir de la habitaci\u00f3n. Le dijo \u00absi quieres ser escritor, habla con quienes no lo son\u00bb.<\/p>\n<p>Adem\u00e1s de la novela de Miguel Bonnefoy &#8216;El sue\u00f1o del jaguar&#8217; (Libros del Asteroide) , en la Biblioteca de Hoy por Hoy hemos hablado de otros libros. Nuestro invitado, adem\u00e1s de su novela, nos ha donado &#8216;Un puente sobre el Drina&#8217; de Ivo Andric (De Bolsillo) que nos lleva al m\u00edtico puente bosnio que separa dos culturas, la musulmana y la cristiana. Tambi\u00e9n tuvimos novedades de la mano del empleado Pepe Rubio: &#8216;D\u00edas en la historia del silencio&#8217; de Merethe Lindstrom (Errata Naturae) y &#8216;Buenos Aires, libro de mitos&#8217; de Jorge Carri\u00f3n (Tintablanca).<\/p>\n<p>Pascual Donate, el empleado que rescata libros abandonados en la redacci\u00f3n de la SER, recuper\u00f3 para nuestras estanter\u00edas &#8216;Nuestras primeras veces\u00bb de Nicol\u00e1s Teyssandier (Perif\u00e9rica) y finalmente Antonio Mart\u00ednez Asensio nos cont\u00f3 en tres minutos &#8216;La l\u00ednea de sombra&#8217; de Joseph Conrad (alianza) y nos dej\u00f3 adem\u00e1s el libro que contar\u00e1 en su programa &#8216;Un libro, una hora&#8217;: &#8216;Tormento&#8217; de Benito P\u00e9rez Gald\u00f3s (Alianza). Completaron la lista de donaciones , como todos los viernes, los oyentes con: &#8216;Cr\u00f3nicas&#8217; Bob Dylan (Malpaso) e &#8216;Hijos del ancho mundo&#8217; Abraham Verghese. <\/p>\n<p><img decoding=\"async\" src=\"https:\/\/www.europesays.com\/es\/wp-content\/uploads\/2025\/10\/WFJU5UTKOVCODHL75JV2RQPM4U.jpg\" alt=\"'El sue\u00f1o del jaguar', de Miguel Bonnefoy\" width=\"650\" height=\"975\"  loading=\"lazy\"\/><\/p>\n<p>&#8216;El sue\u00f1o del jaguar&#8217;, de Miguel Bonnefoy<\/p>\n<p>Ampliar<img decoding=\"async\" src=\"https:\/\/www.europesays.com\/es\/wp-content\/uploads\/2025\/10\/1759503624_278_WFJU5UTKOVCODHL75JV2RQPM4U.jpg\" alt=\"'El sue\u00f1o del jaguar', de Miguel Bonnefoy\" width=\"650\" height=\"975\" loading=\"lazy\"\/><\/p>\n<p>&#8216;El sue\u00f1o del jaguar&#8217;, de Miguel Bonnefoy<\/p>\n<p>Cerrar<\/p>\n","protected":false},"excerpt":{"rendered":"El sue\u00f1o del jaguar es una novela escrita en franc\u00e9s, traducida al castellano por Regina L\u00f3pez Mu\u00f1oz y&hellip;\n","protected":false},"author":2,"featured_media":155051,"comment_status":"","ping_status":"","sticky":false,"template":"","format":"standard","meta":{"footnotes":""},"categories":[172],"tags":[224,146,147,25,24,225,23],"class_list":{"0":"post-155050","1":"post","2":"type-post","3":"status-publish","4":"format-standard","5":"has-post-thumbnail","7":"category-libros","8":"tag-books","9":"tag-entertainment","10":"tag-entretenimiento","11":"tag-es","12":"tag-espana","13":"tag-libros","14":"tag-spain"},"share_on_mastodon":{"url":"","error":""},"_links":{"self":[{"href":"https:\/\/www.europesays.com\/es\/wp-json\/wp\/v2\/posts\/155050","targetHints":{"allow":["GET"]}}],"collection":[{"href":"https:\/\/www.europesays.com\/es\/wp-json\/wp\/v2\/posts"}],"about":[{"href":"https:\/\/www.europesays.com\/es\/wp-json\/wp\/v2\/types\/post"}],"author":[{"embeddable":true,"href":"https:\/\/www.europesays.com\/es\/wp-json\/wp\/v2\/users\/2"}],"replies":[{"embeddable":true,"href":"https:\/\/www.europesays.com\/es\/wp-json\/wp\/v2\/comments?post=155050"}],"version-history":[{"count":0,"href":"https:\/\/www.europesays.com\/es\/wp-json\/wp\/v2\/posts\/155050\/revisions"}],"wp:featuredmedia":[{"embeddable":true,"href":"https:\/\/www.europesays.com\/es\/wp-json\/wp\/v2\/media\/155051"}],"wp:attachment":[{"href":"https:\/\/www.europesays.com\/es\/wp-json\/wp\/v2\/media?parent=155050"}],"wp:term":[{"taxonomy":"category","embeddable":true,"href":"https:\/\/www.europesays.com\/es\/wp-json\/wp\/v2\/categories?post=155050"},{"taxonomy":"post_tag","embeddable":true,"href":"https:\/\/www.europesays.com\/es\/wp-json\/wp\/v2\/tags?post=155050"}],"curies":[{"name":"wp","href":"https:\/\/api.w.org\/{rel}","templated":true}]}}