{"id":155054,"date":"2025-10-03T15:06:08","date_gmt":"2025-10-03T15:06:08","guid":{"rendered":"https:\/\/www.europesays.com\/es\/155054\/"},"modified":"2025-10-03T15:06:08","modified_gmt":"2025-10-03T15:06:08","slug":"fans-mexicanos-celebran-el-lanzamiento-de-the-life-of-a-showgirl-de-taylor-swift","status":"publish","type":"post","link":"https:\/\/www.europesays.com\/es\/155054\/","title":{"rendered":"Fans mexicanos celebran el lanzamiento de \u201cThe Life of a Showgirl\u201d de Taylor Swift"},"content":{"rendered":"<p>CIUDAD DE M\u00c9XICO (AP) \u2014 Una cuenta regresiva, gritos de emoci\u00f3n y una lectura meticulosa de cada una de las letras marcaron el lanzamiento de \u201cThe Life of a Showgirl\u201d de Taylor Swift el jueves por la noche en la Ciudad de M\u00e9xico.<\/p>\n<p>Los \u201cswifties\u201d mexicanos se reunieron en sitios como restaurantes para ser los primeros en disfrutar del 12\u00ba \u00e1lbum de estudio de la cantautora estadounidense y horas m\u00e1s tarde planeaban continuar con la fiesta en las salas de cine con las funciones especiales de \u201cThe Official Release Party of a Showgirl\u201d, para muchas de las cuales se estaban agotando los boletos.<\/p>\n<p>\u201cOtra cosa por la que voy a tener que competir\u201d, dijo Jacqueline Vargas, m\u00e9dico residente de 29 a\u00f1os, en curso de obtener su especialidad de anestesiolog\u00eda.<\/p>\n<p>Vargas se encontraba en una fiesta el jueves por la noche y hab\u00eda ganado el tercer lugar de una trivia de Swift a quien escucha desde 2009 y a la que pudo ver en uno de sus conciertos en M\u00e9xico el a\u00f1o pasado.<\/p>\n<p>La joven se\u00f1al\u00f3 que lo que m\u00e1s le gusta de Taylor, a quien escucha diariamente, es la forma en la que escribe pues explica muy bien \u201cla experiencia femenina\u201d.<\/p>\n<p>Esperaba que \u201cThe Life of a Showgirl\u201d fuera un \u00e1lbum con m\u00e1s pop y como muchos fans estaba a la expectativa de saber qu\u00e9 pasar\u00e1 ahora que Swift est\u00e1 por convertirse en una mujer casada tras su compromiso con el jugador de f\u00fatbol americano Travis Kelce.<\/p>\n<p>\u201cLa verdad es que estoy nerviosa porque no s\u00e9 qu\u00e9 esperar de este \u00e1lbum\u201d, se\u00f1al\u00f3. \u201cTengo fe porque cuando sac\u00f3 el \u2018Lover\u2019 dijo que ella pensaba que como estaba muy enamorada, pensaba que a lo mejor ya no iba a poder escribir canciones de break up (ruptura) y pues s\u00ed, escribi\u00f3 \u2018Death By A Thousand Cuts\u2019 que es una canci\u00f3n s\u00faper de break up, muy dolorosa, entonces yo creo que su creatividad no se va a ir, pero s\u00ed se va a enfocar como en otras cosas\u201d.<\/p>\n<p>En otra mesa, en la misma fiesta, se encontraba Brenda Mart\u00ednez, de 32 a\u00f1os, empleada de una aerol\u00ednea, quien iba con un vestido de lentejuelas naranja.<\/p>\n<p>\u201cEs nuestra reina, verdaderamente nuestra reina\u201d, dijo sobre el impacto que ha tenido en su generaci\u00f3n Swift. \u201cSus experiencias son experiencias que vivimos las personas que tendemos a romantizar las situaciones de la vida. Y eso es algo con lo cual yo me relaciono mucho\u201d.<\/p>\n<p>La primera canci\u00f3n que le llam\u00f3 la atenci\u00f3n de Swift fue \u201cYou Belong With Me\u201d, cuando ten\u00eda unos 13 a\u00f1os y ella misma se imaginaba una historia de amor con su vecino, como en el famoso video de la canci\u00f3n.<\/p>\n<p>Mart\u00ednez, quien tambi\u00e9n escucha a Swift todos los d\u00edas, fue al primer concierto que dio la artista en M\u00e9xico el a\u00f1o pasado, pero tambi\u00e9n ha seguido su pista por otras partes del mundo. La fue a ver en Chicago, Vancouver y Madrid.<\/p>\n<p>\u201cLiteral, yo viaj\u00e9 por el mundo en busca de esta mujer\u201d, se\u00f1al\u00f3.<\/p>\n<p>Esta era su primera experiencia escuchando un \u00e1lbum en su lanzamiento con otros swifties, o fans de la artista. Para el viernes tambi\u00e9n pensaba ir a la fiesta oficial en el cine.<\/p>\n<p>\u201cYa tenemos todo listo para ma\u00f1ana\u201d, dijo.<\/p>\n<p>Jos\u00e9 Mar\u00eda Bastida, poeta y escritor de 32 a\u00f1os, era uno de los mejores vestidos de la fiesta del jueves, llevaba un chaleco de lentejuelas naranja y un sombrero de copa. Era tambi\u00e9n su primera fiesta de lanzamiento de \u00e1lbum de Swift y estaba seguro de que ser\u00eda un disco especial.<\/p>\n<p>\u201cNo hab\u00edamos visto esa faceta como m\u00e1s sexy de Taylor\u201d, apunt\u00f3. \u201cYo creo que por el momento en el que est\u00e1, muy contenta, muy plena, est\u00e1 experimentando justamente con la seguridad que le representa todo el hecho de haber sido tan exitosa y justamente ahorita estar con una pareja, que es lo que siempre ha querido\u201d.<\/p>\n<p>Bastida escucha a Swift a diario, dijo que le gusta mucho el metal, pero la forma de escribir de Swift y los sentimientos que evoca lo cautivaron. La vio en concierto en M\u00e9xico en 2024 y aprendi\u00f3 a tocar algunas de sus canciones en el piano. Tambi\u00e9n la acredit\u00f3 por haberlo hecho retomar la literatura.<\/p>\n<p>\u201cJusto me orill\u00f3 a volver a escribir porque lo hab\u00eda dejado de hacer mucho tiempo\u201d, dijo. Ella \u201cse adapta bastante para poder escribir y te transmite algo con met\u00e1foras que son muy entendibles para el p\u00fablico en general\u201d.<\/p>\n<p>Su \u00e1lbum favorito de Swift es \u201cThe Tortured Poets Department\u201d.<\/p>\n","protected":false},"excerpt":{"rendered":"CIUDAD DE M\u00c9XICO (AP) \u2014 Una cuenta regresiva, gritos de emoci\u00f3n y una lectura meticulosa de cada una&hellip;\n","protected":false},"author":2,"featured_media":155055,"comment_status":"","ping_status":"","sticky":false,"template":"","format":"standard","meta":{"footnotes":""},"categories":[91],"tags":[20385,146,147,25,24,2793,10,23],"class_list":{"0":"post-155054","1":"post","2":"type-post","3":"status-publish","4":"format-standard","5":"has-post-thumbnail","7":"category-entretenimiento","8":"tag-arts-and-entertainment","9":"tag-entertainment","10":"tag-entretenimiento","11":"tag-es","12":"tag-espana","13":"tag-espectaculos","14":"tag-noticias","15":"tag-spain"},"share_on_mastodon":{"url":"","error":""},"_links":{"self":[{"href":"https:\/\/www.europesays.com\/es\/wp-json\/wp\/v2\/posts\/155054","targetHints":{"allow":["GET"]}}],"collection":[{"href":"https:\/\/www.europesays.com\/es\/wp-json\/wp\/v2\/posts"}],"about":[{"href":"https:\/\/www.europesays.com\/es\/wp-json\/wp\/v2\/types\/post"}],"author":[{"embeddable":true,"href":"https:\/\/www.europesays.com\/es\/wp-json\/wp\/v2\/users\/2"}],"replies":[{"embeddable":true,"href":"https:\/\/www.europesays.com\/es\/wp-json\/wp\/v2\/comments?post=155054"}],"version-history":[{"count":0,"href":"https:\/\/www.europesays.com\/es\/wp-json\/wp\/v2\/posts\/155054\/revisions"}],"wp:featuredmedia":[{"embeddable":true,"href":"https:\/\/www.europesays.com\/es\/wp-json\/wp\/v2\/media\/155055"}],"wp:attachment":[{"href":"https:\/\/www.europesays.com\/es\/wp-json\/wp\/v2\/media?parent=155054"}],"wp:term":[{"taxonomy":"category","embeddable":true,"href":"https:\/\/www.europesays.com\/es\/wp-json\/wp\/v2\/categories?post=155054"},{"taxonomy":"post_tag","embeddable":true,"href":"https:\/\/www.europesays.com\/es\/wp-json\/wp\/v2\/tags?post=155054"}],"curies":[{"name":"wp","href":"https:\/\/api.w.org\/{rel}","templated":true}]}}