{"id":155062,"date":"2025-10-03T15:10:06","date_gmt":"2025-10-03T15:10:06","guid":{"rendered":"https:\/\/www.europesays.com\/es\/155062\/"},"modified":"2025-10-03T15:10:06","modified_gmt":"2025-10-03T15:10:06","slug":"juanma-moreno-pone-en-marcha-un-plan-de-choque-para-corregir-el-problema-en-cribado-de-cancer-de-mama","status":"publish","type":"post","link":"https:\/\/www.europesays.com\/es\/155062\/","title":{"rendered":"Juanma Moreno pone en marcha un plan de choque para \u00abcorregir el problema\u00bb en cribado de c\u00e1ncer de mama"},"content":{"rendered":"<p style=\"\">El gran problema en el programa de cribado de c\u00e1ncer de mama es lo que m\u00e1s preocupa ahora mismo al presidente de la Junta de Andaluc\u00eda<strong>, Juanma Moreno, y lo que le \u00abquita el sue\u00f1o\u00bb<\/strong>. Hasta el momento, se conoce que varias mujeres  &#8230; que fueron atendidas por este programa recibieron la llamada hasta un a\u00f1o y dos a\u00f1os despu\u00e9s por parte del sistema sanitario para pedirles nuevas pruebas y confirmar la aparici\u00f3n del tumor.<\/p>\n<p class=\"voc-p\" style=\"\"><strong>Un tiempo que se perdi\u00f3 y desperdici\u00f3,<\/strong> una demora inasumible y todav\u00eda sin explicaci\u00f3n, y que ha dejado en un estado de indefensi\u00f3n e incertidumbre a muchas usuarias a las que se comunic\u00f3 que si no hab\u00eda llamada, es que no hab\u00edan detectado nada maligno.<\/p>\n<p class=\"voc-p\" style=\"\">La oposici\u00f3n ha pedido el cese de la consejera de Sanidad, Roc\u00edo Hern\u00e1ndez, que ha descartado la dimisi\u00f3n ya que \u00abser\u00eda lo f\u00e1cil\u00bb y \u00abuna falta de responsabilidad\u00bb. Juanma Moreno ha dado el primer paso y este viernes ha anunciado que la pr\u00f3xima semana se dar\u00e1 a conocer un plan de choque para <strong>\u00abcorregir el problema\u00bb en el programa de cribado de c\u00e1ncer de mama,<\/strong> y ha a\u00f1adido que ya despu\u00e9s se tomar\u00e1 la \u00abdecisi\u00f3n en cuanto a las responsabilidades pol\u00edticas\u00bb.<\/p>\n<p>\n\u00abCentrar la energ\u00eda en resolver el problema\u00bb\n<\/p>\n<p class=\"voc-p\" style=\"\">Moreno ha querido dejar claro que, cuando hay un problema, lo primero \u00abes centrar toda la energ\u00eda en resolver el problema\u00bb, como se est\u00e1 haciendo \u00abahora mismo\u00bb. As\u00ed se ha pronunciado, en declaraciones a los medios de comunicaci\u00f3n en O Grove (Pontevedra), donde ha participado en el foro La Toja, tras ser preguntado sobre si tiene previsto <strong>cesar a la consejera de Salud y Consumo, Roc\u00edo Hern\u00e1ndez.<\/strong><\/p>\n<p class=\"voc-p\" style=\"\">Ha indicado que hoy mismo ha habido una reuni\u00f3n para abordar este asunto y que durante el fin de semana se seguir\u00e1 trabajando con el objeto de \u00ab<strong>detectar d\u00f3nde ha estado el problema, darle soluci\u00f3n<\/strong> al problema y despu\u00e9s buscar las <strong>responsabilidades<\/strong> de qui\u00e9n ha ocasionado el problema\u00ab.<\/p>\n<p class=\"voc-p\" style=\"\">\u00abPero creo que ahora, m\u00e1s que buscar responsabilidades, lo que tenemos que es solventar el problema\u00bb, ha se\u00f1alado Juanma Moreno, quien ha indicado que se est\u00e1 trabajando en <strong>un plan de choque<\/strong> que se dar\u00e1 a conocer la pr\u00f3xima semana con el fin de abordar un \u00ab<strong>cambio en el protocolo,<\/strong> en el que demos toda la informaci\u00f3n\u00ab.<\/p>\n<p>\nCambio en el protocolo\n<\/p>\n<p class=\"voc-p\" style=\"\">\u00abQue<strong> una por una,<\/strong> esas mujeres puedan ser atendidas de manera inminente, y algo que nos parece fundamental, vamos a cambiar el protocolo\u00ab, ha se\u00f1alado el presidente, en relaci\u00f3n a esas <strong>2.000 mujeres<\/strong> a las que se va a llamar para hacerles pruebas pendientes por posible duda de c\u00e1ncer de mama.<\/p>\n<p class=\"voc-p\" style=\"\">Para el presidente, la situaci\u00f3n que lamentablemente se ha producido va a servir para <strong>mejorar y perfeccionar todo el programa de cribado<\/strong> de c\u00e1ncer de mama, y otros posibles cribados.<\/p>\n<p class=\"voc-p\" style=\"\">Ha explicado que el actual protocolo consist\u00eda, porque adem\u00e1s tambi\u00e9n los profesionales \u00abas\u00ed lo dec\u00edan\u00bb, en \u00abusted tiene c\u00e1ncer o no tiene c\u00e1ncer, y cuando un radi\u00f3logo o un especialista ten\u00eda <strong>dudas<\/strong>, lo que hac\u00eda era dejarlo en suspensi\u00f3n, y no se le comunicaba a la mujer para no generar la incertidumbre\u00ab. Ha dicho que, afortunadamente, el 98 por ciento de las pruebas que se hacen \u00bbno dan positivo\u00ab en c\u00e1ncer, pero cuando \u00bbhay alg\u00fan posible indicio de futuro, lo que se hace es<strong> no introducir un elemento de ansiedad al paciente,<\/strong> se decide no decirle nada y ya se le hacen pruebas posteriores\u00ab.<\/p>\n<p class=\"voc-p\" style=\"\">Ha indicado que se trata de cambiar esto y que el \u00ab<strong>paciente tenga toda la informaci\u00f3n,<\/strong> y sabiendo que la probabilidad de que tenga c\u00e1ncer es m\u00ednima, pero que al menos s\u00ed tenga conocimiento de esa informaci\u00f3n previa, y le haremos, l\u00f3gicamente, el seguimiento a trav\u00e9s del Servicio Andaluz de Salud\u00ab.<\/p>\n<p>\n\u00abEs mi obsesi\u00f3n y ahora mismo me quita el sue\u00f1o\u00bb\n<\/p>\n<p class=\"voc-p\" style=\"\">Juanma Moreno ha explicado que esta situaci\u00f3n con el cribado de c\u00e1ncer de mama ha llevado a \u00abauditarlo todo\u00bb para conocer <strong>si ha habido tambi\u00e9n un problema con otras pruebas<\/strong> para detectar c\u00e1ncer.<\/p>\n<p class=\"voc-p\" style=\"\">En cuanto a la asunci\u00f3n de responsabilidades pol\u00edticas, ha insistido en que ahora mismo lo \u00fanico que a \u00e9l le preocupa es \u00abchequear a esas 2.000 mujeres\u00bb: <strong>\u00abEs mi obsesi\u00f3n y ahora mismo lo que me quita el sue\u00f1o\u00bb<\/strong>. Ha apuntado que los especialistas le han trasladado que la \u00abinmensa mayor\u00eda\u00bb de esas mujeres no van a estar en una situaci\u00f3n de c\u00e1ncer de mama, pero que \u00e9l quiere \u00abque de manera r\u00e1pida y \u00e1gil\u00bb se les hagan las nuevas pruebas.<\/p>\n<p class=\"voc-p\" style=\"\">Ha a\u00f1adido que una vez detectados los posibles errores, disfunciones o incorrecciones en el programa y corregidos, <strong>se ver\u00e1 \u00abqui\u00e9n est\u00e1 detr\u00e1s de esa responsabilidad:<\/strong> hay un director general, hay un jefe de servicio, hay una consejera, un viceconsejero, y, a partir de ah\u00ed, l\u00f3gicamente, tomaremos una decisi\u00f3n en cuanto a las responsabilidades pol\u00edticas\u00ab. Adem\u00e1s, el presidente ha lamentado que \u00e9l mismo no haya contado con la informaci\u00f3n sobre lo que estaba ocurriendo con el retraso en las pruebas hasta el \u00bblunes por la noche\u00ab. \u00bbUn error en materia de informaci\u00f3n\u00ab, seg\u00fan ha apuntado, que tambi\u00e9n se tiene que corregir.<\/p>\n<p class=\"voc-p\" style=\"\">Moreno ha querido trasladar el \u00abm\u00e1ximo cari\u00f1o y respeto\u00bb hacia esas mujeres que puedan estar viviendo ahora la enorme inquietud de si tienen un c\u00e1ncer de mama, y ha defendido que <strong>Andaluc\u00eda cuenta con el sistema de cribado \u00abm\u00e1s potente que hay en toda Espa\u00f1a\u00bb,<\/strong> pero, sin duda, hay que \u00abmejorar\u00bb determinadas cosas para que no vuelva a ocurrir lo ocurrido.<\/p>\n<p class=\"voc-p\" style=\"\">Ha expuesto que en Andaluc\u00eda, \u00abla atenci\u00f3n al c\u00e1ncer de mama\u00bb es a 1,2 millones de personas al a\u00f1o y ha pedido <strong>no echar \u00abpor tierra toda una labor<\/strong> de muchos profesionales, de muchas cosas que se hacen francamente bien y que salvan vidas\u00ab.<\/p>\n<p class=\"voc-p\" style=\"\">A la pregunta de si se plantea adelantar las elecciones a ra\u00edz de este asunto, ha indicado que \u00abno tiene nada que ver una cosa con la otra, absolutamente nada\u00bb, y ha insistido en que la prioridad ahora es resolver un problema \u00abpuntual\u00bb y \u00abgrave\u00bb, en el que hay que poner \u00abtodo el inter\u00e9s y todas nuestras capacidades\u00bb.<\/p>\n","protected":false},"excerpt":{"rendered":"El gran problema en el programa de cribado de c\u00e1ncer de mama es lo que m\u00e1s preocupa ahora&hellip;\n","protected":false},"author":2,"featured_media":155063,"comment_status":"","ping_status":"","sticky":false,"template":"","format":"standard","meta":{"footnotes":""},"categories":[8],"tags":[17,18,1066,17905,29880,1449,25,24,13,14,11,20482,19,20,4917,3402,1712,9,10,15,16,2568,1150,9632,23,12,21,22],"class_list":{"0":"post-155062","1":"post","2":"type-post","3":"status-publish","4":"format-standard","5":"has-post-thumbnail","7":"category-espana","8":"tag-breaking-news","9":"tag-breakingnews","10":"tag-cancer","11":"tag-choque","12":"tag-corregir","13":"tag-cribado","14":"tag-es","15":"tag-espana","16":"tag-featured-news","17":"tag-featurednews","18":"tag-headlines","19":"tag-juanma","20":"tag-latest-news","21":"tag-latestnews","22":"tag-mama","23":"tag-marcha","24":"tag-moreno","25":"tag-news","26":"tag-noticias","27":"tag-noticias-destacadas","28":"tag-noticiasdestacadas","29":"tag-plan","30":"tag-pone","31":"tag-problema","32":"tag-spain","33":"tag-titulares","34":"tag-ultimas-noticias","35":"tag-ultimasnoticias"},"share_on_mastodon":{"url":"","error":""},"_links":{"self":[{"href":"https:\/\/www.europesays.com\/es\/wp-json\/wp\/v2\/posts\/155062","targetHints":{"allow":["GET"]}}],"collection":[{"href":"https:\/\/www.europesays.com\/es\/wp-json\/wp\/v2\/posts"}],"about":[{"href":"https:\/\/www.europesays.com\/es\/wp-json\/wp\/v2\/types\/post"}],"author":[{"embeddable":true,"href":"https:\/\/www.europesays.com\/es\/wp-json\/wp\/v2\/users\/2"}],"replies":[{"embeddable":true,"href":"https:\/\/www.europesays.com\/es\/wp-json\/wp\/v2\/comments?post=155062"}],"version-history":[{"count":0,"href":"https:\/\/www.europesays.com\/es\/wp-json\/wp\/v2\/posts\/155062\/revisions"}],"wp:featuredmedia":[{"embeddable":true,"href":"https:\/\/www.europesays.com\/es\/wp-json\/wp\/v2\/media\/155063"}],"wp:attachment":[{"href":"https:\/\/www.europesays.com\/es\/wp-json\/wp\/v2\/media?parent=155062"}],"wp:term":[{"taxonomy":"category","embeddable":true,"href":"https:\/\/www.europesays.com\/es\/wp-json\/wp\/v2\/categories?post=155062"},{"taxonomy":"post_tag","embeddable":true,"href":"https:\/\/www.europesays.com\/es\/wp-json\/wp\/v2\/tags?post=155062"}],"curies":[{"name":"wp","href":"https:\/\/api.w.org\/{rel}","templated":true}]}}