{"id":155064,"date":"2025-10-03T15:11:19","date_gmt":"2025-10-03T15:11:19","guid":{"rendered":"https:\/\/www.europesays.com\/es\/155064\/"},"modified":"2025-10-03T15:11:19","modified_gmt":"2025-10-03T15:11:19","slug":"el-gobierno-exige-a-israel-que-proteja-los-derechos-de-los-detenidos-de-la-flotilla-defienden-una-causa-justa","status":"publish","type":"post","link":"https:\/\/www.europesays.com\/es\/155064\/","title":{"rendered":"El Gobierno exige a Israel que \u00abproteja los derechos\u00bb de los detenidos de la Flotilla: \u00abDefienden una causa justa\u00bb"},"content":{"rendered":"<p id=\"paragraph_1\">El Gobierno de Espa\u00f1a ha exigido este viernes al Estado de Israel que \u00abproteja los derechos\u00bb de los miembros de la Flotilla de la Libertad que han sido detenidos por las autoridades israel\u00edes. \u00abDefienden una causa justa\u00bb, ha afirmado desde Le\u00f3n el ministro de la Presidencia, Justicia y Relaciones con las Cortes, F\u00e9lix Bola\u00f1os.<\/p>\n<p class=\"paragraph\" id=\"paragraph_2\">\u00abEl Gobierno de Espa\u00f1a ya ha trasladado al Gobierno de Israel que se han de proteger los derechos no solo de los integrantes de la Flotilla que son espa\u00f1oles sino de todos los integrantes de la Flotilla\u00bb, ha se\u00f1alado, asegurando que esas personas \u00abest\u00e1n defendiendo una causa justa que es acabar con el genocidio en Palestina\u00bb y que \u00abtienen el apoyo\u00bb del Ejecutivo de Pedro S\u00e1nchez.<\/p>\n<p class=\"paragraph\" id=\"paragraph_3\">Adem\u00e1s, ha informado de que la Embajada \u00abest\u00e1 movilizada\u00bb y que el c\u00f3nsul \u00abse ha desplazado para darles toda la asistencia diplom\u00e1tica y consular que necesiten a los compatriotas espa\u00f1oles que est\u00e1n en esa Flotilla\u00bb. \u00abEstamos encima y protegiendo sus derechos\u00bb, ha insistido.<\/p>\n<p><img loading=\"lazy\" decoding=\"async\" alt=\"Concentraci\u00f3n de estudiantes en favor de Gaza en Valladolid\" height=\"180\" src=\"https:\/\/www.europesays.com\/es\/wp-content\/uploads\/2025\/10\/1003743951322_259125184_320x180.jpg\" width=\"320\" data-lazy-status=\"processed\" data-lazy-info=\"remove loading item 1\"\/><\/p>\n<p class=\"paragraph\" id=\"paragraph_4\">Bola\u00f1os ha enviado tambi\u00e9n su apoyo a las \u00abcientos de miles de personas\u00bb que se est\u00e1n manifestando por todo el mundo \u00abpor una causa justa, que es acabar con el genocidio de Israel\u00bb.<\/p>\n<p class=\"paragraph\" id=\"paragraph_5\">\u00abTienen todo mi reconocimiento y toda mi admiraci\u00f3n porque se est\u00e1n manifestando en manifestaciones pac\u00edficas para presionar al Gobierno de Israel para que termine con el genocidio y est\u00e1n dando un ejemplo al mundo y quiero trasladarles toda mi solidaridad y toda mi admiraci\u00f3n\u00bb, ha afirmado el ministro.<\/p>\n<p>Blindar el aborto<\/p>\n<p class=\"paragraph\" id=\"paragraph_6\">Bola\u00f1os ha defendido tambi\u00e9n la iniciativa del Gobierno para blindar el derecho al aborto en la Constituci\u00f3n. \u00abLos primeros impulsos reaccionarios de las derechas siempre son contra los derechos de la mujer y contra el aborto y desde el Gobierno siempre ponemos pie en pared y frenamos esos impulsos reaccionarios que tienen las derechas\u00bb, ha afirmado.<\/p>\n<p><img decoding=\"async\" alt=\"Arturo Due\u00f1as atiende a EL ESPA\u00d1OL de Castilla y Le\u00f3n\" height=\"180\" loading=\"lazy\" width=\"320\" data-lazy-status=\"processed\" id=\"47097c90fa\" src=\"https:\/\/www.elespanol.com\/castilla-y-leon\/region\/leon\/20251003\/gobierno-exige-israel-proteja-derechos-detenidos-flotilla-defienden-causa-justa\/[\" https:=\"\" data-lazy-info=\"changed src\"\/><\/p>\n<p class=\"paragraph\" id=\"paragraph_7\">El ministro ha asegurado que \u00abha llegado el momento de que el derecho a la interrupci\u00f3n voluntaria del embarazo sea un derecho constitucional\u00bb. \u00abTenemos que dar un paso adelante para garantizar a las mujeres de nuestro pa\u00eds que nunca habr\u00e1 retrocesos para acabar con el derecho al aborto\u00bb, ha afirmado.<\/p>\n<p class=\"paragraph\" id=\"paragraph_8\">Bola\u00f1os ha defendido que las mujeres \u00abpuedan tomar decisiones con autonom\u00eda y con total libertad sobre su cuerpo\u00bb y ha recriminado al PP su oposici\u00f3n a la medida. \u00abDebe decidir si est\u00e1 al lado de las mujeres y sus derechos o de la ultraderecha reaccionaria\u00bb, ha se\u00f1alado, en la misma l\u00ednea que la ministra de Igualdad, Ana Redondo, que ha pedido \u00abresponsabilidad\u00bb a los populares.<\/p>\n<p>Violencia contra las mujeres<\/p>\n<p class=\"paragraph\" id=\"paragraph_9\">El ministro se ha congratulado de que este viernes, 3 de octubre de 2025, Espa\u00f1a \u00abcumple con el tratado internacional que es el Convenio de Estambul\u00bb y que \u00abdesde hoy todos los delitos que se cometan contra las mujeres que sean violencia contra las mujeres se van a conocer en los juzgados de violencia contra la mujer\u00bb.<\/p>\n<p class=\"paragraph\" id=\"paragraph_10\">\u00abEs un avance fundamental en la protecci\u00f3n de las mujeres en nuestro pa\u00eds, cumplimos con el Convenio de Estambul con m\u00e1s de 14 a\u00f1os de retraso, a partir de hoy las mujeres que sufran violencia ver\u00e1n como se tramitan sus causas judiciales por jueces especializados, formados en detalle en materias que tienen que ver en violencia contra la mujer\u00bb, ha afirmado.<\/p>\n<p class=\"paragraph\" id=\"paragraph_11\">Y ha asegurado que se trata de \u00abun paso adelante fundamental en la protecci\u00f3n de los derechos de la mujer cuando sufren violencia\u00bb. \u00abHoy el avance es para estar felices y contentos porque hoy lo que hacemos es cumplir con un tratado internacional y proteger mejor y con m\u00e1s medios a las mujeres\u00bb, ha zanjado.<\/p>\n","protected":false},"excerpt":{"rendered":"El Gobierno de Espa\u00f1a ha exigido este viernes al Estado de Israel que \u00abproteja los derechos\u00bb de los&hellip;\n","protected":false},"author":2,"featured_media":155065,"comment_status":"","ping_status":"","sticky":false,"template":"","format":"standard","meta":{"footnotes":""},"categories":[5],"tags":[17,18,3590,10813,25,24,13,14,2165,248,11,74,19,20,4108,46540,9,10,15,16,76,952,23,12,21,22],"class_list":{"0":"post-155064","1":"post","2":"type-post","3":"status-publish","4":"format-standard","5":"has-post-thumbnail","7":"category-titulares","8":"tag-breaking-news","9":"tag-breakingnews","10":"tag-castilla-y-leon","11":"tag-conflicto-palestino-israeli","12":"tag-es","13":"tag-espana","14":"tag-featured-news","15":"tag-featurednews","16":"tag-felix-bolanos-garcia","17":"tag-gobierno-de-espana","18":"tag-headlines","19":"tag-israel","20":"tag-latest-news","21":"tag-latestnews","22":"tag-leon","23":"tag-leon-municipio","24":"tag-news","25":"tag-noticias","26":"tag-noticias-destacadas","27":"tag-noticiasdestacadas","28":"tag-palestina","29":"tag-politica","30":"tag-spain","31":"tag-titulares","32":"tag-ultimas-noticias","33":"tag-ultimasnoticias"},"share_on_mastodon":{"url":"","error":""},"_links":{"self":[{"href":"https:\/\/www.europesays.com\/es\/wp-json\/wp\/v2\/posts\/155064","targetHints":{"allow":["GET"]}}],"collection":[{"href":"https:\/\/www.europesays.com\/es\/wp-json\/wp\/v2\/posts"}],"about":[{"href":"https:\/\/www.europesays.com\/es\/wp-json\/wp\/v2\/types\/post"}],"author":[{"embeddable":true,"href":"https:\/\/www.europesays.com\/es\/wp-json\/wp\/v2\/users\/2"}],"replies":[{"embeddable":true,"href":"https:\/\/www.europesays.com\/es\/wp-json\/wp\/v2\/comments?post=155064"}],"version-history":[{"count":0,"href":"https:\/\/www.europesays.com\/es\/wp-json\/wp\/v2\/posts\/155064\/revisions"}],"wp:featuredmedia":[{"embeddable":true,"href":"https:\/\/www.europesays.com\/es\/wp-json\/wp\/v2\/media\/155065"}],"wp:attachment":[{"href":"https:\/\/www.europesays.com\/es\/wp-json\/wp\/v2\/media?parent=155064"}],"wp:term":[{"taxonomy":"category","embeddable":true,"href":"https:\/\/www.europesays.com\/es\/wp-json\/wp\/v2\/categories?post=155064"},{"taxonomy":"post_tag","embeddable":true,"href":"https:\/\/www.europesays.com\/es\/wp-json\/wp\/v2\/tags?post=155064"}],"curies":[{"name":"wp","href":"https:\/\/api.w.org\/{rel}","templated":true}]}}