{"id":155066,"date":"2025-10-03T15:12:19","date_gmt":"2025-10-03T15:12:19","guid":{"rendered":"https:\/\/www.europesays.com\/es\/155066\/"},"modified":"2025-10-03T15:12:19","modified_gmt":"2025-10-03T15:12:19","slug":"navarrete-acoge-un-clinic-de-balonmano-con-ambros-martin-y-raul-entrerrios","status":"publish","type":"post","link":"https:\/\/www.europesays.com\/es\/155066\/","title":{"rendered":"Navarrete acoge un cl\u00ednic de balonmano con Ambros Mart\u00edn y Ra\u00fal Entrerr\u00edos"},"content":{"rendered":"<p> El polideportivo Mar\u00eda Ram\u00edrez de Navarrete acoger\u00e1 este fin de semana un cl\u00ednic de balonmano para medio centenar de chavales. Y los nombres que  &#8230; llegan a impartir el cursillo son de un primer\u00edsimo nivel: el entrenador de la selecci\u00f3n espa\u00f1ola femenina, Ambros Mart\u00edn; el excentral espa\u00f1ol Ra\u00fal Entrerr\u00edos; el exportero del Ciudad de Logro\u00f1o y parte del cuerpo t\u00e9cnico de Las Guerreras, Jorge Mart\u00ednez, y los preparadores f\u00edsicos Mar\u00eda Cadens e Imanol Echezarreta.<\/p>\n<p class=\"v-p\">El programa de tecnificaci\u00f3n organizado por la Federaci\u00f3n riojana y la Federaci\u00f3n Espa\u00f1ola est\u00e1 destinado a jugadores (masculinos, para nacisdos del 2009 al 2011, y las chicas, del 2011 al 2013) y comenzar\u00e1 el s\u00e1bado a las 9.00 horas. A partir de entonces, el grupo se dividir\u00e1 en dos grupos, masculinos y femeninos. Las chicas trabajar\u00e1n con Ambros Mart\u00edn, Mar\u00eda Cadens y Jorge Mart\u00ednez, mientras que los varones lo har\u00e1n con Ra\u00fal Entrerr\u00edos, Echezarreta y Jorge Mart\u00ednez.<\/p>\n<p class=\"v-p\">Por la tarde, despu\u00e9s de comer, el cl\u00ednic comenzar\u00e1 a las 15.30 con una charla para los porteros por parte de Jorge Mart\u00ednez. Los entrenamientos continuar\u00e1n hasta las 19.15 y los participantes se desplazar\u00e1n a ver el partido entre el Sporting y el Zonzamas en el Palacio. La actividad acabar\u00e1 el domingo al mediod\u00eda.<\/p>\n","protected":false},"excerpt":{"rendered":"El polideportivo Mar\u00eda Ram\u00edrez de Navarrete acoger\u00e1 este fin de semana un cl\u00ednic de balonmano para medio centenar&hellip;\n","protected":false},"author":2,"featured_media":155067,"comment_status":"","ping_status":"","sticky":false,"template":"","format":"standard","meta":{"footnotes":""},"categories":[278],"tags":[771,46542,376,6285,168,28962,25,24,375,1730,46541,10571,23,167],"class_list":{"0":"post-155066","1":"post","2":"type-post","3":"status-publish","4":"format-standard","5":"has-post-thumbnail","7":"category-balonmano","8":"tag-acoge","9":"tag-ambros","10":"tag-balonmano","11":"tag-clinic","12":"tag-deportes","13":"tag-entrerrios","14":"tag-es","15":"tag-espana","16":"tag-handball","17":"tag-martin","18":"tag-navarrete","19":"tag-raul","20":"tag-spain","21":"tag-sports"},"share_on_mastodon":{"url":"","error":""},"_links":{"self":[{"href":"https:\/\/www.europesays.com\/es\/wp-json\/wp\/v2\/posts\/155066","targetHints":{"allow":["GET"]}}],"collection":[{"href":"https:\/\/www.europesays.com\/es\/wp-json\/wp\/v2\/posts"}],"about":[{"href":"https:\/\/www.europesays.com\/es\/wp-json\/wp\/v2\/types\/post"}],"author":[{"embeddable":true,"href":"https:\/\/www.europesays.com\/es\/wp-json\/wp\/v2\/users\/2"}],"replies":[{"embeddable":true,"href":"https:\/\/www.europesays.com\/es\/wp-json\/wp\/v2\/comments?post=155066"}],"version-history":[{"count":0,"href":"https:\/\/www.europesays.com\/es\/wp-json\/wp\/v2\/posts\/155066\/revisions"}],"wp:featuredmedia":[{"embeddable":true,"href":"https:\/\/www.europesays.com\/es\/wp-json\/wp\/v2\/media\/155067"}],"wp:attachment":[{"href":"https:\/\/www.europesays.com\/es\/wp-json\/wp\/v2\/media?parent=155066"}],"wp:term":[{"taxonomy":"category","embeddable":true,"href":"https:\/\/www.europesays.com\/es\/wp-json\/wp\/v2\/categories?post=155066"},{"taxonomy":"post_tag","embeddable":true,"href":"https:\/\/www.europesays.com\/es\/wp-json\/wp\/v2\/tags?post=155066"}],"curies":[{"name":"wp","href":"https:\/\/api.w.org\/{rel}","templated":true}]}}