{"id":155070,"date":"2025-10-03T15:14:17","date_gmt":"2025-10-03T15:14:17","guid":{"rendered":"https:\/\/www.europesays.com\/es\/155070\/"},"modified":"2025-10-03T15:14:17","modified_gmt":"2025-10-03T15:14:17","slug":"la-ufc-hace-oficial-el-segundo-combate-de-aleksandre-topuria","status":"publish","type":"post","link":"https:\/\/www.europesays.com\/es\/155070\/","title":{"rendered":"La UFC hace oficial el segundo combate de Aleksandre Topuria"},"content":{"rendered":"<p class=\"ft-text\"><strong>Aleksandre Topuria <\/strong>ya afila armas para el que ser\u00e1 su segundo combate en la UFC, la liga m\u00e1s prestigiosa de artes marciales mixtas del planeta. El &#8216;Conquistador&#8217; regresar\u00e1 al oct\u00e1gono el pr\u00f3ximo 22 de noviembre en el <a class=\"ft-link ft-link--decoration\" href=\"https:\/\/www.sport.es\/es\/ufc\/\" rel=\"nofollow noopener\" target=\"_blank\">UFC <\/a>Qatar, un Fight Night con aroma de evento numerado que tendr\u00e1 como plato fuerte el duelo entre Arman Tsarukyan y Dan Hooker.<a class=\"ft-link ft-link--decoration\" href=\"https:\/\/www.sport.es\/es\/noticias\/ufc\/aleksandre-topuria-regreso-ufc-22-121203818\" rel=\"nofollow noopener\" target=\"_blank\"> El hispanogeorgiano se enfrentar\u00e1 al kazajo Bezkat Almakhan, <\/a>un reto exigente para Aleks tras nueve meses de inactividad. Como no pod\u00eda ser de otra manera, en su esquina estar\u00e1 su hermano Ilia, actual campe\u00f3n del peso ligero y principal gu\u00eda del mayor de los Topuria.<\/p>\n<p class=\"ft-text\">El luchador hispanogeorgiano, de 29 a\u00f1os y con un balance profesional de 6 victorias y 1 derrota, disputar\u00e1 su segundo combate en la UFC tras debutar en febrero en el evento <strong>UFC 312: Strickland vs. Du Plessis 2<\/strong>. En esa ocasi\u00f3n, se impuso a Colby Thicknesse por decisi\u00f3n un\u00e1nime, dejando buenas sensaciones tanto en el intercambio de pie como en su dominio de la lucha, disciplina que ha sido la base de su formaci\u00f3n junto a su hermano Ilia. Aquella noche no lleg\u00f3 la finalizaci\u00f3n, pero s\u00ed un suplex de alt\u00edsimo nivel que qued\u00f3 como uno de los momentos m\u00e1s espectaculares de la velada.<\/p>\n<p>ALMAKHAN QUIERE AMARGAR LA FIESTA<\/p>\n<p class=\"ft-text\">El tiempo transcurrido desde entonces no ha sido casual. Aleksandre compagina su carrera con el papel de entrenador principal de su hermano, actual campe\u00f3n del mundo de peso pluma. Tras la ruptura con los hermanos Climent, su figura adquiri\u00f3 un peso decisivo en el equipo de Ilia, que acab\u00f3 coron\u00e1ndose frente a Alexander Volkanovski. Con el campe\u00f3n tom\u00e1ndose un descanso antes de volver a defender el cintur\u00f3n, es el turno del mayor de los Topuria, que tendr\u00e1 la oportunidad de demostrar su val\u00eda en Doha frente a un rival de alto riesgo.<\/p>\n<p class=\"ft-text\">Enfrente estar\u00e1 <strong>Bekzat Almakhan<\/strong>, peleador kazajo de 27 a\u00f1os con un r\u00e9cord de 12-2 y una pegada temible: 10 de sus triunfos han llegado por la v\u00eda r\u00e1pida, entre nocauts y TKO. Apodado The Turan Warrior, ya sabe lo que es medirse a lo m\u00e1s alto del peso gallo, pues en su estreno dentro de la compa\u00f1\u00eda perdi\u00f3 por decisi\u00f3n frente a Umar Nurmagomedov, primo de Khabib y una de las mayores promesas de la divisi\u00f3n. Con una victoria posterior, Almakhan llega dispuesto a arruinar la noche del Conquistador, y todo apunta a un duelo intenso y de alto voltaje.<\/p>\n<p>UN GRAN EVENTO<\/p>\n<p class=\"ft-text\">La promotora de Dana White sabe que Qatar pone mucho dinero encima de la mesa para albergar veladas de UFC, por lo que ha preparado una cartelera a la altura. Tsarukyan y Dan Hooker encabezar\u00e1n un Fight Night que podr\u00eda decidir cu\u00e1l es el pr\u00f3ximo retador al t\u00edtulo de las 155 libras. En el coestelar, el ex monarca del w\u00e9lter, Belal Muhammad, regresa a la acci\u00f3n frente a Ian Machado Garry, que en su \u00faltima aparici\u00f3n le quit\u00f3 el invicto en UFC a Carlos Prates por decisi\u00f3n. Orolbai, Menifield, Daniel Marcos, Asu Almabayev o el debutante Luke Riley son otros de los nombres interesantes que quieren dar espect\u00e1culo en el ABHA Arena de Doha.<\/p>\n<p><img decoding=\"async\" src=\"https:\/\/www.europesays.com\/es\/wp-content\/uploads\/2025\/10\/7d59dfe1-9b94-454e-b8bc-028fde5c4c28_alta-libre-aspect-ratio_default_0.jpg\" width=\"1200\" height=\"1500\" alt=\"Cartelera del UFC QATAR\" class=\"ft-helper-img-rd\" loading=\"lazy\" hasdataaida=\"true\"\/><\/p>\n<p class=\"ft-helper-fontColor-quaternary ft-helper-fontSize-body-S ft-helper-spacer-t-xxs\">Cartelera del UFC QATAR  \/ TWITTER<\/p>\n<p class=\"ft-text\">El peso gallo es, a d\u00eda de hoy, una de las divisiones m\u00e1s profundas de la UFC. El cintur\u00f3n lo posee <strong>Merab Dvalishvili<\/strong>, compatriota y amigo \u00edntimo de los Topuria, quien se medir\u00e1 a Cory Sandhagen en el UFC 320. Sin embargo, fuera del Top-15 tambi\u00e9n se acumulan talentos con enorme proyecci\u00f3n: Aleksandre es uno de ellos, junto a nombres emergentes como Raul Rosas Jr., Payton Talbott o Malcolm Wellmaker. Si el mayor de los Topuria logra salir victorioso en Doha, podr\u00eda empezar a abrirse paso en una categor\u00eda que no concede margen de error.<\/p>\n","protected":false},"excerpt":{"rendered":"Aleksandre Topuria ya afila armas para el que ser\u00e1 su segundo combate en la UFC, la liga m\u00e1s&hellip;\n","protected":false},"author":2,"featured_media":155071,"comment_status":"","ping_status":"","sticky":false,"template":"","format":"standard","meta":{"footnotes":""},"categories":[276],"tags":[5933,168,25,24,23,167,343,46544],"class_list":{"0":"post-155070","1":"post","2":"type-post","3":"status-publish","4":"format-standard","5":"has-post-thumbnail","7":"category-ufc","8":"tag-aleksandre-topuria","9":"tag-deportes","10":"tag-es","11":"tag-espana","12":"tag-spain","13":"tag-sports","14":"tag-ufc","15":"tag-ufc-qatar"},"share_on_mastodon":{"url":"","error":""},"_links":{"self":[{"href":"https:\/\/www.europesays.com\/es\/wp-json\/wp\/v2\/posts\/155070","targetHints":{"allow":["GET"]}}],"collection":[{"href":"https:\/\/www.europesays.com\/es\/wp-json\/wp\/v2\/posts"}],"about":[{"href":"https:\/\/www.europesays.com\/es\/wp-json\/wp\/v2\/types\/post"}],"author":[{"embeddable":true,"href":"https:\/\/www.europesays.com\/es\/wp-json\/wp\/v2\/users\/2"}],"replies":[{"embeddable":true,"href":"https:\/\/www.europesays.com\/es\/wp-json\/wp\/v2\/comments?post=155070"}],"version-history":[{"count":0,"href":"https:\/\/www.europesays.com\/es\/wp-json\/wp\/v2\/posts\/155070\/revisions"}],"wp:featuredmedia":[{"embeddable":true,"href":"https:\/\/www.europesays.com\/es\/wp-json\/wp\/v2\/media\/155071"}],"wp:attachment":[{"href":"https:\/\/www.europesays.com\/es\/wp-json\/wp\/v2\/media?parent=155070"}],"wp:term":[{"taxonomy":"category","embeddable":true,"href":"https:\/\/www.europesays.com\/es\/wp-json\/wp\/v2\/categories?post=155070"},{"taxonomy":"post_tag","embeddable":true,"href":"https:\/\/www.europesays.com\/es\/wp-json\/wp\/v2\/tags?post=155070"}],"curies":[{"name":"wp","href":"https:\/\/api.w.org\/{rel}","templated":true}]}}