{"id":155072,"date":"2025-10-03T15:18:05","date_gmt":"2025-10-03T15:18:05","guid":{"rendered":"https:\/\/www.europesays.com\/es\/155072\/"},"modified":"2025-10-03T15:18:05","modified_gmt":"2025-10-03T15:18:05","slug":"alonso-es-el-mejor-viernes-del-ano-y-no-es-la-primera-vez-que-sucede","status":"publish","type":"post","link":"https:\/\/www.europesays.com\/es\/155072\/","title":{"rendered":"Alonso: \u201cEs el mejor viernes del a\u00f1o&#8230; y no es la primera vez que sucede\u201d"},"content":{"rendered":"<p>Noticias relacionadas<a href=\"https:\/\/as.com\/motor\/formula_1\/alonso-ilusiona-y-desconcierta-n\/\" class=\"s_m_w\" title=\"El espa\u00f1ol es cuarto en los entrenamientos despu\u00e9s de liderar la primera sesi\u00f3n con un Aston Martin sorprendente. Piastri, primero. Sainz, octavo delante de Ferrari.\" data-tb-link=\"\" rel=\"nofollow noopener\" target=\"_blank\"><img decoding=\"async\" src=\"https:\/\/www.europesays.com\/es\/wp-content\/uploads\/2025\/10\/4ZOK6SLX6FNQ3AYDFMIO4BOJE4.jpg\" alt=\"Alonso ilusiona... y desconcierta\" class=\"\" height=\"1\" width=\"1\"   loading=\"lazy\" data-tb-thumbnail=\"\"\/><\/a><a href=\"https:\/\/as.com\/motor\/formula_1\/gp-de-singapur-de-f1-canal-tv-a-que-hora-es-como-y-donde-ver-las-carreras-en-marina-bay-en-directo-online-n-3\/\" class=\"s_m_w\" title=\"Conoce la fecha, hora, d\u00f3nde ver en directo por televisi\u00f3n y c\u00f3mo seguir en vivo online el GP de Singapur 2025 de F\u00f3rmula 1 en Marina Bay, 18\u00aa cita del a\u00f1o.\" data-tb-link=\"\" rel=\"nofollow noopener\" target=\"_blank\"><img decoding=\"async\" src=\"https:\/\/www.europesays.com\/es\/wp-content\/uploads\/2025\/10\/1759504685_848_LLJVCUVW6BHIHE3H5WP7AZCHCI.jpg\" alt=\"GP de Singapur de F1: Canal TV, a qu\u00e9 hora es, c\u00f3mo y d\u00f3nde ver las carreras en Marina Bay en directo online\" class=\"\" height=\"1\" width=\"1\"   loading=\"lazy\" data-tb-thumbnail=\"\"\/><\/a><\/p>\n<p class=\"\">Alonso se mostr\u00f3 satisfecho tras el viernes m\u00e1s s\u00f3lido de la temporada por parte de Aston Martin. Los tiempos salieron desde el principio, por eso lider\u00f3 la primera sesi\u00f3n y fue cuarto en la segunda. \u201cHa sido un buen viernes, las dos sesiones han salido con las vueltas bastante f\u00e1ciles as\u00ed que ojal\u00e1 podamos tener un buen fin de semana. Hay que ser precavidos y ver qu\u00e9 pasa ma\u00f1ana\u201d, dijo tras bajarse del coche, conforme:<b> \u201cEn las dos sesiones estamos en el top-4, <\/b>es el mejor viernes hasta ahora. Pero son programas diferentes y tandas diferentes entre los diferentes coches y no es la primera vez que sucede, as\u00ed que el test real es la clasificaci\u00f3n. Aunque somos m\u00e1s optimistas\u201d.<\/p>\n<p class=\"\">Con todo, apunta a la lista de tareas para las pr\u00f3ximas horas: \u201cParece que el coche va algo mejor que en los grandes premios anteriores. Vamos a intentar afinar el \u2018set-up\u2019, todav\u00eda no estamos del todo conforme con el tren delantero, hay que trabajar en el subviraje pero es un buen inicio, veremos qu\u00e9 podemos hacer este s\u00e1bado\u201d.<b> \u201cDesde la primera vuelta en los primeros entrenamientos est\u00e1bamos c\u00f3modos<\/b> y pod\u00edamos encontrar los l\u00edmites bastante r\u00e1pido. Luego en los Libres 2 la bandera roja no ha ayudado para ver la imagen completa, no s\u00e9 qu\u00e9 pilotos de los equipos \u2018top\u2019 pudieron hacer o no su vuelta completa. Veremos si podemos estar en la Q3 y en los puntos\u201d, transmite Fernando, consciente de que la tabla de tiempos todav\u00eda puede variar antes de la clasificaci\u00f3n.<\/p>\n","protected":false},"excerpt":{"rendered":"Noticias relacionadas Alonso se mostr\u00f3 satisfecho tras el viernes m\u00e1s s\u00f3lido de la temporada por parte de Aston&hellip;\n","protected":false},"author":2,"featured_media":155073,"comment_status":"","ping_status":"","sticky":false,"template":"","format":"standard","meta":{"footnotes":""},"categories":[270],"tags":[168,25,24,306,271,272,23,167],"class_list":{"0":"post-155072","1":"post","2":"type-post","3":"status-publish","4":"format-standard","5":"has-post-thumbnail","7":"category-formula-1","8":"tag-deportes","9":"tag-es","10":"tag-espana","11":"tag-f1","12":"tag-formula-1","13":"tag-formula1","14":"tag-spain","15":"tag-sports"},"share_on_mastodon":{"url":"","error":""},"_links":{"self":[{"href":"https:\/\/www.europesays.com\/es\/wp-json\/wp\/v2\/posts\/155072","targetHints":{"allow":["GET"]}}],"collection":[{"href":"https:\/\/www.europesays.com\/es\/wp-json\/wp\/v2\/posts"}],"about":[{"href":"https:\/\/www.europesays.com\/es\/wp-json\/wp\/v2\/types\/post"}],"author":[{"embeddable":true,"href":"https:\/\/www.europesays.com\/es\/wp-json\/wp\/v2\/users\/2"}],"replies":[{"embeddable":true,"href":"https:\/\/www.europesays.com\/es\/wp-json\/wp\/v2\/comments?post=155072"}],"version-history":[{"count":0,"href":"https:\/\/www.europesays.com\/es\/wp-json\/wp\/v2\/posts\/155072\/revisions"}],"wp:featuredmedia":[{"embeddable":true,"href":"https:\/\/www.europesays.com\/es\/wp-json\/wp\/v2\/media\/155073"}],"wp:attachment":[{"href":"https:\/\/www.europesays.com\/es\/wp-json\/wp\/v2\/media?parent=155072"}],"wp:term":[{"taxonomy":"category","embeddable":true,"href":"https:\/\/www.europesays.com\/es\/wp-json\/wp\/v2\/categories?post=155072"},{"taxonomy":"post_tag","embeddable":true,"href":"https:\/\/www.europesays.com\/es\/wp-json\/wp\/v2\/tags?post=155072"}],"curies":[{"name":"wp","href":"https:\/\/api.w.org\/{rel}","templated":true}]}}