{"id":155087,"date":"2025-10-03T15:32:08","date_gmt":"2025-10-03T15:32:08","guid":{"rendered":"https:\/\/www.europesays.com\/es\/155087\/"},"modified":"2025-10-03T15:32:08","modified_gmt":"2025-10-03T15:32:08","slug":"las-imagenes-de-guillermo-de-luxemburgo-en-su-proclamacion-como-gran-duque","status":"publish","type":"post","link":"https:\/\/www.europesays.com\/es\/155087\/","title":{"rendered":"Las im\u00e1genes de Guillermo de Luxemburgo en su proclamaci\u00f3n como Gran Duque"},"content":{"rendered":"<p>          03\/10\/2025<br \/>\n          <br \/><strong><br \/>\n                  Actualizado a las 14:09h.<br \/>\n              <\/strong><\/p>\n<p class=\"voc-p\" style=\"\">La c\u00e1mara de los diputados de Luxemburgo ha sido testigo esta ma\u00f1ana de su <a href=\"https:\/\/www.abc.es\/gente\/guillermo-stephanie-luxemburgo-anuncian-nacimiento-segundo-hijo-20230327183336-nt.html\" target=\"_self\" data-voc-vtm-id=\"in-text-traffic\" title=\"nuevo gran duque, Guillermo\" data-mrf-link=\"www.abc.es\" rel=\"nofollow noopener\">nuevo gran duque, Guillermo<\/a>, que a los 43 a\u00f1os se convierte en el nuevo l\u00edder de la Casa Gran Ducal. Los actos por la abdicaci\u00f3n de Enrique de Luxemburgo, que se prolongar\u00e1n con celebraciones durante todo el fin de semana, han comenzado este viernes a las 10, hora local, con la ceremonia de abdicaci\u00f3n de Enrique de Luxemburgo (70 a\u00f1os).<\/p>\n<p class=\"voc-p\" style=\"\">Una hora m\u00e1s tarde, Guillermo ha jurado su nuevo cargo y ha sido proclamado como nuevo gran duque. Ha sido ante la atenta mirada de su mujer, <a href=\"https:\/\/www.abc.es\/estilo\/gente\/abci-stephanie-lannoy-luxemburgo-201210030000_noticia.html\" target=\"_self\" data-voc-vtm-id=\"in-text-traffic\" title=\"Estefan\u00eda de Lannoy\" data-mrf-link=\"www.abc.es\" rel=\"nofollow noopener\">Estefan\u00eda de Lannoy<\/a>, de 41 a\u00f1os, y con la presencia de varios representantes de las monarqu\u00edas europeas. <\/p>\n<p class=\"voc-p\" style=\"\">Por ejemplo, no han faltado los Reyes de los Pa\u00edses Bajos, Guillermo y M\u00e1xima, acompa\u00f1ados de su hija mayor, Amalia de Orange. De la misma manera Felipe y Matilde de B\u00e9lgica han asistido junto a su hija, Elisabeth de Brabante. <\/p>\n","protected":false},"excerpt":{"rendered":"03\/10\/2025 Actualizado a las 14:09h. La c\u00e1mara de los diputados de Luxemburgo ha sido testigo esta ma\u00f1ana de&hellip;\n","protected":false},"author":2,"featured_media":155088,"comment_status":"","ping_status":"","sticky":false,"template":"","format":"standard","meta":{"footnotes":""},"categories":[42],"tags":[17,18,27665,13,14,3956,6891,11,1641,61,62,63,64,19,20,29870,9,10,15,16,46547,12,21,22,65,66,67],"class_list":{"0":"post-155087","1":"post","2":"type-post","3":"status-publish","4":"format-standard","5":"has-post-thumbnail","7":"category-internacional","8":"tag-breaking-news","9":"tag-breakingnews","10":"tag-duque","11":"tag-featured-news","12":"tag-featurednews","13":"tag-gran","14":"tag-guillermo","15":"tag-headlines","16":"tag-imagenes","17":"tag-internacional","18":"tag-international","19":"tag-international-news","20":"tag-internationalnews","21":"tag-latest-news","22":"tag-latestnews","23":"tag-luxemburgo","24":"tag-news","25":"tag-noticias","26":"tag-noticias-destacadas","27":"tag-noticiasdestacadas","28":"tag-proclamacion","29":"tag-titulares","30":"tag-ultimas-noticias","31":"tag-ultimasnoticias","32":"tag-world","33":"tag-world-news","34":"tag-worldnews"},"share_on_mastodon":{"url":"","error":""},"_links":{"self":[{"href":"https:\/\/www.europesays.com\/es\/wp-json\/wp\/v2\/posts\/155087","targetHints":{"allow":["GET"]}}],"collection":[{"href":"https:\/\/www.europesays.com\/es\/wp-json\/wp\/v2\/posts"}],"about":[{"href":"https:\/\/www.europesays.com\/es\/wp-json\/wp\/v2\/types\/post"}],"author":[{"embeddable":true,"href":"https:\/\/www.europesays.com\/es\/wp-json\/wp\/v2\/users\/2"}],"replies":[{"embeddable":true,"href":"https:\/\/www.europesays.com\/es\/wp-json\/wp\/v2\/comments?post=155087"}],"version-history":[{"count":0,"href":"https:\/\/www.europesays.com\/es\/wp-json\/wp\/v2\/posts\/155087\/revisions"}],"wp:featuredmedia":[{"embeddable":true,"href":"https:\/\/www.europesays.com\/es\/wp-json\/wp\/v2\/media\/155088"}],"wp:attachment":[{"href":"https:\/\/www.europesays.com\/es\/wp-json\/wp\/v2\/media?parent=155087"}],"wp:term":[{"taxonomy":"category","embeddable":true,"href":"https:\/\/www.europesays.com\/es\/wp-json\/wp\/v2\/categories?post=155087"},{"taxonomy":"post_tag","embeddable":true,"href":"https:\/\/www.europesays.com\/es\/wp-json\/wp\/v2\/tags?post=155087"}],"curies":[{"name":"wp","href":"https:\/\/api.w.org\/{rel}","templated":true}]}}