{"id":155089,"date":"2025-10-03T15:33:07","date_gmt":"2025-10-03T15:33:07","guid":{"rendered":"https:\/\/www.europesays.com\/es\/155089\/"},"modified":"2025-10-03T15:33:07","modified_gmt":"2025-10-03T15:33:07","slug":"la-jueza-de-la-dana-rechaza-archivar-la-causa-como-pedia-pradas","status":"publish","type":"post","link":"https:\/\/www.europesays.com\/es\/155089\/","title":{"rendered":"La jueza de la dana rechaza archivar la causa como ped\u00eda Pradas"},"content":{"rendered":"<p>La jueza que instruye la causa de la dana<strong> ha rechazado archivar la investigaci\u00f3n, <\/strong><a href=\"https:\/\/www.rtve.es\/noticias\/20250929\/defensa-salome-pradas-pide-archivar-su-causa-tras-declaracion-miguel-polo\/16749089.shtml\" rel=\"nofollow noopener\" target=\"_blank\">tal y como pidi\u00f3 el lunes la defensa de la exconsellera Salom\u00e9 Pradas<\/a>, \u00fanica imputada en el proceso junto al que era su n\u00famero dos, Emilio Arg\u00fceso. <\/p>\n<p>Pradas argument\u00f3 que la reciente declaraci\u00f3n como testigo del presidente de la Confederaci\u00f3n Hidrogr\u00e1fica del J\u00facar (CHJ), Miguel Polo supuso un \u00abpunto de inflexi\u00f3n\u00bb. \u00abHa quedado acreditado que no existe indicio alguno que sustente la continuaci\u00f3n del procedimiento penal contra Pradas\u00bb , se\u00f1alaba su abogado en un escrito, y a\u00f1ad\u00eda que la declaraci\u00f3n de Polo \u00abresulta absolutamente esclarecedora para <strong>descartar la responsabilidad a t\u00edtulo de negligencia\u00bb.<\/strong> <\/p>\n<p>La magistrada de Catarroja Nuria Ruiz Tobarra se\u00f1ala en su resoluci\u00f3n, hecha p\u00fablica este viernes, que bastar\u00eda como fundamentaci\u00f3n para rechazar esta petici\u00f3n \u00abel simple hecho de que no se ha agotado la instrucci\u00f3n\u00bb, pero precisa que la denegaci\u00f3n tambi\u00e9n se basa en la existencia de <strong>\u00abindicios abrumadores de una conducta negligente\u00bb por parte la que era consellera de Justicia e Interior. <\/strong><\/p>\n<p>Ruiz detalla a continuaci\u00f3n de forma pormenorizada esos indicios y su reflejo en las actuaciones, as\u00ed como la \u00abposici\u00f3n de garante\u00bb que ten\u00eda la exconsellera y las \u00absucesivas omisiones que se produjeron: desde la convocatoria del Cecopi con un evidente retraso\u00bb al \u00ab<strong>insoportable retraso en las alertas a la poblaci\u00f3n,<\/strong> as\u00ed como la falta de control de los barrancos\u00bb.<\/p>\n<p>\u00abNegligencia grosera\u00bb<\/p>\n<p>En esta l\u00ednea, considera \u00abaplicable en este caso\u00bb el t\u00e9rmino <strong>\u2018negligencia grosera\u2019<\/strong>, \u00abatendiendo no solo al grav\u00edsimo resultado mortal, sino por la<strong> parsimonia en la adopci\u00f3n de las medidas y su car\u00e1cter err\u00f3neo\u00bb. <\/strong>El auto puede ser recurrido.<\/p>\n<p>La magistrada tambi\u00e9n ha dictado un segundo auto que desestima un recurso de reforma presentado tambi\u00e9n por la defensa de Salom\u00e9 Pradas, as\u00ed como una providencia en la que acuerda solicitar al Instituto de Medicina Legal la emisi\u00f3n de un informe forense sobre la <strong>\u00abrelaci\u00f3n de causalidad existente\u00bb<\/strong> entre el fallecimiento de una mujer en un hospital el d\u00eda 3 de noviembre de 2024 y las circunstancias acaecidas en la residencia de Paiporta en la que resid\u00eda el 29 de octubre anterior.<\/p>\n<p>En esta misma providencia, por otra parte, a petici\u00f3n de una acusaci\u00f3n popular, la juez acuerda incorporar a las actuaciones el encargo realizado por la Agencia Valenciana de Seguridad y Respuesta a las Emergencias (Avsre) a la empresa p\u00fablica Tragsa para la prestaci\u00f3n de apoyo log\u00edstico, as\u00ed como requerir determinada informaci\u00f3n a la propia Tragsa.<\/p>\n<p>Pide informaci\u00f3n sobre la alerta del domingo pasado<\/p>\n<p>Igualmente, a solicitud de una segunda acusaci\u00f3n popular, requiere a la Conselleria de Emergencias para que le indique<strong> \u00abqui\u00e9n fue la persona que dio la orden concreta de <\/strong><a href=\"https:\/\/www.rtve.es\/noticias\/20250929\/alerta-movil-despierta-trauma-dana-miedo-repetir-vecinos-valencia\/16748670.shtml\" rel=\"nofollow noopener\" target=\"_blank\">enviar el mensaje de alerta<\/a> a la poblaci\u00f3n el domingo 28 de septiembre de 2025 a las 15:28 horas\u00bb, ante la \u00faltima alerta roja meteorol\u00f3gica que afect\u00f3 a la Comunidad Valenciana.<\/p>\n","protected":false},"excerpt":{"rendered":"La jueza que instruye la causa de la dana ha rechazado archivar la investigaci\u00f3n, tal y como pidi\u00f3&hellip;\n","protected":false},"author":2,"featured_media":155090,"comment_status":"","ping_status":"","sticky":false,"template":"","format":"standard","meta":{"footnotes":""},"categories":[8],"tags":[17,18,25,24,13,14,11,19,20,9,10,15,16,23,12,21,22],"class_list":{"0":"post-155089","1":"post","2":"type-post","3":"status-publish","4":"format-standard","5":"has-post-thumbnail","7":"category-espana","8":"tag-breaking-news","9":"tag-breakingnews","10":"tag-es","11":"tag-espana","12":"tag-featured-news","13":"tag-featurednews","14":"tag-headlines","15":"tag-latest-news","16":"tag-latestnews","17":"tag-news","18":"tag-noticias","19":"tag-noticias-destacadas","20":"tag-noticiasdestacadas","21":"tag-spain","22":"tag-titulares","23":"tag-ultimas-noticias","24":"tag-ultimasnoticias"},"share_on_mastodon":{"url":"","error":""},"_links":{"self":[{"href":"https:\/\/www.europesays.com\/es\/wp-json\/wp\/v2\/posts\/155089","targetHints":{"allow":["GET"]}}],"collection":[{"href":"https:\/\/www.europesays.com\/es\/wp-json\/wp\/v2\/posts"}],"about":[{"href":"https:\/\/www.europesays.com\/es\/wp-json\/wp\/v2\/types\/post"}],"author":[{"embeddable":true,"href":"https:\/\/www.europesays.com\/es\/wp-json\/wp\/v2\/users\/2"}],"replies":[{"embeddable":true,"href":"https:\/\/www.europesays.com\/es\/wp-json\/wp\/v2\/comments?post=155089"}],"version-history":[{"count":0,"href":"https:\/\/www.europesays.com\/es\/wp-json\/wp\/v2\/posts\/155089\/revisions"}],"wp:featuredmedia":[{"embeddable":true,"href":"https:\/\/www.europesays.com\/es\/wp-json\/wp\/v2\/media\/155090"}],"wp:attachment":[{"href":"https:\/\/www.europesays.com\/es\/wp-json\/wp\/v2\/media?parent=155089"}],"wp:term":[{"taxonomy":"category","embeddable":true,"href":"https:\/\/www.europesays.com\/es\/wp-json\/wp\/v2\/categories?post=155089"},{"taxonomy":"post_tag","embeddable":true,"href":"https:\/\/www.europesays.com\/es\/wp-json\/wp\/v2\/tags?post=155089"}],"curies":[{"name":"wp","href":"https:\/\/api.w.org\/{rel}","templated":true}]}}