{"id":155091,"date":"2025-10-03T15:34:17","date_gmt":"2025-10-03T15:34:17","guid":{"rendered":"https:\/\/www.europesays.com\/es\/155091\/"},"modified":"2025-10-03T15:34:17","modified_gmt":"2025-10-03T15:34:17","slug":"la-comunidad-de-madrid-recibe-a-carlos-soria-tras-coronar-la-cumbre-del-manaslu-en-nepal-a-sus-86-anos","status":"publish","type":"post","link":"https:\/\/www.europesays.com\/es\/155091\/","title":{"rendered":"La Comunidad de Madrid recibe a Carlos Soria tras coronar la cumbre del Manaslu en Nepal a sus 86 a\u00f1os"},"content":{"rendered":"<p>El consejero de Cultura, Turismo y Deporte de la Comunidad de Madrid, Mariano de Paco Serrano, ha recibido hoy al alpinista Carlos Soria tras coronar en Nepal, a sus 86 a\u00f1os, la cumbre del Manaslu. Se trata una de las 14 cumbres de m\u00e1s de 8.000 metros del planeta ubicada en el Himalaya. Con esta acci\u00f3n, patrocinada por el Gobierno regional, se ha conmemorado la primera vez que un equipo espa\u00f1ol coron\u00f3 un ochomil, hace ya medio siglo, cuando ascendieron a esta misma cima miembros de la Real Sociedad Espa\u00f1ola de Alpinismo Pe\u00f1alara, entre los que se encontraba el propio Soria.<\/p>\n","protected":false},"excerpt":{"rendered":"El consejero de Cultura, Turismo y Deporte de la Comunidad de Madrid, Mariano de Paco Serrano, ha recibido&hellip;\n","protected":false},"author":2,"featured_media":155092,"comment_status":"","ping_status":"","sticky":false,"template":"","format":"standard","meta":{"footnotes":""},"categories":[5],"tags":[17,18,25,24,13,14,11,19,20,9,10,15,16,23,12,21,22],"class_list":{"0":"post-155091","1":"post","2":"type-post","3":"status-publish","4":"format-standard","5":"has-post-thumbnail","7":"category-titulares","8":"tag-breaking-news","9":"tag-breakingnews","10":"tag-es","11":"tag-espana","12":"tag-featured-news","13":"tag-featurednews","14":"tag-headlines","15":"tag-latest-news","16":"tag-latestnews","17":"tag-news","18":"tag-noticias","19":"tag-noticias-destacadas","20":"tag-noticiasdestacadas","21":"tag-spain","22":"tag-titulares","23":"tag-ultimas-noticias","24":"tag-ultimasnoticias"},"share_on_mastodon":{"url":"","error":""},"_links":{"self":[{"href":"https:\/\/www.europesays.com\/es\/wp-json\/wp\/v2\/posts\/155091","targetHints":{"allow":["GET"]}}],"collection":[{"href":"https:\/\/www.europesays.com\/es\/wp-json\/wp\/v2\/posts"}],"about":[{"href":"https:\/\/www.europesays.com\/es\/wp-json\/wp\/v2\/types\/post"}],"author":[{"embeddable":true,"href":"https:\/\/www.europesays.com\/es\/wp-json\/wp\/v2\/users\/2"}],"replies":[{"embeddable":true,"href":"https:\/\/www.europesays.com\/es\/wp-json\/wp\/v2\/comments?post=155091"}],"version-history":[{"count":0,"href":"https:\/\/www.europesays.com\/es\/wp-json\/wp\/v2\/posts\/155091\/revisions"}],"wp:featuredmedia":[{"embeddable":true,"href":"https:\/\/www.europesays.com\/es\/wp-json\/wp\/v2\/media\/155092"}],"wp:attachment":[{"href":"https:\/\/www.europesays.com\/es\/wp-json\/wp\/v2\/media?parent=155091"}],"wp:term":[{"taxonomy":"category","embeddable":true,"href":"https:\/\/www.europesays.com\/es\/wp-json\/wp\/v2\/categories?post=155091"},{"taxonomy":"post_tag","embeddable":true,"href":"https:\/\/www.europesays.com\/es\/wp-json\/wp\/v2\/tags?post=155091"}],"curies":[{"name":"wp","href":"https:\/\/api.w.org\/{rel}","templated":true}]}}