{"id":155095,"date":"2025-10-03T15:36:26","date_gmt":"2025-10-03T15:36:26","guid":{"rendered":"https:\/\/www.europesays.com\/es\/155095\/"},"modified":"2025-10-03T15:36:26","modified_gmt":"2025-10-03T15:36:26","slug":"lleno-absoluto-en-mostoles-para-ver-a-morante-rufo-y-chicharro-salir-por-la-puerta-grande","status":"publish","type":"post","link":"https:\/\/www.europesays.com\/es\/155095\/","title":{"rendered":"Lleno absoluto en M\u00f3stoles para ver a Morante, Rufo y Chicharro salir por la puerta grande"},"content":{"rendered":"<ul>\n<li class=\" cmAlignjustify\"><strong> Los diestros dejaron una tarde triunfal en M\u00f3stoles, donde se llevaron seis orejas y un rabo ante m\u00e1s de 5.000 aficionados.<\/strong><\/li>\n<\/ul>\n<p class=\"cmParagraph cmAlignjustify\"><img loading=\"lazy\" decoding=\"async\" src=\"https:\/\/www.europesays.com\/es\/wp-content\/uploads\/2025\/10\/1367938-destacada Corrida de toros de los diestros Morante de la Puebla,Tom\u00e1s Rufo y Alejandro Chich.jpeg\" width=\"400\" height=\"225\" alt=\"destacada Corrida de toros de los diestros Morante de la Puebla, Tom\u00e1s Rufo y Alejandro Chicharro (4) copia\"\/>Una plaza de toros de M\u00f3stoles hasta la bandera vio salir a hombros ayer, 15 de junio, a los diestros Morante de la Puebla, Tom\u00e1s Rufo y Alejandro Chicharro. <\/p>\n<p class=\"cmParagraph cmAlignjustify\">Con toros de la ganader\u00eda El Vellosino, la terna se reparti\u00f3 seis orejas y un rabo en una tarde que registr\u00f3 un lleno absoluto en el tendido mostole\u00f1o, con m\u00e1s de 5.000 aficionados. <\/p>\n<p class=\"cmParagraph cmAlignjustify\">El alcalde de M\u00f3stoles, Manuel Bautista, se mostr\u00f3 satisfecho por la gran acogida que tuvo la corrida entre los mostole\u00f1os. \u00abLa plaza de toros de M\u00f3stoles ha estado hasta la bandera, con lleno absoluto. Nada m\u00e1s y nada menos que 5.000 espectadores han disfrutado de un gran espect\u00e1culo taurino. Es una prueba de que M\u00f3stoles ten\u00eda ganas de toros\u00bb, se\u00f1al\u00f3. <\/p>\n<p class=\"cmParagraph cmAlignjustify\">El sevillano Morante de la Puebla, que llegaba tras sus hist\u00f3ricos triunfos en Las Ventas y Salamanca, cort\u00f3 oreja y oreja, mientras que el toledano Tom\u00e1s Rufo desorej\u00f3 a su primer toro y el joven Alejandro Chicharro firm\u00f3 una excelente actuaci\u00f3n con dos orejas y el rabo con su segundo. El sexto toro fue premiado con la vuelta al ruedo en el arrastre. <\/p>\n<p class=\"cmParagraph cmAlignjustify\">Adem\u00e1s del alcalde, en el tendido estuvieron presentes numerosas autoridades como la vicepresidenta de la Asamblea de Madrid, Ana Mill\u00e1n; el viceconsejero de Presidencia y Administraci\u00f3n Local, Jos\u00e9 Antonio S\u00e1nchez; el viceconsejero de Medio Ambiente, Agricultura y Ordenaci\u00f3n del Territorio, Rafael Garc\u00eda; el primer teniente de alcalde y concejal de Seguridad, Emergencias y Medio Ambiente, Gabriel Monteser\u00edn; el segundo teniente de alcalde y concejal de Hacienda, Presidencia y Recursos Humanos, Alberto Rodr\u00edguez de Rivera; diferentes diputados de la Asamblea de Madrid, alcaldes de otros municipios y miembros del Gobierno Municipal.<\/p>\n","protected":false},"excerpt":{"rendered":"Los diestros dejaron una tarde triunfal en M\u00f3stoles, donde se llevaron seis orejas y un rabo ante m\u00e1s&hellip;\n","protected":false},"author":2,"featured_media":155096,"comment_status":"","ping_status":"","sticky":false,"template":"","format":"standard","meta":{"footnotes":""},"categories":[277],"tags":[1201,6853,1250,373,6854,777,168,2800,5509,25,24,6852,1928,6850,6849,10,4111,6851,23,167,374,6855],"class_list":{"0":"post-155095","1":"post","2":"type-post","3":"status-publish","4":"format-standard","5":"has-post-thumbnail","7":"category-toreo","8":"tag-alcalde","9":"tag-atencioacuten-ciudadana","10":"tag-ayuntamiento","11":"tag-bullfighting","12":"tag-callejero","13":"tag-ciudad","14":"tag-deportes","15":"tag-distritos","16":"tag-empleo","17":"tag-es","18":"tag-espana","19":"tag-inversioacuten","20":"tag-joven","21":"tag-juventud","22":"tag-moacutestoles","23":"tag-noticias","24":"tag-presupuestos","25":"tag-sede-electroacutenica","26":"tag-spain","27":"tag-sports","28":"tag-toreo","29":"tag-webs-municipales"},"share_on_mastodon":{"url":"","error":""},"_links":{"self":[{"href":"https:\/\/www.europesays.com\/es\/wp-json\/wp\/v2\/posts\/155095","targetHints":{"allow":["GET"]}}],"collection":[{"href":"https:\/\/www.europesays.com\/es\/wp-json\/wp\/v2\/posts"}],"about":[{"href":"https:\/\/www.europesays.com\/es\/wp-json\/wp\/v2\/types\/post"}],"author":[{"embeddable":true,"href":"https:\/\/www.europesays.com\/es\/wp-json\/wp\/v2\/users\/2"}],"replies":[{"embeddable":true,"href":"https:\/\/www.europesays.com\/es\/wp-json\/wp\/v2\/comments?post=155095"}],"version-history":[{"count":0,"href":"https:\/\/www.europesays.com\/es\/wp-json\/wp\/v2\/posts\/155095\/revisions"}],"wp:featuredmedia":[{"embeddable":true,"href":"https:\/\/www.europesays.com\/es\/wp-json\/wp\/v2\/media\/155096"}],"wp:attachment":[{"href":"https:\/\/www.europesays.com\/es\/wp-json\/wp\/v2\/media?parent=155095"}],"wp:term":[{"taxonomy":"category","embeddable":true,"href":"https:\/\/www.europesays.com\/es\/wp-json\/wp\/v2\/categories?post=155095"},{"taxonomy":"post_tag","embeddable":true,"href":"https:\/\/www.europesays.com\/es\/wp-json\/wp\/v2\/tags?post=155095"}],"curies":[{"name":"wp","href":"https:\/\/api.w.org\/{rel}","templated":true}]}}