{"id":155097,"date":"2025-10-03T15:37:08","date_gmt":"2025-10-03T15:37:08","guid":{"rendered":"https:\/\/www.europesays.com\/es\/155097\/"},"modified":"2025-10-03T15:37:08","modified_gmt":"2025-10-03T15:37:08","slug":"alex-pereira-el-campeon-indigena-surgido-en-la-adversidad-que-tiene-la-oportunidad-de-redimirse-ante-ankalaev","status":"publish","type":"post","link":"https:\/\/www.europesays.com\/es\/155097\/","title":{"rendered":"Alex Pereira, el &#8216;campe\u00f3n&#8217; ind\u00edgena surgido en la adversidad que tiene la oportunidad de redimirse ante Ankalaev"},"content":{"rendered":"<p class=\"voc-p\" style=\"\">En la colindancia de la gran ciudad con la selva, en Sao Paulo, vino al mundo <strong>Alex Pereira<\/strong>, un tipo que lograr\u00eda llegar a ser apodado &#8216;mano de piedra&#8217;. Su vida representa la lucha constante, aquella que tuvo que enfrentar para <a href=\"https:\/\/www.abc.es\/deportes\/mma\/alex-pereira-caras-ufc-anuncia-regreso-vuelvo-20250607060146-nt.html\" target=\"_self\" data-voc-vtm-id=\"in-text-traffic\" title=\"salir de la vida carente y viciosa\" rel=\"nofollow noopener\">salir de la vida carente y viciosa<\/a>, pues lleg\u00f3 a estar enganchado al alcohol, mientras trabajaba recauchutando neum\u00e1ticos en Brasil. Todo ello fue gracias al kickboxing, una disciplina que le aport\u00f3 el enfoque necesario para dejar todo lo malo atr\u00e1s. Quer\u00eda honrar a sus ancestros ind\u00edgenas. <\/p>\n<p class=\"voc-p\" style=\"\">Despu\u00e9s de conseguir ser campe\u00f3n mundial en el kickboxing, realiz\u00f3 una transici\u00f3n hacia las artes marciales mixtas. Debut\u00f3 con derrota por sumisi\u00f3n, y comprob\u00f3 que todav\u00eda deb\u00eda hacer muchos ajustes. En este deporte, ya no solo serv\u00eda con golpear, tambi\u00e9n hab\u00eda que defender la lucha cuerpo a cuerpo. Tras varios triunfos, firm\u00f3 con la UFC, estren\u00e1ndose con un triunfo por KO ante Andreas Michailidis. <\/p>\n<p class=\"voc-p\" style=\"\">En su cuarto combate dentro de la UFC, obtuvo la oportunidad titular; la idea era que pudiera cerrar su rivalidad en el kickboxing con Israel Adesanya, pero esta vez en las MMA, donde el nigeriano era el campe\u00f3n. Logr\u00f3 acabar con \u00e9l y se proclam\u00f3 monarca del peso medio de la UFC. Poco m\u00e1s tarde, Adesanya se tom\u00f3 su venganza particular y le arrebat\u00f3 de nuevo el t\u00edtulo con un espectacular nocaut. <\/p>\n<p class=\"voc-p\" style=\"\">En 2023, Pereira volvi\u00f3 a desafiar las expectativas al subir de divisi\u00f3n y conquistar tambi\u00e9n el cintur\u00f3n de peso semipesado en UFC. As\u00ed se convirti\u00f3 en uno de los pocos hombres que han logrado t\u00edtulos en dos categor\u00edas distintas. Se impuso a Jiri Prochazka y<strong> defendi\u00f3 el cintur\u00f3n tres veces de manera consecutiva<\/strong>: ante Jamahal Hill, Khalil Rountree y, de nuevo, contra Prochazka. Pero apareci\u00f3 Magomed Ankalaev en marzo de este mismo a\u00f1o y le quit\u00f3 el cintur\u00f3n con una victoria por decisi\u00f3n un\u00e1nime. <\/p>\n<p class=\"voc-p\" style=\"\">Este s\u00e1bado, <a href=\"https:\/\/www.abc.es\/deportes\/mma\/confirmadas-peleas-estelares-ufc-320-ufc-321-20250723113731-nt.html\" target=\"_self\" data-voc-vtm-id=\"in-text-traffic\" title=\"Alex Pereira tendr\u00e1 la oportunidad de redimirse\" rel=\"nofollow noopener\">Alex Pereira tendr\u00e1 la oportunidad de redimirse<\/a>, con el combate estelar de UFC 320, en el T-Mobile de Las Vegas, donde buscar\u00e1 recuperar el cetro que un d\u00eda fue suyo. Es un ahora o nunca para Poatan. <\/p>\n<p>Reportar un error<\/p>\n","protected":false},"excerpt":{"rendered":"En la colindancia de la gran ciudad con la selva, en Sao Paulo, vino al mundo Alex Pereira,&hellip;\n","protected":false},"author":2,"featured_media":155098,"comment_status":"","ping_status":"","sticky":false,"template":"","format":"standard","meta":{"footnotes":""},"categories":[276],"tags":[45392,2865,822,1575,5773,168,25,24,46548,2082,823,46550,23,167,46549,343],"class_list":{"0":"post-155097","1":"post","2":"type-post","3":"status-publish","4":"format-standard","5":"has-post-thumbnail","7":"category-ufc","8":"tag-adversidad","9":"tag-alex","10":"tag-ankalaev","11":"tag-ante","12":"tag-campeon","13":"tag-deportes","14":"tag-es","15":"tag-espana","16":"tag-indigena","17":"tag-oportunidad","18":"tag-pereira","19":"tag-redimirse","20":"tag-spain","21":"tag-sports","22":"tag-surgido","23":"tag-ufc"},"share_on_mastodon":{"url":"","error":""},"_links":{"self":[{"href":"https:\/\/www.europesays.com\/es\/wp-json\/wp\/v2\/posts\/155097","targetHints":{"allow":["GET"]}}],"collection":[{"href":"https:\/\/www.europesays.com\/es\/wp-json\/wp\/v2\/posts"}],"about":[{"href":"https:\/\/www.europesays.com\/es\/wp-json\/wp\/v2\/types\/post"}],"author":[{"embeddable":true,"href":"https:\/\/www.europesays.com\/es\/wp-json\/wp\/v2\/users\/2"}],"replies":[{"embeddable":true,"href":"https:\/\/www.europesays.com\/es\/wp-json\/wp\/v2\/comments?post=155097"}],"version-history":[{"count":0,"href":"https:\/\/www.europesays.com\/es\/wp-json\/wp\/v2\/posts\/155097\/revisions"}],"wp:featuredmedia":[{"embeddable":true,"href":"https:\/\/www.europesays.com\/es\/wp-json\/wp\/v2\/media\/155098"}],"wp:attachment":[{"href":"https:\/\/www.europesays.com\/es\/wp-json\/wp\/v2\/media?parent=155097"}],"wp:term":[{"taxonomy":"category","embeddable":true,"href":"https:\/\/www.europesays.com\/es\/wp-json\/wp\/v2\/categories?post=155097"},{"taxonomy":"post_tag","embeddable":true,"href":"https:\/\/www.europesays.com\/es\/wp-json\/wp\/v2\/tags?post=155097"}],"curies":[{"name":"wp","href":"https:\/\/api.w.org\/{rel}","templated":true}]}}