{"id":155099,"date":"2025-10-03T15:41:09","date_gmt":"2025-10-03T15:41:09","guid":{"rendered":"https:\/\/www.europesays.com\/es\/155099\/"},"modified":"2025-10-03T15:41:09","modified_gmt":"2025-10-03T15:41:09","slug":"verstappen-aprueba-inicio-en-singapur-pero-advierte-necesitamos-mas-velocidad-noticia-de-f1","status":"publish","type":"post","link":"https:\/\/www.europesays.com\/es\/155099\/","title":{"rendered":"Verstappen aprueba inicio en Singapur, pero advierte: \u00abNecesitamos m\u00e1s velocidad\u00bb &#8211; Noticia de F1"},"content":{"rendered":"<p>\n                Max Verstappen fue tercero en ambas pr\u00e1cticas del viernes en Marina Bay. (Foto: AFP)\n              <\/p>\n<p>Tras quedar tercero en las dos sesiones de entrenamientos libres de <strong>F\u00f3rmula 1<\/strong> del <strong>Gran Premio de Singapur<\/strong> el viernes, <strong>Max Verstappen<\/strong> no tuvo ninguna queja sobre el coche. El tetracampe\u00f3n del mundo destac\u00f3 que las sensaciones eran similares a las de las \u00faltimas carreras, donde gan\u00f3 con autoridad, e indic\u00f3 que el inicio del fin de semana ha sido positivo. Por otro lado, admiti\u00f3 que <strong>Red Bull<\/strong> a\u00fan necesitar\u00e1 hacer algunos cambios para luchar por la pole position, tan importante en el estrecho circuito de <strong>Marina Bay<\/strong>.<\/p>\n<p>\u201cEl coche no nos dio ning\u00fan problema. Creo que la FP1 estuvo bien, el coche estuvo bien. Como los \u00faltimos fines de semana, sin grandes problemas\u201d, explic\u00f3. \u201cEn la FP2, probamos algunas cosas. En general, estoy muy contento, pero necesitamos un poco m\u00e1s de velocidad para luchar en la parte delantera de la parrilla\u201d, analiz\u00f3 el tetracampe\u00f3n.<\/p>\n<p>\ud83d\udfe5\u00a0<strong>\u00a1Todas las novedades te esperan en el canal de\u00a0<\/strong><a href=\"https:\/\/www.youtube.com\/@GrandePremioES\" rel=\"nofollow noopener\" target=\"_blank\">YouTube<\/a><strong>\u00a0de Grande Pr\u00eamio en Espa\u00f1ol!<\/strong>\u00a0\ud83d\udfe8<\/p>\n<p><img decoding=\"async\" data-attachment-id=\"367596\" data-permalink=\"https:\/\/grandepremio.com\/es\/singapura-2025-f1-treinos-livres-red-bull-max-verstappen-afp-02-2\/\" data-orig-file=\"https:\/\/grandepremio.com\/cdn-cgi\/image\/width=893,height=558,fit=contain,gravity=0.5x0.5,quality=75,format=webp\/es\/wp-content\/uploads\/..\/gp_br_uploads\/2025\/10\/singapura-2025-f1-treinos-livres-red-bull-max-verstappen-afp-02-1.jpg\" data-orig-size=\"\" data-comments-opened=\"1\" data-image-meta=\"[]\" data-image-title=\"singapura-2025-f1-treinos-livres-red-bull-max-verstappen-afp-02\" data-image-description=\"\" data-image-caption=\"&lt;p&gt;Max Verstappen destac\u00f3 el rendimiento del RB21 en los entrenamientos en Singapur. (Foto: AFP)&lt;\/p&gt;&#10;\" data-medium-file=\"https:\/\/grandepremio.com\/cdn-cgi\/image\/width=893,height=558,fit=contain,gravity=0.5x0.5,quality=75,format=webp\/es\/wp-content\/uploads\/..\/gp_br_uploads\/2025\/10\/singapura-2025-f1-treinos-livres-red-bull-max-verstappen-afp-02-1.jpg\" data-large-file=\"https:\/\/grandepremio.com\/cdn-cgi\/image\/width=893,height=558,fit=contain,gravity=0.5x0.5,quality=75,format=webp\/es\/wp-content\/uploads\/..\/gp_br_uploads\/2025\/10\/singapura-2025-f1-treinos-livres-red-bull-max-verstappen-afp-02-1.jpg\" src=\"https:\/\/www.europesays.com\/es\/wp-content\/uploads\/2025\/10\/singapura-2025-f1-treinos-livres-red-bull-max-verstappen-afp-02-1.jpg\" alt=\"\" class=\"wp-image-367596\"\/>Max Verstappen destac\u00f3 el rendimiento del RB21 en los entrenamientos en Singapur. (Foto: AFP)<\/p>\n<p>\u23e9\u00a0<strong>\u00a1Seguinos en redes por\u00a0<\/strong><a href=\"https:\/\/twitter.com\/grandepremioES\" rel=\"nofollow noopener\" target=\"_blank\">Twitter\u00a0<\/a><strong>e\u00a0<\/strong><a href=\"https:\/\/www.instagram.com\/grandepremioes\/\" rel=\"nofollow noopener\" target=\"_blank\">Instagram!<\/a><br \/>\u23e9\u00a0<strong>Adem\u00e1s, tenemos nuestro\u00a0<\/strong><a href=\"https:\/\/whatsapp.com\/channel\/0029VaDZ5zb0gcfDxuwxBM05\" rel=\"nofollow noopener\" target=\"_blank\">canal de Whatsapp<\/a><strong>\u00a0con toda la informaci\u00f3n al instante<\/strong>\u00a0\ud83c\udfc1<\/p>\n<p>\u201cHay algunas cosas que a\u00fan queremos mejorar\u201d, advirti\u00f3 el neerland\u00e9s. \u201cMa\u00f1ana veremos si es lo suficientemente bueno como para luchar por la pole position\u201d, concluy\u00f3.<\/p>\n<p>En la FP1, Verstappen marc\u00f3 un tiempo de <strong>1min31s392<\/strong>, terminando a <a href=\"https:\/\/grandepremio.com\/es\/f1\/fernando-alonso-primer-entrenamiento-singapur-formula-1-2025\/\" rel=\"nofollow noopener\" target=\"_blank\"><strong>0s276<\/strong> segundos del l\u00edder, <strong>Fernando Alonso<\/strong><\/a>, con <strong>Charles Leclerc<\/strong> entre ambos. En la FP2, el piloto de Red Bull marc\u00f3 un tiempo de <strong>1min30s857<\/strong>, <strong>0s143 segundos m\u00e1s lento que el l\u00edder, Oscar Piastri<\/strong>. En esta ocasi\u00f3n, <strong>Isack Hadjar<\/strong> termin\u00f3 segundo.<\/p>\n<p>La\u00a0<strong>F\u00f3rmula 1<\/strong>\u00a0disputa este fin de semana el\u00a0<strong>Gran Premio de Singapur<\/strong>, 18\u00aa prueba de la\u00a0<strong>temporada 2025<\/strong>, en el circuito urbano de\u00a0<strong>Marina Bay<\/strong>.<\/p>\n<p>      <script async src=\"https:\/\/platform.twitter.com\/widgets.js\" charset=\"utf-8\"><\/script><script async src=\"\/\/www.instagram.com\/embed.js\"><\/script><\/p>\n","protected":false},"excerpt":{"rendered":"Max Verstappen fue tercero en ambas pr\u00e1cticas del viernes en Marina Bay. (Foto: AFP) Tras quedar tercero en&hellip;\n","protected":false},"author":2,"featured_media":155100,"comment_status":"","ping_status":"","sticky":false,"template":"","format":"standard","meta":{"footnotes":""},"categories":[270],"tags":[168,25,24,306,271,272,23,167],"class_list":{"0":"post-155099","1":"post","2":"type-post","3":"status-publish","4":"format-standard","5":"has-post-thumbnail","7":"category-formula-1","8":"tag-deportes","9":"tag-es","10":"tag-espana","11":"tag-f1","12":"tag-formula-1","13":"tag-formula1","14":"tag-spain","15":"tag-sports"},"share_on_mastodon":{"url":"","error":""},"_links":{"self":[{"href":"https:\/\/www.europesays.com\/es\/wp-json\/wp\/v2\/posts\/155099","targetHints":{"allow":["GET"]}}],"collection":[{"href":"https:\/\/www.europesays.com\/es\/wp-json\/wp\/v2\/posts"}],"about":[{"href":"https:\/\/www.europesays.com\/es\/wp-json\/wp\/v2\/types\/post"}],"author":[{"embeddable":true,"href":"https:\/\/www.europesays.com\/es\/wp-json\/wp\/v2\/users\/2"}],"replies":[{"embeddable":true,"href":"https:\/\/www.europesays.com\/es\/wp-json\/wp\/v2\/comments?post=155099"}],"version-history":[{"count":0,"href":"https:\/\/www.europesays.com\/es\/wp-json\/wp\/v2\/posts\/155099\/revisions"}],"wp:featuredmedia":[{"embeddable":true,"href":"https:\/\/www.europesays.com\/es\/wp-json\/wp\/v2\/media\/155100"}],"wp:attachment":[{"href":"https:\/\/www.europesays.com\/es\/wp-json\/wp\/v2\/media?parent=155099"}],"wp:term":[{"taxonomy":"category","embeddable":true,"href":"https:\/\/www.europesays.com\/es\/wp-json\/wp\/v2\/categories?post=155099"},{"taxonomy":"post_tag","embeddable":true,"href":"https:\/\/www.europesays.com\/es\/wp-json\/wp\/v2\/tags?post=155099"}],"curies":[{"name":"wp","href":"https:\/\/api.w.org\/{rel}","templated":true}]}}