{"id":155101,"date":"2025-10-03T15:42:16","date_gmt":"2025-10-03T15:42:16","guid":{"rendered":"https:\/\/www.europesays.com\/es\/155101\/"},"modified":"2025-10-03T15:42:16","modified_gmt":"2025-10-03T15:42:16","slug":"j-1-bojana-stevanovic-la-mvp-del-espejo-en-el-que-mirarse","status":"publish","type":"post","link":"https:\/\/www.europesays.com\/es\/155101\/","title":{"rendered":"J.1: Bojana Stevanovic, la MVP del espejo en el que mirarse"},"content":{"rendered":"<p>Quiere dar esta temporada el Vega Lagunera Adareva un paso al frente en la LF Challenge y, para ello, el conjunto canario ha sabido reforzarse con interesantes movimientos de mercado. Eso s\u00ed, ninguno de ellos tan valioso como el de la renovaci\u00f3n de su principal estrella, una Bojana Stevanovic que ejerce como el mejor espejo en el que mirarse en un vestuario que celebra esta semana su primer MVP.<\/p>\n<p>\u00c1REA DE COMUNICACI\u00d3N FEB\u00a0<\/p>\n<p>Volv\u00eda a enfundarse este fin de semana\u00a0Bojana Stevanovic la camiseta del Vega Lagunera Adareva y lo hac\u00eda para estrenar el nuevo curso ante un Unicaja Mijas del que hab\u00eda defendido sus colores antes de llegar a las Islas Canarias.<\/p>\n<p>Un encuentro especial para la entidad canaria y en el que la interior de origen serbio volvi\u00f3 a ejercer como el principal punto de referencia ofensivo para las de Jaime Sa\u00f1udo a trav\u00e9s de sus 32 tantos de valoraci\u00f3n. Guarismos alcanzados a trav\u00e9s de 29 puntos, 5 rebotes, 1 asistencia y 7 faltas recibidas y con los que mantuvo a su equipo con opciones de victoria hasta la \u00faltima jugada del choque. Y aunque la fortuna termin\u00f3 por serles esquiva en esa \u00faltima acci\u00f3n, el encuentro protagonizado por Bojana supuso la reafirmaci\u00f3n de las intenciones de su equipo para el presente curso.<\/p>\n<p>Un duelo en el que se mostr\u00f3 como el mejor espejo posible para las nuevas incorporaciones de cara a una temporada de lo m\u00e1s ilusionante en la capital tinerfe\u00f1a.<\/p>\n<p>J.1: Vega Lagunera Adareva Toyota vs Unicaja Mijas (66-67)<br \/>&#13;<br \/>\n&#8211; ENLACE: <a href=\"https:\/\/baloncestoenvivo.feb.es\/partido\/2480110\" target=\"_self\" rel=\"nofollow noopener\">Estad\u00edstica del partido<\/a><\/p>\n<p>El quinteto ideal de la jornada:<\/p>\n<p>Base:\u00a0Carlota Men\u00e9ndez (Celta Femxa Zorka)\u00a023 val:\u00a016 puntos, 8 rebotes, 3 asistencias, 2 recuperaciones y 9 faltas recibidas.<br \/>&#13;<br \/>\nEscolta:\u00a0Conchi Santorre (Cajasol Baloncesto Sevilla)\u00a024 val: 24 puntos (9\/10 TL), 8 rebotes, 3 asistencias, 2 recuperaciones y 9 faltas recibidas.<br \/>&#13;<br \/>\nAlero:\u00a0In\u00e9s Ramos (Alter Enersun Al-Q\u00e1zeres)\u00a024 val:\u00a016 puntos (7\/12 TC), 3 rebotes, 5 asistencias, 4 recuperaciones y 3 faltas recibidas.<br \/>&#13;<br \/>\nAla p\u00edvot:\u00a0Jessica Kelliher (Celta Femxa Zorka) 31 val:\u00a023 puntos (3\/6 TL y 10\/13 TC), 8 rebotes, 4 asistencias, 2 recuperaciones y 5 faltas recibidas.<br \/>&#13;<br \/>\nP\u00edvot:\u00a0Bojana Stevanovic (Vega Lagunera Adareva)\u00a032 val:\u00a028 puntos (5\/5 TL y 10\/18 TC), 5 rebotes, 1 asistencia y 7 recuperaciones.<\/p>\n<p>Estad\u00edsticas de la temporada &#8211; Bojana Stevanovic:<\/p>\n<p><a href=\"https:\/\/baloncestoenvivo.feb.es\/jugador\/979952\/2432295\" target=\"_self\" rel=\"nofollow noopener\">FICHA COMPLETA<\/a><br \/>&#13;<br \/>\nPartidos jugados: 1<br \/>&#13;<br \/>\nMinutos: 37,38 p.p.<br \/>&#13;<br \/>\nPuntos: 28 p.p.<br \/>&#13;<br \/>\nRebotes: 5 p.p.<br \/>&#13;<br \/>\nAsistencias: 1 p.p.<br \/>&#13;<br \/>\nRecuperaciones: &#8212; p.p.<br \/>&#13;<br \/>\nTapones: &#8212; p.p.<br \/>&#13;<br \/>\nFaltas recibidas: 7 p.p.<br \/>&#13;<br \/>\nValoraci\u00f3n: 32 p.p.<\/p>\n<p>Trayectoria deportiva &#8211; Bojana Stevanovic:<\/p>\n<p>2018\/19: Gorizont Minsk (Bielorrusia)<br \/>&#13;<br \/>\n2019\/20: Radnicki (Serbia)<br \/>&#13;<br \/>\n2020\/22: Melilla Sport Capital La Salle (Liga Femenina 2)<br \/>&#13;<br \/>\n2022\/23: Melilla Sport Capital La Salle (LF Challenge)<br \/>&#13;<br \/>\n2023\/24: Unicaja Mijas (LF Challenge)<br \/>&#13;<br \/>\n2024\/26: Vega Lagunera Adareva Toyota (LF Challenge)<\/p>\n","protected":false},"excerpt":{"rendered":"Quiere dar esta temporada el Vega Lagunera Adareva un paso al frente en la LF Challenge y, para&hellip;\n","protected":false},"author":2,"featured_media":155102,"comment_status":"","ping_status":"","sticky":false,"template":"","format":"standard","meta":{"footnotes":""},"categories":[269],"tags":[4605,299,1918,298,4597,4613,4616,4609,4608,4610,168,4603,4606,25,24,4120,4598,4614,2713,4601,830,4599,4600,4602,4615,4617,4607,4604,23,167,4611,4612],"class_list":{"0":"post-155101","1":"post","2":"type-post","3":"status-publish","4":"format-standard","5":"has-post-thumbnail","7":"category-baloncesto","8":"tag-arbitros-baloncesto","9":"tag-baloncesto","10":"tag-basket","11":"tag-basketball","12":"tag-basquet","13":"tag-canalfeb","14":"tag-clasificacion","15":"tag-copa-princesa","16":"tag-copa-principe","17":"tag-copa-reina","18":"tag-deportes","19":"tag-eba","20":"tag-entrenadores-baloncesto","21":"tag-es","22":"tag-espana","23":"tag-estadisticas","24":"tag-federacion-baloncesto","25":"tag-jornada-virtual","26":"tag-jugadores","27":"tag-laeb-plata","28":"tag-leb-oro","29":"tag-liga-espana","30":"tag-liga-espanola-baloncesto","31":"tag-liga-femenina","32":"tag-marcadores-baloncesto","33":"tag-rankings","34":"tag-reglas-baloncesto","35":"tag-seleccion-baloncesto","36":"tag-spain","37":"tag-sports","38":"tag-supercopa","39":"tag-television-baloncesto"},"share_on_mastodon":{"url":"","error":""},"_links":{"self":[{"href":"https:\/\/www.europesays.com\/es\/wp-json\/wp\/v2\/posts\/155101","targetHints":{"allow":["GET"]}}],"collection":[{"href":"https:\/\/www.europesays.com\/es\/wp-json\/wp\/v2\/posts"}],"about":[{"href":"https:\/\/www.europesays.com\/es\/wp-json\/wp\/v2\/types\/post"}],"author":[{"embeddable":true,"href":"https:\/\/www.europesays.com\/es\/wp-json\/wp\/v2\/users\/2"}],"replies":[{"embeddable":true,"href":"https:\/\/www.europesays.com\/es\/wp-json\/wp\/v2\/comments?post=155101"}],"version-history":[{"count":0,"href":"https:\/\/www.europesays.com\/es\/wp-json\/wp\/v2\/posts\/155101\/revisions"}],"wp:featuredmedia":[{"embeddable":true,"href":"https:\/\/www.europesays.com\/es\/wp-json\/wp\/v2\/media\/155102"}],"wp:attachment":[{"href":"https:\/\/www.europesays.com\/es\/wp-json\/wp\/v2\/media?parent=155101"}],"wp:term":[{"taxonomy":"category","embeddable":true,"href":"https:\/\/www.europesays.com\/es\/wp-json\/wp\/v2\/categories?post=155101"},{"taxonomy":"post_tag","embeddable":true,"href":"https:\/\/www.europesays.com\/es\/wp-json\/wp\/v2\/tags?post=155101"}],"curies":[{"name":"wp","href":"https:\/\/api.w.org\/{rel}","templated":true}]}}