{"id":155109,"date":"2025-10-03T15:50:08","date_gmt":"2025-10-03T15:50:08","guid":{"rendered":"https:\/\/www.europesays.com\/es\/155109\/"},"modified":"2025-10-03T15:50:08","modified_gmt":"2025-10-03T15:50:08","slug":"lamine-yamal-se-pierde-los-partidos-con-espana-por-lesion","status":"publish","type":"post","link":"https:\/\/www.europesays.com\/es\/155109\/","title":{"rendered":"Lamine Yamal se pierde los partidos con Espa\u00f1a por lesi\u00f3n"},"content":{"rendered":"<p>El FC Barcelona ha confirmado a trav\u00e9s de un comunicado que<strong> Lamine Yamal <\/strong>ha reca\u00eddo de sus molestias en el pubis tras el partido de Champions contra el PSG y causar\u00e1 baja para el partido contra el Sevilla.<\/p>\n<p>El atacante se perder\u00e1 adem\u00e1s los partidos de la selecci\u00f3n espa\u00f1ola<strong> contra Georgia y Bulgaria <\/strong>de clasificaci\u00f3n para el Mundial 2026 ya que el tiempo estimado de baja ser\u00e1 entre 2 y 3 semanas, llegando justo para el cl\u00e1sico liguero contra el Real Madrid del fin de semana del 26 de octubre.<\/p>\n<p>La noticia y el comunicado del club azulgrana llega despu\u00e9s de que el seleccionador espa\u00f1ol Luis de la Fuente anunciara su convocatoria para los pr\u00f3ximos compromisos de la selecci\u00f3n espa\u00f1ola, donde Lamine Yamal estaba convocado.<\/p>\n<p>En la rueda de prensa posterior a la convocatoria, <strong>De La Fuente<\/strong> explicaba que se trataban solo de unas molestias y defendi\u00f3 de esa forma la convocatoria del extremo del Bar\u00e7a para los pr\u00f3ximos compromisos de selecciones, llegando a criticar la postura de Hansi Flick, quien a su vez hab\u00eda cuestionado previamente la posici\u00f3n de Luis de la Fuente convocando a Lamine Yamal.<\/p>\n<p>El comunicado del FC Barcelona llega apenas <strong>cuatro horas despu\u00e9s<\/strong> de la lista de Luis de la Fuente y en \u00e9l se explica que Lamine no entrar\u00e1 en la convocatoria de este fin de semana para el partido contra el Sevilla y que el tiempo estimado de baja ser\u00e1 de entre dos y tres semanas, regresando para el Cl\u00e1sico liguero contra el Real Madrid.<\/p>\n","protected":false},"excerpt":{"rendered":"El FC Barcelona ha confirmado a trav\u00e9s de un comunicado que Lamine Yamal ha reca\u00eddo de sus molestias&hellip;\n","protected":false},"author":2,"featured_media":155110,"comment_status":"","ping_status":"","sticky":false,"template":"","format":"standard","meta":{"footnotes":""},"categories":[93],"tags":[168,25,24,23,167],"class_list":{"0":"post-155109","1":"post","2":"type-post","3":"status-publish","4":"format-standard","5":"has-post-thumbnail","7":"category-deportes","8":"tag-deportes","9":"tag-es","10":"tag-espana","11":"tag-spain","12":"tag-sports"},"share_on_mastodon":{"url":"","error":""},"_links":{"self":[{"href":"https:\/\/www.europesays.com\/es\/wp-json\/wp\/v2\/posts\/155109","targetHints":{"allow":["GET"]}}],"collection":[{"href":"https:\/\/www.europesays.com\/es\/wp-json\/wp\/v2\/posts"}],"about":[{"href":"https:\/\/www.europesays.com\/es\/wp-json\/wp\/v2\/types\/post"}],"author":[{"embeddable":true,"href":"https:\/\/www.europesays.com\/es\/wp-json\/wp\/v2\/users\/2"}],"replies":[{"embeddable":true,"href":"https:\/\/www.europesays.com\/es\/wp-json\/wp\/v2\/comments?post=155109"}],"version-history":[{"count":0,"href":"https:\/\/www.europesays.com\/es\/wp-json\/wp\/v2\/posts\/155109\/revisions"}],"wp:featuredmedia":[{"embeddable":true,"href":"https:\/\/www.europesays.com\/es\/wp-json\/wp\/v2\/media\/155110"}],"wp:attachment":[{"href":"https:\/\/www.europesays.com\/es\/wp-json\/wp\/v2\/media?parent=155109"}],"wp:term":[{"taxonomy":"category","embeddable":true,"href":"https:\/\/www.europesays.com\/es\/wp-json\/wp\/v2\/categories?post=155109"},{"taxonomy":"post_tag","embeddable":true,"href":"https:\/\/www.europesays.com\/es\/wp-json\/wp\/v2\/tags?post=155109"}],"curies":[{"name":"wp","href":"https:\/\/api.w.org\/{rel}","templated":true}]}}