{"id":155119,"date":"2025-10-03T15:55:08","date_gmt":"2025-10-03T15:55:08","guid":{"rendered":"https:\/\/www.europesays.com\/es\/155119\/"},"modified":"2025-10-03T15:55:08","modified_gmt":"2025-10-03T15:55:08","slug":"ultima-hora-del-conflicto-en-oriente-proximo-en-directo-trump-da-de-plazo-a-hamas-hasta-el-domingo-para-responder-a-su-plan-de-paz-para-gaza-internacional","status":"publish","type":"post","link":"https:\/\/www.europesays.com\/es\/155119\/","title":{"rendered":"\u00daltima hora del conflicto en Oriente Pr\u00f3ximo, en directo | Trump da de plazo a Ham\u00e1s hasta el domingo para responder a su plan de paz para Gaza | Internacional"},"content":{"rendered":"<p class=\"ev-title\">Decenas de miles de personas se manifiestan en toda Italia en apoyo a Gaza y la Flotilla<\/p>\n<p>Decenas de miles de manifestantes salieron este viernes a las calles de las principales ciudades de Italia en una jornada de huelga nacional convocada por varios sindicatos en solidaridad con la poblaci\u00f3n palestina y con los activistas de la Flotilla Global Sumud, interceptada\u00a0por Israel.<\/p>\n<p>Portando banderas de Palestina y carteles cargados de simbolismo, una multitud, entre ellos numerosos estudiantes, ha inundado las plazas de las principales ciudades italianas para apoyar a la Flotilla y exigir al Gobierno de la primera ministra Giorgia Meloni que rompa relaciones con Israel.<\/p>\n<p>En Roma, m\u00e1s de 60.000 personas, seg\u00fan cifras policiales difundidas por medios locales, han marchado desde la plaza Vittorio Emanuele hasta la estaci\u00f3n de Termini, donde la gente se congrega \u201cdefendiendo el honor de Italia\u201d, seg\u00fan el secretario general de CGIL, Maurizio Landini, sindicato que convoc\u00f3 la huelga. \u201cEst\u00e1n aqu\u00ed para decir s\u00ed a la solidaridad, no al genocidio, s\u00ed a la hermandad\u201d, ha dicho, al denunciar que \u201clos trabajadores que sostienen este pa\u00eds tambi\u00e9n pagan el sueldo del (ministro de Transporte) Salvini\u201d, quien \u201cdeber\u00eda respetarlos\u201d.<\/p>\n<p>En Mil\u00e1n (norte), donde la CGIL cifr\u00f3 la participaci\u00f3n en al menos 100.000 personas, la manifestaci\u00f3n ha arrancado\u00a0al son del himno partisano Bella Ciao. Los manifestantes\u00a0 han ocupado v\u00edas de tranv\u00eda y han coreado lemas como \u201cIsrael es fascista\u201d e \u201cIsrael es un Estado terrorista\u201d, seg\u00fan la prensa local.<\/p>\n<p>En otras grandes ciudades las calles tambi\u00e9n se llenaron de decenas de miles de personas, como Venecia (norte), Tur\u00edn (norte) o Florencia (centro). En esta \u00faltima, los manifestantes han bloqueado el tr\u00e1fico ferroviario, han escalado vallas, ocupado v\u00edas y colocado\u00a0materiales de construcci\u00f3n, seg\u00fan im\u00e1genes recogidas por la televisi\u00f3n p\u00fablica RAI. Tambi\u00e9n ha habido bloqueos de v\u00edas en\u00a0Vicenza, N\u00e1poles o Pisa.<\/p>\n<p>A las protestas se han sumado tambi\u00e9n representantes de la oposici\u00f3n, como el l\u00edder de Alianza Verde e Izquierda, Angelo Bonelli, quien ha acusado a Meloni de desentenderse de la \u201cviolencia de Netanyahu\u201d: \u00abNo le importa en absoluto\u201d, ha dicho. (EFE)<\/p>\n","protected":false},"excerpt":{"rendered":"Decenas de miles de personas se manifiestan en toda Italia en apoyo a Gaza y la Flotilla Decenas&hellip;\n","protected":false},"author":2,"featured_media":155120,"comment_status":"","ping_status":"","sticky":false,"template":"","format":"standard","meta":{"footnotes":""},"categories":[42],"tags":[17,18,68,70,71,72,13,14,73,69,75,11,61,62,63,64,74,19,20,9,10,15,16,77,76,12,21,22,65,66,67],"class_list":{"0":"post-155119","1":"post","2":"type-post","3":"status-publish","4":"format-standard","5":"has-post-thumbnail","7":"category-internacional","8":"tag-breaking-news","9":"tag-breakingnews","10":"tag-conflicto-arabe-israeli","11":"tag-conflictos","12":"tag-conflictos-armados","13":"tag-conflictos-internacionales","14":"tag-featured-news","15":"tag-featurednews","16":"tag-franja-gaza","17":"tag-guerra","18":"tag-hamas","19":"tag-headlines","20":"tag-internacional","21":"tag-international","22":"tag-international-news","23":"tag-internationalnews","24":"tag-israel","25":"tag-latest-news","26":"tag-latestnews","27":"tag-news","28":"tag-noticias","29":"tag-noticias-destacadas","30":"tag-noticiasdestacadas","31":"tag-oriente-proximo","32":"tag-palestina","33":"tag-titulares","34":"tag-ultimas-noticias","35":"tag-ultimasnoticias","36":"tag-world","37":"tag-world-news","38":"tag-worldnews"},"share_on_mastodon":{"url":"","error":""},"_links":{"self":[{"href":"https:\/\/www.europesays.com\/es\/wp-json\/wp\/v2\/posts\/155119","targetHints":{"allow":["GET"]}}],"collection":[{"href":"https:\/\/www.europesays.com\/es\/wp-json\/wp\/v2\/posts"}],"about":[{"href":"https:\/\/www.europesays.com\/es\/wp-json\/wp\/v2\/types\/post"}],"author":[{"embeddable":true,"href":"https:\/\/www.europesays.com\/es\/wp-json\/wp\/v2\/users\/2"}],"replies":[{"embeddable":true,"href":"https:\/\/www.europesays.com\/es\/wp-json\/wp\/v2\/comments?post=155119"}],"version-history":[{"count":0,"href":"https:\/\/www.europesays.com\/es\/wp-json\/wp\/v2\/posts\/155119\/revisions"}],"wp:featuredmedia":[{"embeddable":true,"href":"https:\/\/www.europesays.com\/es\/wp-json\/wp\/v2\/media\/155120"}],"wp:attachment":[{"href":"https:\/\/www.europesays.com\/es\/wp-json\/wp\/v2\/media?parent=155119"}],"wp:term":[{"taxonomy":"category","embeddable":true,"href":"https:\/\/www.europesays.com\/es\/wp-json\/wp\/v2\/categories?post=155119"},{"taxonomy":"post_tag","embeddable":true,"href":"https:\/\/www.europesays.com\/es\/wp-json\/wp\/v2\/tags?post=155119"}],"curies":[{"name":"wp","href":"https:\/\/api.w.org\/{rel}","templated":true}]}}