{"id":155135,"date":"2025-10-03T16:06:11","date_gmt":"2025-10-03T16:06:11","guid":{"rendered":"https:\/\/www.europesays.com\/es\/155135\/"},"modified":"2025-10-03T16:06:11","modified_gmt":"2025-10-03T16:06:11","slug":"el-real-madrid-se-opone-a-la-personacion-como-acusacion-popular-en-el-caso-negreira-de-la-asociacion-transparencia-y-democracia-en-el-deporte","status":"publish","type":"post","link":"https:\/\/www.europesays.com\/es\/155135\/","title":{"rendered":"El Real Madrid se opone a la personaci\u00f3n como acusaci\u00f3n popular en el caso Negreira de la asociaci\u00f3n Transparencia y Democracia en el Deporte"},"content":{"rendered":"<p class=\"L6-news-detail__text\">El Real Madrid, acusaci\u00f3n particular en el <b><a title=\"caso Negreira\" href=\"https:\/\/www.lasexta.com\/temas\/caso_negreira-1\" target=\"_blank\" rel=\"nofollow noopener\">caso Negreira<\/a><\/b>, se opone a la personaci\u00f3n como acusaci\u00f3n popular de la asociaci\u00f3n Transparencia y Democracia en el Deporte y se\u00f1ala que, en caso de que sea aceptada, se le imponga una fianza no inferior a 30.000 euros.<\/p>\n<p class=\"L6-news-detail__text\">El club argumenta que su presidente, Miguel \u00c1ngel Gal\u00e1n, \u00abha exteriorizado\u00bb en su cuenta de X \u00abuna opini\u00f3n sobre los hechos y delitos que son objeto del presente procedimiento radicalmente incongruente con su pretendido inter\u00e9s en perseguirlos penalmente\u00bb.<\/p>\n<p class=\"L6-news-detail__text\">Seg\u00fan el Real Madrid, <b>Gal\u00e1n ha defendido en varios posts que no hay delito de corrupci\u00f3n deportiva<\/b> y que la causa, en todo caso, se reducir\u00eda a la administraci\u00f3n desleal.<\/p>\n<p class=\"L6-news-detail__text\">El caso Negreira investiga los presuntos pagos millonarios del FC Barcelona al exvicepresidente del Comit\u00e9 T\u00e9cnico de \u00c1rbitros (CTA), Jos\u00e9 Mar\u00eda Enr\u00edquez Negreira, entre 2001 y 2018. La hip\u00f3tesis central es que esos pagos habr\u00edan tenido una finalidad corrupta, es decir, influir en decisiones arbitrales para beneficiar al club.<\/p>\n<p class=\"L6-news-detail__text\">Seg\u00fan las \u00faltimas cifras que ha dado la Guardia Civil se habr\u00edan alcanzado los 8,3 millones de euros abonados a empresas vinculadas a Negreira. Los pagos se habr\u00edan hecho a trav\u00e9s de entidades como Dasnil 95 SL, Nisdal SCP, Soccercam SLU, Tresep 2014 SL, entre otras.<\/p>\n<p class=\"L6-news-detail__text\">Una de las figuras claves es tambi\u00e9n <b><a title=\"el hijo de Negreira, Javier Enr\u00edquez\" href=\"https:\/\/www.lasexta.com\/noticias\/deportes\/futbol\/hijo-negreira-tumba-explicacion-barca-ocho-millones-euros-que-pago-padre-lasexta-accede-declaraciones_2025092268d15e215f87ee0831f6063e.html\" target=\"_blank\" rel=\"nofollow noopener\">el hijo de Negreira, Javier Enr\u00edquez<\/a><\/b>, que habr\u00eda elaborado informes t\u00e9cnicos arbitrales para el club.<\/p>\n<p class=\"L6-news-detail__text\">En su reciente declaraci\u00f3n, el hijo de Negreira tumb\u00f3 la explicaci\u00f3n del Bar\u00e7a sobre que los pagos que recibi\u00f3 eran por informes por su trabajo como coach en el club. \u00abNinguna cantidad corresponde a ning\u00fan trabajo hecho por m\u00ed, que tuviera como objetivo o como cliente final al FC Barcelona\u00bb, defend\u00eda, tal y como se puede ver en los v\u00eddeos de las declaraciones a los que tuvo acceso laSexta.<\/p>\n<p class=\"L6-news-detail__text\">De esta forma, Javier Enr\u00edquez<b> neg\u00f3 que los ochos millones que cobr\u00f3 su padre del Bar\u00e7a fueran por los informes<\/b>, y asegur\u00f3 que lo que cobraba por ellos era<b> una cifra anual mucho menor: \u00ab70.000 euros anuales\u00bb<\/b>.<\/p>\n<p class=\"L6-news-detail__text\">Seg\u00fan el hijo de Negreira, era el exdirectivo Josep Contreras, su interlocutor con el club, el que hac\u00eda llegar esos informes, siempre en persona y pr\u00e1cticamente a escondidas. \u00abYo le entregaba impresos los informes, lo que era una exigencia\u00bb, subraya, a lo que a\u00f1ade: \u00ab\u00c9l lo quer\u00eda impreso en papel, en mano, y se los entregaba en una cafeter\u00eda\u00bb.<\/p>\n<p class=\"L6-news-detail__text\"><b><a title=\"*Sigue a laSexta en Google. Toda la actualidad y el mejor contenido aqu\u00ed.\" href=\"https:\/\/profile.google.com\/cp\/CgkvbS8wZG5xejA\" target=\"_blank\" rel=\"nofollow noopener\">*Sigue a laSexta en Google. Toda la actualidad y el mejor contenido aqu\u00ed.<\/a><\/b><\/p>\n<p class=\"L6-support-news-video__title\">\u00ab\u00bfLos jugadores creen en Xabi Alonso?\u00bb<\/p>\n<p>            <a href=\"https:\/\/www.lasexta.com\/noticias\/deportes\/futbol\/madridistas-teneis-que-escucharlo-ojo-brutal-reflexion-pedrerol-debacle-real-madrid_2025093068db7c8b3ce0ad1de88f1183.html\" class=\"L6-news__link\" rel=\"nofollow noopener\" target=\"_blank\"><br \/>\n                Madridistas, ten\u00e9is que escucharlo: ojo a la brutal reflexi\u00f3n de Pedrerol tras la debacle del Real Madrid<\/p>\n<p class=\"recirculation-video-desc\">El presentador de &#8216;El Chiringuito&#8217; arranc\u00f3 de forma contundente el programa analizando lo ocurrido en el derbi ante el Atl\u00e9tico de Madrid. <\/p>\n<p>            <\/a><\/p>\n","protected":false},"excerpt":{"rendered":"El Real Madrid, acusaci\u00f3n particular en el caso Negreira, se opone a la personaci\u00f3n como acusaci\u00f3n popular de&hellip;\n","protected":false},"author":2,"featured_media":155136,"comment_status":"","ping_status":"","sticky":false,"template":"","format":"standard","meta":{"footnotes":""},"categories":[268],"tags":[168,25,24,280,282,281,23,167],"class_list":{"0":"post-155135","1":"post","2":"type-post","3":"status-publish","4":"format-standard","5":"has-post-thumbnail","7":"category-futbol","8":"tag-deportes","9":"tag-es","10":"tag-espana","11":"tag-football","12":"tag-futbol","13":"tag-soccer","14":"tag-spain","15":"tag-sports"},"share_on_mastodon":{"url":"","error":""},"_links":{"self":[{"href":"https:\/\/www.europesays.com\/es\/wp-json\/wp\/v2\/posts\/155135","targetHints":{"allow":["GET"]}}],"collection":[{"href":"https:\/\/www.europesays.com\/es\/wp-json\/wp\/v2\/posts"}],"about":[{"href":"https:\/\/www.europesays.com\/es\/wp-json\/wp\/v2\/types\/post"}],"author":[{"embeddable":true,"href":"https:\/\/www.europesays.com\/es\/wp-json\/wp\/v2\/users\/2"}],"replies":[{"embeddable":true,"href":"https:\/\/www.europesays.com\/es\/wp-json\/wp\/v2\/comments?post=155135"}],"version-history":[{"count":0,"href":"https:\/\/www.europesays.com\/es\/wp-json\/wp\/v2\/posts\/155135\/revisions"}],"wp:featuredmedia":[{"embeddable":true,"href":"https:\/\/www.europesays.com\/es\/wp-json\/wp\/v2\/media\/155136"}],"wp:attachment":[{"href":"https:\/\/www.europesays.com\/es\/wp-json\/wp\/v2\/media?parent=155135"}],"wp:term":[{"taxonomy":"category","embeddable":true,"href":"https:\/\/www.europesays.com\/es\/wp-json\/wp\/v2\/categories?post=155135"},{"taxonomy":"post_tag","embeddable":true,"href":"https:\/\/www.europesays.com\/es\/wp-json\/wp\/v2\/tags?post=155135"}],"curies":[{"name":"wp","href":"https:\/\/api.w.org\/{rel}","templated":true}]}}