{"id":15521,"date":"2025-07-31T04:51:04","date_gmt":"2025-07-31T04:51:04","guid":{"rendered":"https:\/\/www.europesays.com\/es\/15521\/"},"modified":"2025-07-31T04:51:04","modified_gmt":"2025-07-31T04:51:04","slug":"tadej-pogacar-sigue-rompiendo-los-limites-del-ciclismo-mas-de-1400-dias-ininterrumpidos-siendo-el-lider-del-ranking-uci","status":"publish","type":"post","link":"https:\/\/www.europesays.com\/es\/15521\/","title":{"rendered":"Tadej Pogacar sigue rompiendo los l\u00edmites del ciclismo: M\u00e1s de 1400 d\u00edas ininterrumpidos siendo el l\u00edder del ranking UCI"},"content":{"rendered":"<p>Tadej Pogacar se convirti\u00f3 por primera vez en n\u00famero uno del ranking mundial <b data-testid=\"body-text-bold\">el 27 de octubre de 2020<\/b>, tras ganar su primer Tour de Francia, aunque solo mantuvo el liderato <b data-testid=\"body-text-bold\">durante dos semanas<\/b>. <b data-testid=\"body-text-bold\">Lo recuper\u00f3 el 21 de julio de 2021<\/b>, y desde entonces casi <b data-testid=\"body-text-bold\">no lo ha soltado<\/b>: solo lo perdi\u00f3 brevemente en septiembre de ese a\u00f1o, <b data-testid=\"body-text-bold\">cuando Wout van Aert ocup\u00f3 el primer puesto<\/b> durante dos semanas. Desde el 28 de septiembre de 2021 hasta julio de 2025, Poga\u010dar ha liderado el ranking de forma ininterrumpida, <b data-testid=\"body-text-bold\">sumando casi cuatro a\u00f1os seguidos como el mejor ciclista del mundo<\/b>.<\/p>\n<p>Este logro lo convierte en <b data-testid=\"body-text-bold\">el ciclista con m\u00e1s semanas al frente (211)<\/b> del ranking UCI desde la implementaci\u00f3n del sistema actual en 2016, superando con holgura a referentes como <b data-testid=\"body-text-bold\">Primoz Roglic (75 semanas)<\/b> y <b data-testid=\"body-text-bold\">Peter Sagan (69 semanas)<\/b>.<\/p>\n<p><b data-testid=\"body-text-bold\">UNA ERA DE DOMINIO ABSOLUTO COMPARABLE CON MERCKX<\/b><\/p>\n<p>Durante este periodo,<b data-testid=\"body-text-bold\"> Pogacar ha construido un palmar\u00e9s extraordinario<\/b>. Ha conquistado tres ediciones del Tour de Francia (2021, 2024 y 2025), adem\u00e1s de su victoria en 2020, que no le otorg\u00f3 el liderato del ranking en aquel momento. En 2024 tambi\u00e9n se impuso en el Giro de Italia, logrando un hist\u00f3rico doblete. A esto se suma su triunfo en el Mundial en Ruta de 2024, que <b data-testid=\"body-text-bold\">le permiti\u00f3 completar la codiciada Triple Corona del ciclismo<\/b>.<\/p>\n<p><img decoding=\"async\" class=\"text-transparent h-full w-full object-cover\" src=\"https:\/\/www.europesays.com\/es\/wp-content\/uploads\/2025\/07\/4046480-82067248-2560-1440.jpg\" alt=\"picture\" data-testid=\"image-high-res\"\/><\/p>\n<p class=\"caption-s6-fx\">Resumen Mundial (M): Pogacar conquista el arco\u00edris con una de las mayores gestas de la historia<\/p>\n<p class=\"caption-s6-fx\">Autor del v\u00eddeo: Eurosport<\/p>\n<p>En las cl\u00e1sicas, su dominio ha sido igualmente impresionante: ha ganado la Li\u00e8ge\u2013Bastogne\u2013Li\u00e8ge en 2024 y 2025, el Giro de Lombard\u00eda en cuatro ediciones consecutivas (2021-2024), el Tour de Flandes (2023 y 2025), adem\u00e1s de carreras como la Strade Bianche, la Fl\u00e8che Wallonne y la Amstel Gold Race. <\/p>\n<p><b data-testid=\"body-text-bold\">UNA DIFERENCIA ABRUMADORA EN EL RANKING<\/b><\/p>\n<p>A fecha del 30 de julio de 2025, <b data-testid=\"body-text-bold\">Pogacar lidera el ranking UCI con 11.465 puntos<\/b>, muy por delante del segundo clasificado, Mads Pedersen, que suma 4.555,57 puntos. Mathieu van der Poel completa el podio con 4.366 puntos. Para encontrar a <b data-testid=\"body-text-bold\">Jonas Vingegaard <\/b>hay que bajar hasta la <b data-testid=\"body-text-bold\">s\u00e9ptima posici\u00f3n<\/b>, con 3.751,57 puntos, lo que representa una diferencia de <b data-testid=\"body-text-bold\">7.713,43 puntos<\/b> con respecto al l\u00edder esloveno.<\/p>\n<tr data-testid=\"atom-body-table-line\">\n<td data-testid=\"atom-body-table-column\" class=\"border-onLight-02 min-h-12.5 min-w-22.5 border p-2 text-center sm:px-5\">1. Tadej Pogacar (UAE Team Emirates XRG)<\/td>\n<td data-testid=\"atom-body-table-column\" class=\"border-onLight-02 min-h-12.5 min-w-22.5 border p-2 text-center sm:px-5\">                              11465 PUNTOS<\/td>\n<\/tr>\n<tr data-testid=\"atom-body-table-line\">\n<td data-testid=\"atom-body-table-column\" class=\"border-onLight-02 min-h-12.5 min-w-22.5 border p-2 text-center sm:px-5\">2. Mads Pedersen (Lidl-Trek)<\/td>\n<td data-testid=\"atom-body-table-column\" class=\"border-onLight-02 min-h-12.5 min-w-22.5 border p-2 text-center sm:px-5\">                                4555 PUNTOS<\/td>\n<\/tr>\n<tr data-testid=\"atom-body-table-line\">\n<td data-testid=\"atom-body-table-column\" class=\"border-onLight-02 min-h-12.5 min-w-22.5 border p-2 text-center sm:px-5\">3. Mathieu Van der Poel (Alpecin-Deceuninck)<\/td>\n<td data-testid=\"atom-body-table-column\" class=\"border-onLight-02 min-h-12.5 min-w-22.5 border p-2 text-center sm:px-5\">                                4366 PUNTOS<\/td>\n<\/tr>\n<tr data-testid=\"atom-body-table-line\">\n<td data-testid=\"atom-body-table-column\" class=\"border-onLight-02 min-h-12.5 min-w-22.5 border p-2 text-center sm:px-5\">4. Remco Evenepoel (Soudal Quick-Step)<\/td>\n<td data-testid=\"atom-body-table-column\" class=\"border-onLight-02 min-h-12.5 min-w-22.5 border p-2 text-center sm:px-5\">                                4291 PUNTOS<\/td>\n<\/tr>\n<tr data-testid=\"atom-body-table-line\">\n<td data-testid=\"atom-body-table-column\" class=\"border-onLight-02 min-h-12.5 min-w-22.5 border p-2 text-center sm:px-5\">5. Wout van Aert (Visma | Lease a Bike)<\/td>\n<td data-testid=\"atom-body-table-column\" class=\"border-onLight-02 min-h-12.5 min-w-22.5 border p-2 text-center sm:px-5\">                                3862 PUNTOS<\/td>\n<\/tr>\n<tr data-testid=\"atom-body-table-line\">\n<td data-testid=\"atom-body-table-column\" class=\"border-onLight-02 min-h-12.5 min-w-22.5 border p-2 text-center sm:px-5\">6. Primoz Roglic (Red Bull-Bora-Hansgrohe)<\/td>\n<td data-testid=\"atom-body-table-column\" class=\"border-onLight-02 min-h-12.5 min-w-22.5 border p-2 text-center sm:px-5\">                                3825 PUNTOS<\/td>\n<\/tr>\n<tr data-testid=\"atom-body-table-line\">\n<td data-testid=\"atom-body-table-column\" class=\"border-onLight-02 min-h-12.5 min-w-22.5 border p-2 text-center sm:px-5\">7. Jonas Vingegaard (Visma | Lease a Bike)<\/td>\n<td data-testid=\"atom-body-table-column\" class=\"border-onLight-02 min-h-12.5 min-w-22.5 border p-2 text-center sm:px-5\">                                3751 PUNTOS<\/td>\n<\/tr>\n<tr data-testid=\"atom-body-table-line\">\n<td data-testid=\"atom-body-table-column\" class=\"border-onLight-02 min-h-12.5 min-w-22.5 border p-2 text-center sm:px-5\">8. Oscar Onley (Picnic Postnl)<\/td>\n<td data-testid=\"atom-body-table-column\" class=\"border-onLight-02 min-h-12.5 min-w-22.5 border p-2 text-center sm:px-5\">                                3278 PUNTOS<\/td>\n<\/tr>\n<tr data-testid=\"atom-body-table-line\">\n<td data-testid=\"atom-body-table-column\" class=\"border-onLight-02 min-h-12.5 min-w-22.5 border p-2 text-center sm:px-5\">9. Ben O&#8217;Connor (Jayco Alula)<\/td>\n<td data-testid=\"atom-body-table-column\" class=\"border-onLight-02 min-h-12.5 min-w-22.5 border p-2 text-center sm:px-5\">                                3260 PUNTOS<\/td>\n<\/tr>\n<tr data-testid=\"atom-body-table-line\">\n<td data-testid=\"atom-body-table-column\" class=\"border-onLight-02 min-h-12.5 min-w-22.5 border p-2 text-center sm:px-5\">10. Florian Lipowitz (Red Bull-Bora-Hansgrohe)<\/td>\n<td data-testid=\"atom-body-table-column\" class=\"border-onLight-02 min-h-12.5 min-w-22.5 border p-2 text-center sm:px-5\">                                3207 PUNTOS<\/td>\n<\/tr>\n<p><b data-testid=\"body-text-bold\">EL CICLISMO ESPA\u00d1OL, EN RETROCESO<\/b><\/p>\n<p>En cuanto a la representaci\u00f3n espa\u00f1ola, <b data-testid=\"body-text-bold\">el panorama sigue siendo preocupante<\/b>. El mejor clasificado en el ranking individual es <b data-testid=\"body-text-bold\">Enric Mas<\/b>, en la <b data-testid=\"body-text-bold\">13.\u00aa posici\u00f3n con 2.963 puntos<\/b>. <b data-testid=\"body-text-bold\">Juan Ayuso<\/b>, que hab\u00eda mostrado una progresi\u00f3n prometedora, ha descendido hasta el <b data-testid=\"body-text-bold\">32.\u00ba puesto con 1.942 puntos<\/b>. En la clasificaci\u00f3n por pa\u00edses, <b data-testid=\"body-text-bold\">Espa\u00f1a todav\u00eda se mantiene dentro del top 10<\/b>, aunque ha ca\u00eddo cinco posiciones desde la \u00faltima actualizaci\u00f3n, en gran parte por su discreta actuaci\u00f3n en el Tour de Francia 2025.<\/p>\n","protected":false},"excerpt":{"rendered":"Tadej Pogacar se convirti\u00f3 por primera vez en n\u00famero uno del ranking mundial el 27 de octubre de&hellip;\n","protected":false},"author":2,"featured_media":15522,"comment_status":"","ping_status":"","sticky":false,"template":"","format":"standard","meta":{"footnotes":""},"categories":[273],"tags":[313,312,168,3594,25,24,2945,7619,23,167,463],"class_list":{"0":"post-15521","1":"post","2":"type-post","3":"status-publish","4":"format-standard","5":"has-post-thumbnail","7":"category-ciclismo","8":"tag-ciclismo","9":"tag-cycling","10":"tag-deportes","11":"tag-enric-mas","12":"tag-es","13":"tag-espana","14":"tag-jonas-vingegaard","15":"tag-mathieu-van-der-poel","16":"tag-spain","17":"tag-sports","18":"tag-tadej-pogacar"},"share_on_mastodon":{"url":"","error":""},"_links":{"self":[{"href":"https:\/\/www.europesays.com\/es\/wp-json\/wp\/v2\/posts\/15521","targetHints":{"allow":["GET"]}}],"collection":[{"href":"https:\/\/www.europesays.com\/es\/wp-json\/wp\/v2\/posts"}],"about":[{"href":"https:\/\/www.europesays.com\/es\/wp-json\/wp\/v2\/types\/post"}],"author":[{"embeddable":true,"href":"https:\/\/www.europesays.com\/es\/wp-json\/wp\/v2\/users\/2"}],"replies":[{"embeddable":true,"href":"https:\/\/www.europesays.com\/es\/wp-json\/wp\/v2\/comments?post=15521"}],"version-history":[{"count":0,"href":"https:\/\/www.europesays.com\/es\/wp-json\/wp\/v2\/posts\/15521\/revisions"}],"wp:featuredmedia":[{"embeddable":true,"href":"https:\/\/www.europesays.com\/es\/wp-json\/wp\/v2\/media\/15522"}],"wp:attachment":[{"href":"https:\/\/www.europesays.com\/es\/wp-json\/wp\/v2\/media?parent=15521"}],"wp:term":[{"taxonomy":"category","embeddable":true,"href":"https:\/\/www.europesays.com\/es\/wp-json\/wp\/v2\/categories?post=15521"},{"taxonomy":"post_tag","embeddable":true,"href":"https:\/\/www.europesays.com\/es\/wp-json\/wp\/v2\/tags?post=15521"}],"curies":[{"name":"wp","href":"https:\/\/api.w.org\/{rel}","templated":true}]}}