{"id":155215,"date":"2025-10-03T17:07:07","date_gmt":"2025-10-03T17:07:07","guid":{"rendered":"https:\/\/www.europesays.com\/es\/155215\/"},"modified":"2025-10-03T17:07:07","modified_gmt":"2025-10-03T17:07:07","slug":"el-tecnico-jose-nolasco-confia-en-un-bada-huesca-con-mejor-version-para-recibir-al-granollers","status":"publish","type":"post","link":"https:\/\/www.europesays.com\/es\/155215\/","title":{"rendered":"El t\u00e9cnico Jos\u00e9 Nolasco conf\u00eda en un Bada Huesca \u00abcon mejor versi\u00f3n\u00bb para recibir al Granollers"},"content":{"rendered":"<p>            El t\u00e9cnico Jos\u00e9 Nolasco conf\u00eda en un Bada Huesca \u00abcon mejor versi\u00f3n\u00bb para recibir al Granollers                <\/p>\n<p>El t\u00e9cnico Jos\u00e9 Nolasco conf\u00eda en un Bada Huesca \u00abcon mejor versi\u00f3n\u00bb para recibir al Granollers<\/p>\n<p>balonmano<\/p>\n<p class=\"epigraph\">Los oscenses aspiran a sumar la segunda victoria en el Palacio pese a la dificultad que entra\u00f1a el rival.<\/p>\n<p class=\"paragraph\">El <a href=\"https:\/\/www.heraldo.es\/tags\/instituciones_empresas\/bm_huesca.html\" title=\"BM Huesca\" rel=\"nofollow noopener\" target=\"_blank\">Bada Huesca<\/a> afronta este domingo en el Palacio de los Deportes un duelo exigente frente al Granollers, uno de los equipos m\u00e1s potentes de la <a href=\"\">Liga Asobal<\/a> (18.30, La Liga + y Arag\u00f3n Deporte). El conjunto oscense llega al choque con la moral de haber recuperado efectivos importantes respecto al encuentro anterior en Cangas, donde varias piezas clave jugaron muy mermadas f\u00edsicamente y se pag\u00f3 con la derrota. Jos\u00e9 Nolasco, t\u00e9cnico del equipo, conf\u00eda en que esa mejor\u00eda en el estado de la plantilla se traduzca en un rendimiento m\u00e1s \u00f3ptimo ante un rival que destaca por su intensidad defensiva, la calidad de su cantera y una porter\u00eda de primer nivel.<\/p>\n<p>            Conforme a los criterios de<br \/>\n            <a class=\"trustproject_img\" id=\"trustproject_img\" href=\"https:\/\/thetrustproject.org\/\" target=\"_blank\" rel=\"nofollow noopener\" aria-label=\"Trust Project\"><img decoding=\"async\" loading=\"lazy\" src=\"https:\/\/www.heraldo.es\/images\/Trust-Logo-Horizontal.svg\" alt=\"Logo Trust Project\" width=\"200\" height=\"34\"\/><\/a><\/p>\n<p>        <a href=\"https:\/\/www.henneo.com\/\" title=\"Grupo Henneo\" class=\"logo\" rel=\"nofollow noopener\" target=\"_blank\"><br \/>\n            <img decoding=\"async\" src=\"https:\/\/www.heraldo.es\/images\/logo_henneo_gris.svg\" alt=\"Logo Henneo\" width=\"559\" height=\"389\" loading=\"lazy\"\/><br \/>\n        <\/a><\/p>\n<p>\u00a9 HERALDO DE ARAGON EDITORA, S.L.U.<br \/>Tel\u00e9fono 976 765 000 \/ &#8211; P\u00ba. Independencia, 29, 50001 Zaragoza &#8211; CIF: B99288763 &#8211; Inscrita en el Registro Mercantil de Zaragoza al Tomo 3796, Libro 0, Folio 177, Secci\u00f3n 8, Hoja Z-50564<br \/>Queda prohibida toda reproducci\u00f3n sin permiso escrito de la empresa a los efectos del art\u00edculo 32.1, p\u00e1rrafo segundo, de la Ley de Propiedad Intelectual<\/p>\n<p>\n                P\u00ba Independencia, 29, 50001 Zaragoza<br \/> Tel\u00e9fono 976 765 000\n            <\/p>\n<p>                    Actualmente tu navegador no permite ejecutar JavaScript. Para poder disfrutar de nuestro contenido es necesario que lo permita.<br \/>\n                                        <img decoding=\"async\" loading=\"lazy\" alt=\"Heraldo logo\" src=\"https:\/\/dkumiip2e9ary.cloudfront.net\/xalok\/heraldo\/especiales\/hola-de-nuevo\/logo-heraldo.svg\" width=\"215\" height=\"43\"\/><\/p>\n","protected":false},"excerpt":{"rendered":"El t\u00e9cnico Jos\u00e9 Nolasco conf\u00eda en un Bada Huesca \u00abcon mejor versi\u00f3n\u00bb para recibir al Granollers El t\u00e9cnico&hellip;\n","protected":false},"author":2,"featured_media":155216,"comment_status":"","ping_status":"","sticky":false,"template":"","format":"standard","meta":{"footnotes":""},"categories":[278],"tags":[376,168,25,24,21313,375,29400,5847,23,167,4059,1927],"class_list":{"0":"post-155215","1":"post","2":"type-post","3":"status-publish","4":"format-standard","5":"has-post-thumbnail","7":"category-balonmano","8":"tag-balonmano","9":"tag-deportes","10":"tag-es","11":"tag-espana","12":"tag-granollers","13":"tag-handball","14":"tag-nolasco","15":"tag-recibir","16":"tag-spain","17":"tag-sports","18":"tag-tecnico","19":"tag-version"},"share_on_mastodon":{"url":"","error":""},"_links":{"self":[{"href":"https:\/\/www.europesays.com\/es\/wp-json\/wp\/v2\/posts\/155215","targetHints":{"allow":["GET"]}}],"collection":[{"href":"https:\/\/www.europesays.com\/es\/wp-json\/wp\/v2\/posts"}],"about":[{"href":"https:\/\/www.europesays.com\/es\/wp-json\/wp\/v2\/types\/post"}],"author":[{"embeddable":true,"href":"https:\/\/www.europesays.com\/es\/wp-json\/wp\/v2\/users\/2"}],"replies":[{"embeddable":true,"href":"https:\/\/www.europesays.com\/es\/wp-json\/wp\/v2\/comments?post=155215"}],"version-history":[{"count":0,"href":"https:\/\/www.europesays.com\/es\/wp-json\/wp\/v2\/posts\/155215\/revisions"}],"wp:featuredmedia":[{"embeddable":true,"href":"https:\/\/www.europesays.com\/es\/wp-json\/wp\/v2\/media\/155216"}],"wp:attachment":[{"href":"https:\/\/www.europesays.com\/es\/wp-json\/wp\/v2\/media?parent=155215"}],"wp:term":[{"taxonomy":"category","embeddable":true,"href":"https:\/\/www.europesays.com\/es\/wp-json\/wp\/v2\/categories?post=155215"},{"taxonomy":"post_tag","embeddable":true,"href":"https:\/\/www.europesays.com\/es\/wp-json\/wp\/v2\/tags?post=155215"}],"curies":[{"name":"wp","href":"https:\/\/api.w.org\/{rel}","templated":true}]}}