{"id":155219,"date":"2025-10-03T17:13:08","date_gmt":"2025-10-03T17:13:08","guid":{"rendered":"https:\/\/www.europesays.com\/es\/155219\/"},"modified":"2025-10-03T17:13:08","modified_gmt":"2025-10-03T17:13:08","slug":"cowell-no-se-anda-con-rodeos-y-pregunta-a-stroll-si-aston-martin-va-a-fichar-a-horner","status":"publish","type":"post","link":"https:\/\/www.europesays.com\/es\/155219\/","title":{"rendered":"Cowell no se anda con rodeos y pregunta a Stroll si Aston Martin va a fichar a Horner"},"content":{"rendered":"<p class=\"Paragraph-module-scss-module__YTaiWG__paragraph\">El <a class=\"Button-module-scss-module__pf66aq__link Button-module-scss-module__pf66aq__link--content NewsContent-module-scss-module__6_SHrq__news-content__link\" href=\"https:\/\/www.motor.es\/formula-1\/red-bull-despide-christian-horner-revolucion-racing-bulls-2025109102.html\" rel=\"nofollow noopener\" target=\"_blank\">despido de Christian Horner<\/a> cogi\u00f3 por sorpresa a todo el mundo en la <strong>F\u00f3rmula 1<\/strong>, incluido el protagonista. Quiz\u00e1 por eso, el brit\u00e1nico que durante tantos a\u00f1os estuvo al mando de Red Bull Racing siente que tiene cuentas pendientes con la categor\u00eda reina y lleva un tiempo buscando el modo de volver a la parrilla.<\/p>\n<p class=\"Paragraph-module-scss-module__YTaiWG__paragraph\">En ese sentido, <strong>Cadillac<\/strong> ya <a class=\"Button-module-scss-module__pf66aq__link Button-module-scss-module__pf66aq__link--content NewsContent-module-scss-module__6_SHrq__news-content__link\" href=\"https:\/\/www.motor.es\/formula-1\/cadillac-rechaza-horner-2025109761.html\" rel=\"nofollow noopener\" target=\"_blank\">neg\u00f3 estar interesado<\/a> y <strong>Haas<\/strong> desvel\u00f3 recientemente que se hab\u00eda producido un acercamiento del propio Horner, aunque dicho contacto no fue m\u00e1s all\u00e1. \u00abEs cierto que <strong>se acerc\u00f3 a nosotros y uno de nuestros hombres tuvo una charla<\/strong>, digamos, exploratoria. Pero eso fue todo. No hay m\u00e1s que decir. No tengo nada m\u00e1s que decir al respecto\u00bb, expres\u00f3 Ayao Komatsu, director del equipo estadounidense.<\/p>\n<p class=\"Paragraph-module-scss-module__YTaiWG__paragraph Paragraph-module-scss-module__YTaiWG__paragraph--highlighted\">\u00abNo hay raz\u00f3n para que Christian venga. Pero eso no significa que no vaya a suceder\u00bb<\/p>\n<p>La opci\u00f3n de Aston Martin<\/p>\n<p class=\"Paragraph-module-scss-module__YTaiWG__paragraph\"><strong>Andy Cowell<\/strong> tambi\u00e9n fue preguntado por un hipot\u00e9tico acercamiento de Christian Horner a Aston Martin, formaci\u00f3n en la que el propio ingeniero brit\u00e1nico ejerce de CEO y director del equipo de forma simult\u00e1nea.<\/p>\n<p class=\"Paragraph-module-scss-module__YTaiWG__paragraph\">A ese respecto, Cowell se\u00f1al\u00f3 en primera instancia que <strong>\u00abChristian se est\u00e1 tomando un tiempo libre, \u00bfno es as\u00ed?<\/strong> Probablemente est\u00e9 disfrutando del tiempo con sus amigos y familiares. Pero le encanta este deporte. Y le deseo lo mejor en lo que haga en el futuro.<\/p>\n<p class=\"Paragraph-module-scss-module__YTaiWG__paragraph\">\u00abCreo que <strong>el historial de Christian habla por s\u00ed solo. Es un gran competidor\u00bb<\/strong>, a\u00f1adi\u00f3. \u00abSupongo que Christian debe decidir qu\u00e9 quiere hacer. Quiz\u00e1s quiera alejarse del deporte, quiz\u00e1s quiera hacer algo m\u00e1s en el deporte, pero eso depende de Christian, \u00bfno?\u00bb.<\/p>\n<p class=\"Paragraph-module-scss-module__YTaiWG__paragraph\">Andy Cowell tambi\u00e9n hizo referencia a lo que considera una \u00abestructura s\u00f3lida\u00bb, con la que se siente muy satisfecho. \u00abY vamos a seguir adelante con ella. Somos un equipo relativamente joven. Contamos con excelentes instalaciones. <strong>Estamos desarrollando las herramientas; hemos incorporado personas prominentes<\/strong>, como Adrian [Newey], Enrico [Cardile] y Gioacchino [Vino] en el aspecto aerodin\u00e1mico\u00bb. <\/p>\n<p class=\"Paragraph-module-scss-module__YTaiWG__paragraph\">\u00abPero tambi\u00e9n hay gente de la casa. Hay un tipo llamado Michael Hart que trabaja a destajo, con Adrian en el desarrollo aerodin\u00e1mico, Charles Wood, etc. Y con la visi\u00f3n de Lawrence [Stroll] y los ingresos por patrocinio que est\u00e1n llegando, impulsados ??por Jeff [Slack], creo que <strong>tenemos un equipo bastante s\u00f3lido\u00bb<\/strong>, reiter\u00f3.<\/p>\n<p class=\"Paragraph-module-scss-module__YTaiWG__paragraph\">Estas palabras, pronunciadas tras una pregunta muy directa sobre la posibilidad de fichar a Horner, fueron interpretadas por muchos periodistas y aficionados como una puerta abierta a la hipot\u00e9tica llegada del brit\u00e1nico.<\/p>\n<p class=\"Paragraph-module-scss-module__YTaiWG__paragraph\">Quiz\u00e1 por esa raz\u00f3n, Cowell ha sido m\u00e1s tajante este viernes, cuando ha vuelto a ser cuestionado al respecto. <strong>\u00abHabl\u00e9 con Lawrence [Stroll] esta ma\u00f1ana para averiguar qu\u00e9 sabe<\/strong>. Parece que Christian est\u00e1 llamando a pr\u00e1cticamente todos los due\u00f1os de equipo en este momento. Puedo decir claramente que no hay planes para la participaci\u00f3n de Christian, ni en funciones operativas ni de inversi\u00f3n, en el futuro\u00bb.<\/p>\n<p><img figcaption=\"Christian Horner ha llamado a algunas puertas, pero de momento ninguna se ha abierto.\" alt=\"\" loading=\"lazy\" width=\"1280\" height=\"720\" decoding=\"async\" data-nimg=\"1\" class=\"Image-module-scss-module__gObqBW__img\" style=\"color:transparent\"   src=\"https:\/\/www.europesays.com\/es\/wp-content\/uploads\/2025\/10\/cowell-pregunta-stroll-aston-martin-fichar-horner-2025110366-1759508172_2.jpg\"\/>Christian Horner ha llamado a algunas puertas, pero de momento ninguna se ha abierto.Alpine y Williams<\/p>\n<p class=\"Paragraph-module-scss-module__YTaiWG__paragraph\">Descartados Haas y Aston Martin \u2014al menos por ahora\u2014, lleg\u00f3 el turno de Alpine y Williams. <strong>Steve Nielsen<\/strong>, director general de la estructura anglo-francesa liderada por Flavio Briatore, admiti\u00f3 que el italiano y Horner \u00abson viejos amigos, no es ning\u00fan secreto\u00bb.<\/p>\n<p class=\"Paragraph-module-scss-module__YTaiWG__paragraph\">Y, aunque tambi\u00e9n reconoci\u00f3 no saber \u00abde qu\u00e9 han hablado\u00bb, apunt\u00f3 que no ve\u00eda raz\u00f3n alguna para incorporarlo a la estructura de Alpine. \u00abTodo lo que veo y todo lo que s\u00e9 es que no hay raz\u00f3n para que Christian venga a Alpine. Pero <strong>eso no significa que no vaya a suceder. Al fin y al cabo, esto es F\u00f3rmula 1\u00bb<\/strong>.<\/p>\n<p class=\"Paragraph-module-scss-module__YTaiWG__paragraph\">Finalmente, <strong>James Vowles<\/strong> se expres\u00f3 en t\u00e9rminos muy similares en lo referente a Williams. Y, aunque diplom\u00e1tico, tambi\u00e9n neg\u00f3 que hubiera inter\u00e9s alguno. \u00abSiempre hay que abrir la puerta a una conversaci\u00f3n; no tiene sentido cerrar la puerta. Pero estamos muy contentos con la estructura que tenemos y est\u00e1 funcionando, as\u00ed que <strong>no veo motivo para hacer cambios\u00bb<\/strong>.<\/p>\n<p class=\"Paragraph-module-scss-module__YTaiWG__paragraph\">Parece que, por el momento, <strong>Christian Horner<\/strong> tendr\u00e1 que seguir llamando a algunas puertas para poder volver a la parrilla de la F\u00f3rmula 1.<\/p>\n","protected":false},"excerpt":{"rendered":"El despido de Christian Horner cogi\u00f3 por sorpresa a todo el mundo en la F\u00f3rmula 1, incluido el&hellip;\n","protected":false},"author":2,"featured_media":155220,"comment_status":"","ping_status":"","sticky":false,"template":"","format":"standard","meta":{"footnotes":""},"categories":[270],"tags":[168,25,24,306,271,272,23,167],"class_list":{"0":"post-155219","1":"post","2":"type-post","3":"status-publish","4":"format-standard","5":"has-post-thumbnail","7":"category-formula-1","8":"tag-deportes","9":"tag-es","10":"tag-espana","11":"tag-f1","12":"tag-formula-1","13":"tag-formula1","14":"tag-spain","15":"tag-sports"},"share_on_mastodon":{"url":"","error":""},"_links":{"self":[{"href":"https:\/\/www.europesays.com\/es\/wp-json\/wp\/v2\/posts\/155219","targetHints":{"allow":["GET"]}}],"collection":[{"href":"https:\/\/www.europesays.com\/es\/wp-json\/wp\/v2\/posts"}],"about":[{"href":"https:\/\/www.europesays.com\/es\/wp-json\/wp\/v2\/types\/post"}],"author":[{"embeddable":true,"href":"https:\/\/www.europesays.com\/es\/wp-json\/wp\/v2\/users\/2"}],"replies":[{"embeddable":true,"href":"https:\/\/www.europesays.com\/es\/wp-json\/wp\/v2\/comments?post=155219"}],"version-history":[{"count":0,"href":"https:\/\/www.europesays.com\/es\/wp-json\/wp\/v2\/posts\/155219\/revisions"}],"wp:featuredmedia":[{"embeddable":true,"href":"https:\/\/www.europesays.com\/es\/wp-json\/wp\/v2\/media\/155220"}],"wp:attachment":[{"href":"https:\/\/www.europesays.com\/es\/wp-json\/wp\/v2\/media?parent=155219"}],"wp:term":[{"taxonomy":"category","embeddable":true,"href":"https:\/\/www.europesays.com\/es\/wp-json\/wp\/v2\/categories?post=155219"},{"taxonomy":"post_tag","embeddable":true,"href":"https:\/\/www.europesays.com\/es\/wp-json\/wp\/v2\/tags?post=155219"}],"curies":[{"name":"wp","href":"https:\/\/api.w.org\/{rel}","templated":true}]}}