{"id":155250,"date":"2025-10-03T17:38:16","date_gmt":"2025-10-03T17:38:16","guid":{"rendered":"https:\/\/www.europesays.com\/es\/155250\/"},"modified":"2025-10-03T17:38:16","modified_gmt":"2025-10-03T17:38:16","slug":"tino-deniz-tras-su-primer-entrenamiento-no-dude-en-aceptar-la-propuesta","status":"publish","type":"post","link":"https:\/\/www.europesays.com\/es\/155250\/","title":{"rendered":"Tino D\u00e9niz, tras su primer entrenamiento: \u00abNo dud\u00e9 en aceptar la propuesta\u00bb"},"content":{"rendered":"<p style=\"text-align:justify;\">Tino D\u00e9niz dirigi\u00f3 este mi\u00e9rcoles en el estadio Pablo Hern\u00e1ndez Morales su primer entrenamiento de la Uni\u00f3n Deportiva Telde en el primer d\u00eda de la etapa tras la dimisi\u00f3n el lunes de Cristian Lucano y tambi\u00e9n tras la macha de Sergio Mart\u00edn &#8216;Yeyo&#8217; como director deportivo.<\/p>\n<p style=\"text-align:justify;\">\u00a0<\/p>\n<p style=\"text-align:justify;\">El t\u00e9cnico se reuni\u00f3 con los jugadores a las 18.30 horas en el sal\u00f3n de actos que el club tiene en el recinto de El Hornillo, al que acudi\u00f3 la plantilla al completo excepto Jokin Reche, que este martes comunic\u00f3 su marcha y que se acerc\u00f3 al campo para despedirse de sus compa\u00f1eros y de la directiva. Las sesi\u00f3n empez\u00f3 a las 19.00 y finalizar\u00e1 a las 20.30.<\/p>\n<p style=\"text-align:justify;\">\u00a0<\/p>\n<p style=\"text-align:justify;\">D\u00e9niz tendr\u00e1 al menos dos sesiones m\u00e1s antes de encarar el encuentro del domingo a las 12.00 contra el CD Mensajero en Telde, correspondiente a la quinta jornada de liga.<\/p>\n<p style=\"text-align:justify;\">\u00a0<\/p>\n<p style=\"text-align:justify;\"><strong>Entrevista a Tino D\u00e9niz<\/strong><\/p>\n<p style=\"text-align:justify;\">\u00a0<\/p>\n<p style=\"text-align:justify;\">\u00a0<\/p>\n<p style=\"text-align:justify;\"><strong>\u00bfC\u00f3mo se encuentra tras su llegada al banquillo?<\/strong><br \/>Bien, ilusionado y con muchas ganas. La situaci\u00f3n reciente en el club no ha sido agradable, con la dimisi\u00f3n del cuerpo t\u00e9cnico y del director deportivo, pero a los jugadores les dije que hab\u00eda que hacer borr\u00f3n y cuenta nueva. El domingo empezamos una liga de treinta jornadas y hay que centrarse en eso.<\/p>\n<p style=\"text-align:justify;\">\u00a0<\/p>\n<p style=\"text-align:justify;\"><strong>\u00bfC\u00f3mo vivi\u00f3 estos d\u00edas de incertidumbre?<\/strong><br \/>Con disgusto. No me gusta que las noticias sobre el Telde o la ciudad sean negativas. Adem\u00e1s, me apen\u00f3 la dimisi\u00f3n de Lucano, con quien tengo una buena amistad. Nunca hab\u00edamos trabajado juntos y esperaba hacerlo, pero no fue posible. Son cosas que pasan; lo importante es mirar hacia adelante.<\/p>\n<p style=\"text-align:justify;\">\u00a0<\/p>\n<p style=\"text-align:justify;\"><strong>\u00bfCu\u00e1ndo recibi\u00f3 la primera llamada del club?<\/strong><br \/>Ayer por la ma\u00f1ana habl\u00e9 con Yeyo, el director deportivo. Con el presidente suelo hablar a menudo porque conf\u00eda en mi criterio futbol\u00edstico, pero la primera conversaci\u00f3n para entrenar al equipo fue con Yeyo. Despu\u00e9s, ya por la tarde, el presidente me cit\u00f3 en el club.<\/p>\n<p style=\"text-align:justify;\">\u00a0<\/p>\n<p style=\"text-align:justify;\"><strong>Se daba por hecho que usted ser\u00eda el sustituto de Lucano. \u00bfLo ten\u00eda claro?<\/strong><br \/>No. Desde hace a\u00f1os, cada vez que el equipo entraba en crisis, corr\u00eda el rumor de que yo iba a cogerlo. Pero no hab\u00eda tenido noticias hasta ayer por la ma\u00f1ana. Mucha gente daba por hecho mi llegada, pero no era as\u00ed.<\/p>\n<p style=\"text-align:justify;\">\u00a0<\/p>\n<p style=\"text-align:justify;\"><strong>\u00bfDud\u00f3 en aceptar?<\/strong><br \/>No. Desde el primer momento mostr\u00e9 predisposici\u00f3n. Yeyo me coment\u00f3 que hab\u00eda varios candidatos, algo l\u00f3gico, pero le dije que estaba dispuesto a escuchar y a entrenar si el club lo decid\u00eda. Al final todo se resolvi\u00f3 en pocas horas.<\/p>\n<p style=\"text-align:justify;\">\u00a0<\/p>\n<p style=\"text-align:justify;\"><strong>\u00bfQu\u00e9 plantilla se encuentra?<\/strong><br \/>Muy variada. Hay jugadores j\u00f3venes con ilusi\u00f3n, otros con experiencia en la categor\u00eda y algunos veteranos que saben competir en Tercera Divisi\u00f3n. Mi objetivo es cohesionarlos y que todos rememos en la misma direcci\u00f3n.<\/p>\n<p style=\"text-align:justify;\">\u00a0<\/p>\n<p style=\"text-align:justify;\"><strong>\u00bfQu\u00e9 partido espera ante el Mensajero?<\/strong><br \/>Ser\u00e1 un duelo muy exigente. El simple cambio de entrenador provoca que los jugadores entrenen con otra intensidad. Intentar\u00e9 transmitir mis ideas sin grandes cambios, aprovechando el trabajo realizado por Lucano e introduciendo poco a poco mi identidad. A\u00fan debo analizar bien al rival.<\/p>\n<p style=\"text-align:justify;\">\u00a0<\/p>\n<p style=\"text-align:justify;\"><strong>\u00bfC\u00f3mo valora el trabajo de su predecesor?<\/strong><br \/>Muy positivo. En pretemporada prob\u00f3 muchas cosas y quiz\u00e1 le falt\u00f3 tiempo para ajustar. El equipo compiti\u00f3 bien en algunos encuentros y, aunque hubo errores en otros, creo que dej\u00f3 una base s\u00f3lida que debemos aprovechar.<\/p>\n<p style=\"text-align:justify;\">\u00a0<\/p>\n<p style=\"text-align:justify;\"><strong>\u00bfQu\u00e9 opciones tiene el Telde para lograr la permanencia?<\/strong><br \/>Es pronto para hablar de porcentajes, pero si no creyera en las posibilidades, no habr\u00eda aceptado. Tenemos plantilla para pelear con cuatro o cinco equipos por el mismo objetivo: dejar al menos a cuatro por debajo. La baja de Joaqu\u00edn nos condiciona en el centro del campo y veremos si es necesario reforzar esa zona. Con trabajo y compromiso podemos lograrlo.<\/p>\n<p style=\"text-align:justify;\">\u00a0<\/p>\n<p style=\"text-align:justify;\"><strong>\u00bfEst\u00e1 de acuerdo con la planificaci\u00f3n deportiva realizada?<\/strong><br \/>Ahora estoy aterrizando, pero s\u00e9 que el presupuesto del club es de los m\u00e1s bajos de la categor\u00eda. Dentro de esas limitaciones creo que se ha fichado lo mejor posible. Las plantillas las hacen buenas los resultados, y a veces equipos con menos talento funcionan mejor por compromiso y esfuerzo. Yo voy a entrenar lo que tenemos y, si hay opci\u00f3n de reforzar, lo haremos.<\/p>\n<p style=\"text-align:justify;\">\u00a0<\/p>\n<p style=\"text-align:justify;\"><strong>\u00bfHa notado a los jugadores afectados por lo sucedido en los \u00faltimos d\u00edas?<\/strong><br \/>No. Les ped\u00ed que se aislaran de lo ocurrido y se centraran en una temporada nueva de treinta jornadas. Esto no es el equipo de Tino ni de nadie: es el equipo de la UD Telde. Si todos lo entendemos, tendremos la fuerza y el compromiso necesarios para salir adelante.<\/p>\n<p style=\"text-align:justify;\">\u00a0<\/p>\n<p style=\"text-align:justify;\"><strong>Su \u00faltima etapa en el club fue en 2012-2013. \u00bfSe imaginaba volver en 2025?<\/strong><br \/>No. Siempre existe la ilusi\u00f3n de volver a casa, pero no lo esperaba tan pronto ni en octubre. Normalmente estos movimientos ocurren en noviembre o diciembre. Estoy contento, porque es el club de mi ciudad, donde me form\u00e9 y empec\u00e9 a entrenar. Espero devolver esa confianza en forma de resultados.<\/p>\n<p style=\"text-align:justify;\">\u00a0<\/p>\n<p style=\"text-align:justify;\"><strong>\u00bfCon solo tres entrenamientos antes del partido, hay tiempo para preparar algo nuevo?<\/strong><br \/>No demasiado. Apenas se pueden ajustar detalles o transmitir alguna idea. Lo normal es tener cinco semanas de pretemporada para preparar un equipo. Con tres d\u00edas es imposible cambiar mucho, pero haremos lo que se pueda.<\/p>\n<p style=\"text-align:justify;\">\u00a0<\/p>\n<p style=\"text-align:justify;\"><strong>\u00bfCon qu\u00e9 cuerpo t\u00e9cnico contar\u00e1?<\/strong><br \/>Con \u00c1ngel Castellano como preparador f\u00edsico. Yo no suelo trabajar con segundo entrenador. Adem\u00e1s, incorporaremos un psic\u00f3logo deportivo, figura que considero fundamental hoy en d\u00eda, aunque no podamos contar con \u00e9l a diario. Prefiero esa combinaci\u00f3n antes que un segundo t\u00e9cnico.<\/p>\n<p style=\"text-align:justify;\">\u00a0<\/p>\n<p style=\"text-align:justify;\"><strong>\u00bfPor qu\u00e9 prescinde de un segundo entrenador?<\/strong><br \/>Porque el preparador f\u00edsico suele asumir tambi\u00e9n esas funciones. Es una persona de confianza y me aporta lo que necesito en el d\u00eda a d\u00eda. Adem\u00e1s, cuento con las opiniones del resto del cuerpo t\u00e9cnico. Es una forma de trabajar distinta, pero es la que eleg\u00ed.<\/p>\n<p style=\"text-align:justify;\">\u00a0<\/p>\n<p style=\"text-align:justify;\"><strong>Para terminar, \u00bfc\u00f3mo ve esta Tercera Divisi\u00f3n?<\/strong><br \/>De las m\u00e1s competidas de los \u00faltimos a\u00f1os. Muchos clubes entrenan por la ma\u00f1ana con din\u00e1micas profesionales y presupuestos importantes. Eso eleva el nivel de las plantillas y de los cuerpos t\u00e9cnicos. Ser\u00e1 una temporada muy dura.<\/p>\n","protected":false},"excerpt":{"rendered":"Tino D\u00e9niz dirigi\u00f3 este mi\u00e9rcoles en el estadio Pablo Hern\u00e1ndez Morales su primer entrenamiento de la Uni\u00f3n Deportiva&hellip;\n","protected":false},"author":2,"featured_media":155251,"comment_status":"","ping_status":"","sticky":false,"template":"","format":"standard","meta":{"footnotes":""},"categories":[268],"tags":[1896,6219,26502,209,168,7051,1180,2958,25,2586,32619,24,280,41854,18496,282,41855,1897,1854,41851,32605,11741,12728,3641,6238,41852,10,1925,2330,41856,41853,281,492,23,167,29725,41850,1370,159,12,1529,21],"class_list":{"0":"post-155250","1":"post","2":"type-post","3":"status-publish","4":"format-standard","5":"has-post-thumbnail","7":"category-futbol","8":"tag-canarias","9":"tag-canary-islands","10":"tag-cartas-al-director","11":"tag-cultura","12":"tag-deportes","13":"tag-diario-digital","14":"tag-editorial","15":"tag-entrevistas","16":"tag-es","17":"tag-espaa","18":"tag-espagne","19":"tag-espana","20":"tag-football","21":"tag-fotodenuncia","22":"tag-fuerteventura","23":"tag-futbol","24":"tag-gomera","25":"tag-gran-canaria","26":"tag-hierro","27":"tag-informacin","28":"tag-informacion-general","29":"tag-islas-canarias","30":"tag-la-palma","31":"tag-lanzarote","32":"tag-las-palmas","33":"tag-majadero","34":"tag-noticias","35":"tag-opinion","36":"tag-prensa","37":"tag-prensa-espaola","38":"tag-pulsometro","39":"tag-soccer","40":"tag-sociedad","41":"tag-spain","42":"tag-sports","43":"tag-telde","44":"tag-teldeactualidad","45":"tag-tenerife","46":"tag-tiempo","47":"tag-titulares","48":"tag-ultima-hora","49":"tag-ultimas-noticias"},"share_on_mastodon":{"url":"","error":""},"_links":{"self":[{"href":"https:\/\/www.europesays.com\/es\/wp-json\/wp\/v2\/posts\/155250","targetHints":{"allow":["GET"]}}],"collection":[{"href":"https:\/\/www.europesays.com\/es\/wp-json\/wp\/v2\/posts"}],"about":[{"href":"https:\/\/www.europesays.com\/es\/wp-json\/wp\/v2\/types\/post"}],"author":[{"embeddable":true,"href":"https:\/\/www.europesays.com\/es\/wp-json\/wp\/v2\/users\/2"}],"replies":[{"embeddable":true,"href":"https:\/\/www.europesays.com\/es\/wp-json\/wp\/v2\/comments?post=155250"}],"version-history":[{"count":0,"href":"https:\/\/www.europesays.com\/es\/wp-json\/wp\/v2\/posts\/155250\/revisions"}],"wp:featuredmedia":[{"embeddable":true,"href":"https:\/\/www.europesays.com\/es\/wp-json\/wp\/v2\/media\/155251"}],"wp:attachment":[{"href":"https:\/\/www.europesays.com\/es\/wp-json\/wp\/v2\/media?parent=155250"}],"wp:term":[{"taxonomy":"category","embeddable":true,"href":"https:\/\/www.europesays.com\/es\/wp-json\/wp\/v2\/categories?post=155250"},{"taxonomy":"post_tag","embeddable":true,"href":"https:\/\/www.europesays.com\/es\/wp-json\/wp\/v2\/tags?post=155250"}],"curies":[{"name":"wp","href":"https:\/\/api.w.org\/{rel}","templated":true}]}}