{"id":155275,"date":"2025-10-03T18:01:07","date_gmt":"2025-10-03T18:01:07","guid":{"rendered":"https:\/\/www.europesays.com\/es\/155275\/"},"modified":"2025-10-03T18:01:07","modified_gmt":"2025-10-03T18:01:07","slug":"de-bruyne-y-hojlund-encienden-el-maradona","status":"publish","type":"post","link":"https:\/\/www.europesays.com\/es\/155275\/","title":{"rendered":"De Bruyne y Hojlund encienden el Maradona"},"content":{"rendered":"<p class=\"ft-text\"><strong>La conexi\u00f3n entre el belga Kevin De Bruyne y el dan\u00e9s Rasmus Hojlund, protagonistas en los dos goles que certificaron la victoria del N\u00e1poles ante el Sporting de Portugal (2-1)<\/strong>, desat\u00f3 este mi\u00e9rcoles la euforia en el Estadio Diego Armando Maradona, testigo de la primera victoria de su equipo en Liga de Campeones tras un a\u00f1o sin jugar en Europa.<\/p>\n<p class=\"ft-text\">Lleg\u00f3 la primera alegr\u00eda del N\u00e1poles de <strong>Antonio Conte<\/strong> en su regreso a la m\u00e1xima competici\u00f3n continental. El vigente campe\u00f3n del &#8216;Scudetto&#8217; se estren\u00f3 con <strong>derrota ante el Manchester City <\/strong>en la primera jornada, pero corrigi\u00f3 su rumbo ante el Sporting con una relaci\u00f3n que se presenta como el nuevo gran arma del club partenopeo.<\/p>\n<p class=\"ft-text\"><strong>Hojlund y De Bruyne<\/strong> estaban destinados a entenderse, a buscarse. Los dos llegaron este verano desde M\u00e1nchester. El delantero desde el United, el centrocampista desde el City. <strong>Casualidades que brinda el f\u00fatbol y que la Liga de Campeones se encarg\u00f3 de extradimensionar con una actuaci\u00f3n colosal de ambos<\/strong>, precisos en dos acciones puntuales que sellaron el primer \u00e9xito en &#8216;Champions&#8217;.<\/p>\n<p class=\"ft-text\">Dos veces se se\u00f1al\u00f3 el parche de la competici\u00f3n <strong>Hojlund, feliz con un doblete que le confirma como el delantero titular de Conte, al menos hasta el regreso de Romelu Lukaku<\/strong>, lesionado de larga duraci\u00f3n. No se lo regal\u00f3 De Bruyne, pero el belga, sin duda, lo puso m\u00e1s f\u00e1cil con dos deliciosas asistencias.<\/p>\n<p class=\"ft-text\">Fue el centrocampista belga la comidilla de la semana en Italia por su enfado al ser sustituido en la \u00faltima jornada ante el Milan. Conte no ech\u00f3 le\u00f1a al fuego y confi\u00f3 en \u00e9l como hab\u00eda hecho hasta el momento. Titular. <strong>Y De Bruyne se lo recompens\u00f3 por todo lo alto, aunque roz\u00f3 la expulsi\u00f3n con una entrada a destiempo.<\/strong><\/p>\n<p class=\"ft-text\">Primero con un ejercicio de madurez en el centro del campo, de experiencia y conocimiento. De gesti\u00f3n del espacio y el tiempo. Encerrado el N\u00e1poles ante un ataque portugu\u00e9s, no despej\u00f3 cuando m\u00e1s presionado estaba tras el robo. <strong>Tir\u00f3 una pared con Anguissa. Condujo. Se quit\u00f3 de encima a varios rivales con un cambio de ritmo y lanz\u00f3 a la carrera de Hojlund, infalible ante Rui Silva.<\/strong><\/p>\n<p class=\"ft-text\">Con todo de cara, con el partido controlado, el N\u00e1poles cometi\u00f3 un error que bien pudo salir muy caro. Politano, acostumbrado a colaborar en acciones defensivas, meti\u00f3 la pierna demasiado tarde y cometi\u00f3 penalti. <strong>El colombiano Luis Su\u00e1rez, m\u00e1ximo goleador de la Segunda Divisi\u00f3n espa\u00f1ola el a\u00f1o pasado, convirti\u00f3 desde los once metros y apag\u00f3 ligeramente la euforia napolitana<\/strong>, desilusionada por haber dejado escapar una oportunidad de oro.<\/p>\n<p class=\"ft-text\">Pero para eso fich\u00f3 Aurelio De Laurentiis a <strong>Kevin De Bruyne<\/strong>. Para aparecer en los momentos grandes. Y a falta de 10 minutos para el final, el belga puso un bal\u00f3n medido al coraz\u00f3n del \u00e1rea que <strong>encontr\u00f3 rematador en Hojlund.<\/strong><\/p>\n<p class=\"ft-text\"><strong>La conexi\u00f3n de M\u00e1nchester reaviv\u00f3 la llama en el Maradona<\/strong>, encendido de nuevo tras el parad\u00f3n final de Milinkovic-Savic que amarr\u00f3 la victoria.<strong> La primera en el regreso del N\u00e1poles a Europa<\/strong>. El Sporting se qued\u00f3 a la puertas de mantener su invicto, pero tras su \u00e9xito inicial ante el Almaty Kairat, cay\u00f3 en Italia.<\/p>\n","protected":false},"excerpt":{"rendered":"La conexi\u00f3n entre el belga Kevin De Bruyne y el dan\u00e9s Rasmus Hojlund, protagonistas en los dos goles&hellip;\n","protected":false},"author":2,"featured_media":155276,"comment_status":"","ping_status":"","sticky":false,"template":"","format":"standard","meta":{"footnotes":""},"categories":[268],"tags":[11681,46574,168,25,24,280,282,46575,9494,281,23,4782,167],"class_list":{"0":"post-155275","1":"post","2":"type-post","3":"status-publish","4":"format-standard","5":"has-post-thumbnail","7":"category-futbol","8":"tag-champions","9":"tag-de-bruyne","10":"tag-deportes","11":"tag-es","12":"tag-espana","13":"tag-football","14":"tag-futbol","15":"tag-hojlund","16":"tag-napoles","17":"tag-soccer","18":"tag-spain","19":"tag-sporting","20":"tag-sports"},"share_on_mastodon":{"url":"","error":""},"_links":{"self":[{"href":"https:\/\/www.europesays.com\/es\/wp-json\/wp\/v2\/posts\/155275","targetHints":{"allow":["GET"]}}],"collection":[{"href":"https:\/\/www.europesays.com\/es\/wp-json\/wp\/v2\/posts"}],"about":[{"href":"https:\/\/www.europesays.com\/es\/wp-json\/wp\/v2\/types\/post"}],"author":[{"embeddable":true,"href":"https:\/\/www.europesays.com\/es\/wp-json\/wp\/v2\/users\/2"}],"replies":[{"embeddable":true,"href":"https:\/\/www.europesays.com\/es\/wp-json\/wp\/v2\/comments?post=155275"}],"version-history":[{"count":0,"href":"https:\/\/www.europesays.com\/es\/wp-json\/wp\/v2\/posts\/155275\/revisions"}],"wp:featuredmedia":[{"embeddable":true,"href":"https:\/\/www.europesays.com\/es\/wp-json\/wp\/v2\/media\/155276"}],"wp:attachment":[{"href":"https:\/\/www.europesays.com\/es\/wp-json\/wp\/v2\/media?parent=155275"}],"wp:term":[{"taxonomy":"category","embeddable":true,"href":"https:\/\/www.europesays.com\/es\/wp-json\/wp\/v2\/categories?post=155275"},{"taxonomy":"post_tag","embeddable":true,"href":"https:\/\/www.europesays.com\/es\/wp-json\/wp\/v2\/tags?post=155275"}],"curies":[{"name":"wp","href":"https:\/\/api.w.org\/{rel}","templated":true}]}}