{"id":155291,"date":"2025-10-03T18:22:08","date_gmt":"2025-10-03T18:22:08","guid":{"rendered":"https:\/\/www.europesays.com\/es\/155291\/"},"modified":"2025-10-03T18:22:08","modified_gmt":"2025-10-03T18:22:08","slug":"las-llamadas-suelen-ser-despues-de-las-malas-carreras","status":"publish","type":"post","link":"https:\/\/www.europesays.com\/es\/155291\/","title":{"rendered":"Las llamadas suelen ser despu\u00e9s de las malas carreras"},"content":{"rendered":"<p data-gtm-element-container=\"modulo-texto-link\" class=\"paragraph\"><strong>Liam Lawson<\/strong> no est\u00e1 teniendo su primera temporada completa so\u00f1ada en la <strong>F\u00f3rmula 1<\/strong>. Despu\u00e9s de ser relegado de la escuder\u00eda de las bebidas energ\u00e9ticas tras tan s\u00f3lo dos carreras en Red Bull y sin conseguir puntos, el piloto neozeland\u00e9s de ahora, <strong>Racing Bulls<\/strong>, habl\u00f3 tras su gran fin de semana en <strong>Azerbaiy\u00e1n<\/strong>, su mejor resultado del piloto (quinta posici\u00f3n) en este 2025.<\/p>\n<p data-gtm-element-container=\"modulo-texto-link\" class=\"paragraph\">.Con todav\u00eda su futuro en el aire, el <strong>joven piloto<\/strong>, <strong>habl\u00f3 con iron\u00eda sobre la presi\u00f3n que ejerce sobre los pilotos\u00a0<\/strong>el asesor de la escuder\u00eda austriaca, <strong>Helmut Marko<\/strong><\/p>\n<blockquote>\n<p>        \u00abLas llamadas suelen ser despu\u00e9s de las malas carreras\u00bb<\/p>\n<p>            Liam Lawson, expiloto de Red Bull y actual piloto de Racing Bulls<\/p>\n<\/blockquote>\n<p data-gtm-element-container=\"modulo-texto-link\" class=\"paragraph\">\u00abLas llamadas suelen ser despu\u00e9s de las malas carreras. As\u00ed que no he o\u00eddo mucho\u00bb, declar\u00f3 el piloto de 23 a\u00f1os sobre el asesor de <strong>Red Bull<\/strong>, tras el <strong>GP de Bak\u00fa, <\/strong>dejando claro que esta vez no le llamo.<\/p>\n<p data-gtm-element-container=\"modulo-texto-link\" class=\"paragraph\">\u00abNosotros lo tenemos todo claro. Obviamente, llevamos mucho tiempo en esto y somos muy conscientes de que tenemos que tener buenas actuaciones para seguir en este deporte y, sinceramente, en eso estoy centrado en este momento. <strong>Bak\u00fa fue genial, pero obviamente necesitamos m\u00e1s de eso en las pr\u00f3ximas carreras\u00bb,<\/strong> a\u00f1adi\u00f3.<\/p>\n<p data-gtm-element-container=\"modulo-texto-link\" class=\"paragraph\">Lawson tambi\u00e9n habl\u00f3 de la complejidad de asegurarse un asiento de manera fija en la categor\u00eda:\u00a0\u00abA no ser que tengas contratos de varios a\u00f1os, e incluso entonces, creo que los contratos de F\u00f3rmula 1, como cualquier contrato al fin y al cabo, <strong>se pueden romper\u00bb.<\/strong><\/p>\n<p>    Lee tambi\u00e9n<\/p>\n<p data-gtm-element-container=\"modulo-texto-link\" class=\"paragraph\">El futuro para muchos est\u00e1 en el aire, y no es para menos en el caso del <strong>neozeland\u00e9s, <\/strong>que declar\u00f3: <strong>\u00abMe encantar\u00eda saberlo ma\u00f1ana, sinceramente<\/strong>. Pero, obviamente, en este mundo es muy normal que te dejen un poco en suspenso y as\u00ed es como est\u00e1n las cosas en este momento. S\u00e9 que lo \u00fanico que tiene control en mi es el rendimiento del coche\u00bb.<\/p>\n<p data-gtm-element-container=\"modulo-texto-link\" class=\"paragraph\">Cerr\u00f3 sus declaraciones sobre <strong>Red Bull<\/strong> y el rendimiento que necesitas para estar en uno de los mejores coches: \u00ab<strong>Nos introducen a una edad muy temprana sabiendo que la \u00fanica manera de ascender en el escalaf\u00f3n es rindiendo, y tienes esa presi\u00f3n todo el tiempo\u00bb.<\/strong><\/p>\n","protected":false},"excerpt":{"rendered":"Liam Lawson no est\u00e1 teniendo su primera temporada completa so\u00f1ada en la F\u00f3rmula 1. Despu\u00e9s de ser relegado&hellip;\n","protected":false},"author":2,"featured_media":155292,"comment_status":"","ping_status":"","sticky":false,"template":"","format":"standard","meta":{"footnotes":""},"categories":[270],"tags":[168,25,24,306,271,272,23,167],"class_list":{"0":"post-155291","1":"post","2":"type-post","3":"status-publish","4":"format-standard","5":"has-post-thumbnail","7":"category-formula-1","8":"tag-deportes","9":"tag-es","10":"tag-espana","11":"tag-f1","12":"tag-formula-1","13":"tag-formula1","14":"tag-spain","15":"tag-sports"},"share_on_mastodon":{"url":"","error":""},"_links":{"self":[{"href":"https:\/\/www.europesays.com\/es\/wp-json\/wp\/v2\/posts\/155291","targetHints":{"allow":["GET"]}}],"collection":[{"href":"https:\/\/www.europesays.com\/es\/wp-json\/wp\/v2\/posts"}],"about":[{"href":"https:\/\/www.europesays.com\/es\/wp-json\/wp\/v2\/types\/post"}],"author":[{"embeddable":true,"href":"https:\/\/www.europesays.com\/es\/wp-json\/wp\/v2\/users\/2"}],"replies":[{"embeddable":true,"href":"https:\/\/www.europesays.com\/es\/wp-json\/wp\/v2\/comments?post=155291"}],"version-history":[{"count":0,"href":"https:\/\/www.europesays.com\/es\/wp-json\/wp\/v2\/posts\/155291\/revisions"}],"wp:featuredmedia":[{"embeddable":true,"href":"https:\/\/www.europesays.com\/es\/wp-json\/wp\/v2\/media\/155292"}],"wp:attachment":[{"href":"https:\/\/www.europesays.com\/es\/wp-json\/wp\/v2\/media?parent=155291"}],"wp:term":[{"taxonomy":"category","embeddable":true,"href":"https:\/\/www.europesays.com\/es\/wp-json\/wp\/v2\/categories?post=155291"},{"taxonomy":"post_tag","embeddable":true,"href":"https:\/\/www.europesays.com\/es\/wp-json\/wp\/v2\/tags?post=155291"}],"curies":[{"name":"wp","href":"https:\/\/api.w.org\/{rel}","templated":true}]}}