{"id":155297,"date":"2025-10-03T18:27:07","date_gmt":"2025-10-03T18:27:07","guid":{"rendered":"https:\/\/www.europesays.com\/es\/155297\/"},"modified":"2025-10-03T18:27:07","modified_gmt":"2025-10-03T18:27:07","slug":"el-escritor-pedro-manas-destaca-que-el-publico-infantil-lee-con-entusiasmo","status":"publish","type":"post","link":"https:\/\/www.europesays.com\/es\/155297\/","title":{"rendered":"El escritor Pedro Ma\u00f1as destaca que el p\u00fablico infantil lee con entusiasmo"},"content":{"rendered":"<p data-gtm-element-container=\"modulo-texto-link\" class=\"paragraph\">Ciudad Real, 3 oct (EFE).- El escritor Pedro Ma\u00f1as, autor, junto al ilustrador David Sierra, de la popular serie infantil Anna Kadabra, que en poco m\u00e1s de tres a\u00f1os ha superado el mill\u00f3n de ejemplares vendidos, ha asegurado este viernes que el p\u00fablico infantil \u201clee mucho m\u00e1s de lo que se suele pensar en Espa\u00f1a\u201d.<\/p>\n<p data-gtm-element-container=\"modulo-texto-link\" class=\"paragraph\">Ma\u00f1as, que ha participado este viernes en la XII edici\u00f3n del Sal\u00f3n del C\u00f3mic e Ilustraci\u00f3n de Castilla-La Mancha que se celebra en Ciudad Real, donde ha firmado ejemplares y ha mantenido un encuentro con decenas de ni\u00f1os, ha destacado, en declaraciones a EFE, la vitalidad del mercado de la literatura infantil en Espa\u00f1a.<\/p>\n<p data-gtm-element-container=\"modulo-texto-link\" class=\"paragraph\">\u201cTenemos una base de lectores enorme en los primeros a\u00f1os. Otra cosa es que a partir de cierta edad compita con los videojuegos, las redes o las pantallas. Pero hasta entonces, los ni\u00f1os leen con entusiasmo y lo hacen de manera natural\u201d, ha dicho el escritor madrile\u00f1o.<\/p>\n<p data-gtm-element-container=\"modulo-texto-link\" class=\"paragraph\">Para Ma\u00f1as, uno de los factores decisivos es el papel de las familias. \u201cLa lectura no puede ser un castigo ni una obligaci\u00f3n impuesta desde fuera, funciona mucho mejor si se convierte en algo que se comparte en casa, en un rato de diversi\u00f3n y compa\u00f1\u00eda\u201d, ha indicado.<\/p>\n<p data-gtm-element-container=\"modulo-texto-link\" class=\"paragraph\">En ese camino, el escritor ha subrayado la importancia del c\u00f3mic, un g\u00e9nero que, a su juicio, ha superado antiguos prejuicios: \u201cEn los 80, cuando yo era ni\u00f1o, el c\u00f3mic estaba algo desprestigiado. Se dec\u00eda que era una lectura menor, que se le\u00eda demasiado r\u00e1pido o que eran simples dibujitos\u201d.<\/p>\n<p data-gtm-element-container=\"modulo-texto-link\" class=\"paragraph\">\u201cHoy, sin embargo, se reconoce el enorme talento y el esfuerzo creativo que requiere. La ilustraci\u00f3n es el gran im\u00e1n de entrada para un ni\u00f1o, es la tarjeta de visita que le anima a abrir un libro. Y una vez dentro, si la historia engancha, ya se ha ganado un lector\u201d, ha a\u00f1adido.<\/p>\n<p data-gtm-element-container=\"modulo-texto-link\" class=\"paragraph\">El \u00e9xito de Anna Kadabra<\/p>\n<p data-gtm-element-container=\"modulo-texto-link\" class=\"paragraph\">Sobre su experiencia personal con la serie Anna Kadabra, Ma\u00f1as ha explicado que el \u00e9xito ha sido tan r\u00e1pido que a veces le sorprende.<\/p>\n<p data-gtm-element-container=\"modulo-texto-link\" class=\"paragraph\">\u201cSuperar el mill\u00f3n de ejemplares en tres a\u00f1os es una cifra abrumadora\u201d y, en su opini\u00f3n, demuestra que existe \u201cun inter\u00e9s real\u201d por la lectura entre los ni\u00f1os y que \u201csi les das personajes cercanos, divertidos y con un punto de magia, responden con entusiasmo\u201d.<\/p>\n<p data-gtm-element-container=\"modulo-texto-link\" class=\"paragraph\">Ma\u00f1as, nacido en Madrid en 1981 y formado en Filolog\u00eda Inglesa en la Universidad Aut\u00f3noma, se dio a conocer en 2007 tras ganar el XVI Concurso de Narrativa Infantil Vila d\u2019Ibi con Klaus Nowak, limpiador de alcantarillas.<\/p>\n<p data-gtm-element-container=\"modulo-texto-link\" class=\"paragraph\">Desde entonces ha cosechado premios como el Barco de Vapor, el Anaya de Literatura Infantil y Juvenil o el Ciudad de M\u00e1laga.<\/p>\n<p data-gtm-element-container=\"modulo-texto-link\" class=\"paragraph\">Adem\u00e1s de Anna Kadabra, ha firmado colecciones como Princesas Drag\u00f3n, Marcus Pocus, Los Cazapesadillas o Moztruos. EFE<\/p>\n<p data-gtm-element-container=\"modulo-texto-link\" class=\"paragraph\">1010494<\/p>\n<p data-gtm-element-container=\"modulo-texto-link\" class=\"paragraph\">abc\/msm\/oli<\/p>\n<p data-gtm-element-container=\"modulo-texto-link\" class=\"paragraph\">(foto)<\/p>\n","protected":false},"excerpt":{"rendered":"Ciudad Real, 3 oct (EFE).- El escritor Pedro Ma\u00f1as, autor, junto al ilustrador David Sierra, de la popular&hellip;\n","protected":false},"author":2,"featured_media":148726,"comment_status":"","ping_status":"","sticky":false,"template":"","format":"standard","meta":{"footnotes":""},"categories":[172],"tags":[224,146,147,25,24,225,23],"class_list":{"0":"post-155297","1":"post","2":"type-post","3":"status-publish","4":"format-standard","5":"has-post-thumbnail","7":"category-libros","8":"tag-books","9":"tag-entertainment","10":"tag-entretenimiento","11":"tag-es","12":"tag-espana","13":"tag-libros","14":"tag-spain"},"share_on_mastodon":{"url":"","error":""},"_links":{"self":[{"href":"https:\/\/www.europesays.com\/es\/wp-json\/wp\/v2\/posts\/155297","targetHints":{"allow":["GET"]}}],"collection":[{"href":"https:\/\/www.europesays.com\/es\/wp-json\/wp\/v2\/posts"}],"about":[{"href":"https:\/\/www.europesays.com\/es\/wp-json\/wp\/v2\/types\/post"}],"author":[{"embeddable":true,"href":"https:\/\/www.europesays.com\/es\/wp-json\/wp\/v2\/users\/2"}],"replies":[{"embeddable":true,"href":"https:\/\/www.europesays.com\/es\/wp-json\/wp\/v2\/comments?post=155297"}],"version-history":[{"count":0,"href":"https:\/\/www.europesays.com\/es\/wp-json\/wp\/v2\/posts\/155297\/revisions"}],"wp:featuredmedia":[{"embeddable":true,"href":"https:\/\/www.europesays.com\/es\/wp-json\/wp\/v2\/media\/148726"}],"wp:attachment":[{"href":"https:\/\/www.europesays.com\/es\/wp-json\/wp\/v2\/media?parent=155297"}],"wp:term":[{"taxonomy":"category","embeddable":true,"href":"https:\/\/www.europesays.com\/es\/wp-json\/wp\/v2\/categories?post=155297"},{"taxonomy":"post_tag","embeddable":true,"href":"https:\/\/www.europesays.com\/es\/wp-json\/wp\/v2\/tags?post=155297"}],"curies":[{"name":"wp","href":"https:\/\/api.w.org\/{rel}","templated":true}]}}