{"id":155310,"date":"2025-10-03T18:37:05","date_gmt":"2025-10-03T18:37:05","guid":{"rendered":"https:\/\/www.europesays.com\/es\/155310\/"},"modified":"2025-10-03T18:37:05","modified_gmt":"2025-10-03T18:37:05","slug":"la-brujula-de-la-rioja-03-10-2025-la-brujula-de-la-rioja","status":"publish","type":"post","link":"https:\/\/www.europesays.com\/es\/155310\/","title":{"rendered":"La Br\u00fajula de La Rioja 03\/10\/2025 &#8211; La br\u00fajula de La Rioja"},"content":{"rendered":"<p class=\"article-preTitle\"> 20:01 MIN<\/p>\n<p><img loading=\"lazy\" decoding=\"async\" title=\"La Br\u00fajula de La Rioja Diana Victoriano\" alt=\"Portada programa La Br\u00fajula de La Rioja Diana Victoriano\" width=\"480\" height=\"270\" src=\"https:\/\/www.europesays.com\/es\/wp-content\/uploads\/2025\/10\/brujula-rioja-diana-victoriano_70.jpg\"\/><\/p>\n<p class=\"article-subtitle\">Rodrigo Alfaro y Jes\u00fas Izquierdo, al frente de CCOO y UGT en La Rioja, han registrado esta ma\u00f1ana en la Delegaci\u00f3n de Gobierno la convocatoria de huelga, para el d\u00eda 15 de octubre, que los sindicatos est\u00e1n promoviendo a nivel nacional para protestar por el genocidio en Palestina.<\/p>\n<p class=\"article-subtitle\">Jornada, de nuevo, calurosa que da comienzo a un fin de semana cargado de eventos en nuestra regi\u00f3n: desde la inauguraci\u00f3n de la feria del libro y de ocasi\u00f3n en el espol\u00f3n Logro\u00f1\u00e9s, a la marat\u00f3n del domingo en la capital, pasando por las dos jornadas especiales para el comercio en Logro\u00f1o y Calahorra o la segunda edici\u00f3n del festival del Comic.<\/p>\n","protected":false},"excerpt":{"rendered":"20:01 MIN Rodrigo Alfaro y Jes\u00fas Izquierdo, al frente de CCOO y UGT en La Rioja, han registrado&hellip;\n","protected":false},"author":2,"featured_media":154291,"comment_status":"","ping_status":"","sticky":false,"template":"","format":"standard","meta":{"footnotes":""},"categories":[8],"tags":[17,18,25,24,13,14,11,19,20,9,10,15,16,23,12,21,22],"class_list":{"0":"post-155310","1":"post","2":"type-post","3":"status-publish","4":"format-standard","5":"has-post-thumbnail","7":"category-espana","8":"tag-breaking-news","9":"tag-breakingnews","10":"tag-es","11":"tag-espana","12":"tag-featured-news","13":"tag-featurednews","14":"tag-headlines","15":"tag-latest-news","16":"tag-latestnews","17":"tag-news","18":"tag-noticias","19":"tag-noticias-destacadas","20":"tag-noticiasdestacadas","21":"tag-spain","22":"tag-titulares","23":"tag-ultimas-noticias","24":"tag-ultimasnoticias"},"share_on_mastodon":{"url":"","error":""},"_links":{"self":[{"href":"https:\/\/www.europesays.com\/es\/wp-json\/wp\/v2\/posts\/155310","targetHints":{"allow":["GET"]}}],"collection":[{"href":"https:\/\/www.europesays.com\/es\/wp-json\/wp\/v2\/posts"}],"about":[{"href":"https:\/\/www.europesays.com\/es\/wp-json\/wp\/v2\/types\/post"}],"author":[{"embeddable":true,"href":"https:\/\/www.europesays.com\/es\/wp-json\/wp\/v2\/users\/2"}],"replies":[{"embeddable":true,"href":"https:\/\/www.europesays.com\/es\/wp-json\/wp\/v2\/comments?post=155310"}],"version-history":[{"count":0,"href":"https:\/\/www.europesays.com\/es\/wp-json\/wp\/v2\/posts\/155310\/revisions"}],"wp:featuredmedia":[{"embeddable":true,"href":"https:\/\/www.europesays.com\/es\/wp-json\/wp\/v2\/media\/154291"}],"wp:attachment":[{"href":"https:\/\/www.europesays.com\/es\/wp-json\/wp\/v2\/media?parent=155310"}],"wp:term":[{"taxonomy":"category","embeddable":true,"href":"https:\/\/www.europesays.com\/es\/wp-json\/wp\/v2\/categories?post=155310"},{"taxonomy":"post_tag","embeddable":true,"href":"https:\/\/www.europesays.com\/es\/wp-json\/wp\/v2\/tags?post=155310"}],"curies":[{"name":"wp","href":"https:\/\/api.w.org\/{rel}","templated":true}]}}