{"id":155319,"date":"2025-10-03T18:45:11","date_gmt":"2025-10-03T18:45:11","guid":{"rendered":"https:\/\/www.europesays.com\/es\/155319\/"},"modified":"2025-10-03T18:45:11","modified_gmt":"2025-10-03T18:45:11","slug":"insolito-charles-leclerc-choco-a-lando-norris-en-los-boxes-durante-el-gp-de-singapur","status":"publish","type":"post","link":"https:\/\/www.europesays.com\/es\/155319\/","title":{"rendered":"Ins\u00f3lito: Charles Leclerc choc\u00f3 a Lando Norris en los boxes durante el GP de Singapur"},"content":{"rendered":"<p>Este viernes por la ma\u00f1ana de Uruguay <a href=\"https:\/\/www.airbag.uy\/Airbag\/F1-Fernando-Alonso-sorprendio-y-lidero-el-primer-libre-en-Singapur-Piastri-el-segundo-uc938619\" target=\"_blank\" rel=\"nofollow noopener\">se llevaron a cabo los<br \/>\ndos primeros entrenamientos libres del Gran Premio de Singapur<\/a>, el 18\u00ba del<br \/>\nMundial de <strong>F\u00f3rmula 1<\/strong>, y tuvo como dominadores a Fernando Alonso (Aston Martin)<br \/>\ny Oscar Piastri (McLaren) en cada uno.<\/p>\n<p>Si bien la primera pr\u00e1ctica dio mucho de qu\u00e9 hablar por el<br \/>\ngran resultado del piloto espa\u00f1ol, la segunda tambi\u00e9n tuvo lo suyo, pero fue,<br \/>\nsobre todo, por el incidente entre <strong>Charles Leclerc<\/strong> y <strong>Lando Norris<\/strong>.<\/p>\n<p>El piloto de McLaren estaba conduciendo por el pit line para<br \/>\nsalir a la pista de Marina Bay cuando, en ese momento, el de Ferrari sali\u00f3 de<br \/>\nsu box. Fue ah\u00ed cuando Leclerc impact\u00f3 contra Norris, que <strong>choc\u00f3 con el muro<\/strong>.<\/p>\n<blockquote class=\"twitter-tweet\"><p>\n    <a href=\"https:\/\/twitter.com\/F1\/status\/1974110444882440516\" rel=\"nofollow noopener\" target=\"_blank\">\n<\/p><\/blockquote>\n<p><strong>\u201cMe choc\u00f3 directamente\u201d<\/strong>, dijo el ingl\u00e9s, que marcha segundo<br \/>\nen el Mundial de pilotos, en su radio.<\/p>\n<p>Leclerc a\u00fan no recibi\u00f3 sanci\u00f3n, pero<strong> fue citado por los<br \/>\ncomisarios<\/strong> de la FIA.<\/p>\n<p>Tras el final de la segunda sesi\u00f3n de entrenamiento, Norris<br \/>\nacab\u00f3 quinto, a 483 mil\u00e9simas de Piastri, mientras que Leclerc fue noveno, a 752.<\/p>\n<p>\t\t<img decoding=\"async\" itemprop=\"image\" src=\"https:\/\/www.europesays.com\/es\/wp-content\/uploads\/2025\/10\/933770.jpeg\"  alt=\"Foto: F\u00f3rmula 1\"\/><\/p>\n<p class=\"caption\">Foto: F\u00f3rmula 1<\/p>\n<p>                                <script async src=\"https:\/\/platform.twitter.com\/widgets.js\" charset=\"utf-8\"><\/script><\/p>\n","protected":false},"excerpt":{"rendered":"Este viernes por la ma\u00f1ana de Uruguay se llevaron a cabo los dos primeros entrenamientos libres del Gran&hellip;\n","protected":false},"author":2,"featured_media":155320,"comment_status":"","ping_status":"","sticky":false,"template":"","format":"standard","meta":{"footnotes":""},"categories":[270],"tags":[168,25,24,306,271,272,23,167],"class_list":{"0":"post-155319","1":"post","2":"type-post","3":"status-publish","4":"format-standard","5":"has-post-thumbnail","7":"category-formula-1","8":"tag-deportes","9":"tag-es","10":"tag-espana","11":"tag-f1","12":"tag-formula-1","13":"tag-formula1","14":"tag-spain","15":"tag-sports"},"share_on_mastodon":{"url":"","error":""},"_links":{"self":[{"href":"https:\/\/www.europesays.com\/es\/wp-json\/wp\/v2\/posts\/155319","targetHints":{"allow":["GET"]}}],"collection":[{"href":"https:\/\/www.europesays.com\/es\/wp-json\/wp\/v2\/posts"}],"about":[{"href":"https:\/\/www.europesays.com\/es\/wp-json\/wp\/v2\/types\/post"}],"author":[{"embeddable":true,"href":"https:\/\/www.europesays.com\/es\/wp-json\/wp\/v2\/users\/2"}],"replies":[{"embeddable":true,"href":"https:\/\/www.europesays.com\/es\/wp-json\/wp\/v2\/comments?post=155319"}],"version-history":[{"count":0,"href":"https:\/\/www.europesays.com\/es\/wp-json\/wp\/v2\/posts\/155319\/revisions"}],"wp:featuredmedia":[{"embeddable":true,"href":"https:\/\/www.europesays.com\/es\/wp-json\/wp\/v2\/media\/155320"}],"wp:attachment":[{"href":"https:\/\/www.europesays.com\/es\/wp-json\/wp\/v2\/media?parent=155319"}],"wp:term":[{"taxonomy":"category","embeddable":true,"href":"https:\/\/www.europesays.com\/es\/wp-json\/wp\/v2\/categories?post=155319"},{"taxonomy":"post_tag","embeddable":true,"href":"https:\/\/www.europesays.com\/es\/wp-json\/wp\/v2\/tags?post=155319"}],"curies":[{"name":"wp","href":"https:\/\/api.w.org\/{rel}","templated":true}]}}