{"id":155321,"date":"2025-10-03T18:46:15","date_gmt":"2025-10-03T18:46:15","guid":{"rendered":"https:\/\/www.europesays.com\/es\/155321\/"},"modified":"2025-10-03T18:46:15","modified_gmt":"2025-10-03T18:46:15","slug":"el-lointek-gernika-queda-a-la-espera-de-que-los-estamentos-deportivos-decidan-sobre-su-enfrentamiento-ante-el-elitzur-ramla-israeli","status":"publish","type":"post","link":"https:\/\/www.europesays.com\/es\/155321\/","title":{"rendered":"El Lointek Gernika queda a la espera de que los estamentos deportivos decidan sobre su enfrentamiento ante el Elitzur Ramla israel\u00ed"},"content":{"rendered":"<p><a class=\"v-mdl-ath__fig-a\" href=\"https:\/\/www.elcorreo.com\/autor\/julen-ensunza-5779.html\" title=\"Julen Ensunza\" rel=\"nofollow noopener\" target=\"_blank\"><br \/>\n<img decoding=\"async\" class=\"v-mdl-ath__img\" src=\"https:\/\/www.europesays.com\/es\/wp-content\/uploads\/2025\/09\/autor-5779-foto-2.jpeg\" alt=\"Julen Ensunza\"\/><br \/>\n<\/a><\/p>\n<p class=\"v-mdl-ath__p v-mdl-ath__p--6\">\nLunes, 29 de septiembre 2025, 13:42<\/p>\n<p class=\"v-p\">El Lointek Gernika ha decidido esperar acontecimientos. Su presidente, Gerardo Candina, ya dijo, tras lograr el billete para la EuroCup Women el pasado mi\u00e9rcoles ante su p\u00fablico, todo lo que ten\u00eda que decir en relaci\u00f3n al doble enfrentamiento que debe disputar su equipo ante el conjunto israel\u00ed del Elitzur Ramla, emparejado en su grupo. \u00abEstamos totalmente en contra del brutal genocidio en Gaza. Yo no los disputar\u00eda\u00bb, lanz\u00f3 a t\u00edtulo personal.<\/p>\n<p class=\"v-p\">Este lunes, en la presentaci\u00f3n oficial del equipo en el polideportivo Maloste de la villa foral, el m\u00e1ximo mandatario no quiso realizar ning\u00fan tipo de declaraci\u00f3n sobre el asunto a la espera de que se pronuncien los estamentos deportivos competentes en la materia, como la Federaci\u00f3n Espa\u00f1ola de Baloncesto y la FIBA. El Lointek tiene tiempo. El doble enfrentamiento ante el cuadro hebreo no tendr\u00eda lugar hasta finales de noviembre por mucho que la ida est\u00e9 programada para el 23 de octubre en Ramla.<\/p>\n<p class=\"v-p\">El Elitzur, \u00fanico conjunto israel\u00ed que disputa competici\u00f3n FIBA femenina, no tiene intenci\u00f3n de renunciar como hizo en 2023 el Ramat Hasharon, conjunto que tambi\u00e9n estuvo en el grupo del Lointek aquel curso. De hecho, su deseo, y as\u00ed se lo ha propuesto al resto de rivales, es disputar todos los partidos como visitante. Adem\u00e1s del conjunto hebreo, las forales tienen en su cuadro al Uniao Sportiva Azores de Portugal y al NKA Universitas Pecs de Hungr\u00eda.<\/p>\n<p class=\"v-p\">El Lointek ha disputado siete de las \u00faltimas doce ediciones de la EuroCup y, una vez que ha dejado clara cu\u00e1l es su postura al respecto, ha optado por la prudencia a la espera de que sean los estamentos competentes los que se pronuncien. En la pasada Vuelta a Espa\u00f1a, varias etapas, incluida la de Bilbao, tuvieron que acabar unos kil\u00f3metros antes del punto establecido debido a las protestas propalestinas por la presencia del equipo Israel Premier Tech. El pasado s\u00e1bado se conoci\u00f3 que esta escuadra ha sido excluida del Giro de Emilia, carrera ciclista que se disputar\u00e1 el 4 de octubre, por la organizaci\u00f3n de la ronda italiana.<\/p>\n<p>Reporta un error<\/p>\n","protected":false},"excerpt":{"rendered":"Lunes, 29 de septiembre 2025, 13:42 El Lointek Gernika ha decidido esperar acontecimientos. Su presidente, Gerardo Candina, ya&hellip;\n","protected":false},"author":2,"featured_media":155322,"comment_status":"","ping_status":"","sticky":false,"template":"","format":"standard","meta":{"footnotes":""},"categories":[269],"tags":[1575,299,298,46578,168,26790,43318,24296,25,24,4351,46577,3705,703,9276,3041,43319,57,23,167],"class_list":{"0":"post-155321","1":"post","2":"type-post","3":"status-publish","4":"format-standard","5":"has-post-thumbnail","7":"category-baloncesto","8":"tag-ante","9":"tag-baloncesto","10":"tag-basketball","11":"tag-decidan","12":"tag-deportes","13":"tag-deportivos","14":"tag-elitzur","15":"tag-enfrentamiento","16":"tag-es","17":"tag-espana","18":"tag-espera","19":"tag-estamentos","20":"tag-gernika","21":"tag-israeli","22":"tag-lointek","23":"tag-queda","24":"tag-ramla","25":"tag-sobre","26":"tag-spain","27":"tag-sports"},"share_on_mastodon":{"url":"","error":""},"_links":{"self":[{"href":"https:\/\/www.europesays.com\/es\/wp-json\/wp\/v2\/posts\/155321","targetHints":{"allow":["GET"]}}],"collection":[{"href":"https:\/\/www.europesays.com\/es\/wp-json\/wp\/v2\/posts"}],"about":[{"href":"https:\/\/www.europesays.com\/es\/wp-json\/wp\/v2\/types\/post"}],"author":[{"embeddable":true,"href":"https:\/\/www.europesays.com\/es\/wp-json\/wp\/v2\/users\/2"}],"replies":[{"embeddable":true,"href":"https:\/\/www.europesays.com\/es\/wp-json\/wp\/v2\/comments?post=155321"}],"version-history":[{"count":0,"href":"https:\/\/www.europesays.com\/es\/wp-json\/wp\/v2\/posts\/155321\/revisions"}],"wp:featuredmedia":[{"embeddable":true,"href":"https:\/\/www.europesays.com\/es\/wp-json\/wp\/v2\/media\/155322"}],"wp:attachment":[{"href":"https:\/\/www.europesays.com\/es\/wp-json\/wp\/v2\/media?parent=155321"}],"wp:term":[{"taxonomy":"category","embeddable":true,"href":"https:\/\/www.europesays.com\/es\/wp-json\/wp\/v2\/categories?post=155321"},{"taxonomy":"post_tag","embeddable":true,"href":"https:\/\/www.europesays.com\/es\/wp-json\/wp\/v2\/tags?post=155321"}],"curies":[{"name":"wp","href":"https:\/\/api.w.org\/{rel}","templated":true}]}}