{"id":155325,"date":"2025-10-03T18:50:07","date_gmt":"2025-10-03T18:50:07","guid":{"rendered":"https:\/\/www.europesays.com\/es\/155325\/"},"modified":"2025-10-03T18:50:07","modified_gmt":"2025-10-03T18:50:07","slug":"un-pack-de-libros-para-fomentar-la-lectura-entre-los-mas-pequenos","status":"publish","type":"post","link":"https:\/\/www.europesays.com\/es\/155325\/","title":{"rendered":"Un pack de libros para fomentar la lectura entre los m\u00e1s peque\u00f1os"},"content":{"rendered":"<p> Con el inicio del curso, los m\u00e1s peque\u00f1os dar\u00e1n sus primeros pasos en el mundo literario un a\u00f1o m\u00e1s con la iniciativa Bookstart Euskadi- &#8230; Gipuzkoa. El Departamento de Cultura y Cooperaci\u00f3n de la Diputaci\u00f3n Foral de Gipuzkoa, con la colaboraci\u00f3n de la Asociaci\u00f3n Art\u00edstica-Sociocultural Mestiza, repartir\u00e1n paquetes de libros totalmente gratuitos para los ni\u00f1os de 0 a 3 a\u00f1os, con el objetivo de promover la lectura en euskera, castellano e ingl\u00e9s entre ni\u00f1os y ni\u00f1as de preescolar. Este curso el proyecto estar\u00e1 presente en nueve municipios de Gipuzkoa, entre ellos Ordizia, que fue pionera en poner en marcha esta iniciativa.<\/p>\n<p class=\"v-p\">Se distribuir\u00e1n cerca de un millar de Liburupacks en el territorio. Adem\u00e1s de los menores ordiziarras, recibir\u00e1n los libros en Idiazabal, Larraul, Legorreta, Ataun, Alkiza, Urnieta y Orio. El alcalde de Ordizia, Adur Ezenarro, resalt\u00f3 la importancia de la lectura, \u00aby es un derecho, un derecho que tienen todos los ni\u00f1os y ni\u00f1as. Leer es un h\u00e1bito que se toma desde que somos peque\u00f1os, en edades tempranas, que dura toda la vida, ampliando nuestra imaginaci\u00f3n, trabajando el pensamiento cr\u00edtico, y permitiendo profundizar en cualquier tema. Por eso, un a\u00f1o m\u00e1s nos sumaremos al proyecto en Ordizia\u00bb, indic\u00f3 el alcalde.<\/p>\n<p class=\"v-p\">Cada pack est\u00e1 compuesto por un libro en euskera, uno en castellano y otro en ingl\u00e9s. Adem\u00e1s de un folleto informativo de los beneficios de la lectura en la infancia temprana, hoja de rimas y canciones, y un marcap\u00e1ginas con un c\u00f3digo QR que enlazar\u00e1 con el calendario de las actividades gratuitas de promoci\u00f3n lectora de Liburu Baby Kluba en las bibliotecas p\u00fablicas municipales colaboradoras. Asimismo, han preparado Liburupacks para ni\u00f1as y ni\u00f1os con necesidades especiales (auditiva, visual y motora), al entender que es primordial ofrecer una oferta inclusiva para la infancia y sus familias. <\/p>\n<p class=\"v-p\">Todas las familias con menores en esa franja de edad recibir\u00e1n una carta donde se les invita a la biblioteca municipal o en la Haurreskola para que puedan recoger su paquete de libros. <\/p>\n<p>Liburu Baby Kluba<\/p>\n<p class=\"v-p\">En paralelo al proyecto Bookstart, este mes volver\u00e1 a la biblioteca municipal la iniciativa Liburu Baby Kluba, dirigida a ni\u00f1os de 0 a 3 a\u00f1os, de la mano de la asociaci\u00f3n Mestiza. La primera sesi\u00f3n ser\u00e1 el 16 de octubre, jueves, a las 17.00 horas.<\/p>\n<p class=\"v-p\">Liburu Baby Kluba es una actividad l\u00fadica y did\u00e1ctica dirigida a ni\u00f1os de hasta tres a\u00f1os, que tiene como eje y punto de partida el libro. Son varios a\u00f1os los que se lleva a cabo en la biblioteca de Ordizia con una gran aceptaci\u00f3n. Durante las sesiones los ni\u00f1os estar\u00e1n acompa\u00f1ados por un adulto que tambi\u00e9n participar\u00e1 en la actividad. El objetivo principal es despertar en los ni\u00f1os y ni\u00f1as el inter\u00e9s por la literatura, la m\u00fasica, el arte y la naturaleza a trav\u00e9s de cuentos y canciones.<\/p>\n","protected":false},"excerpt":{"rendered":"Con el inicio del curso, los m\u00e1s peque\u00f1os dar\u00e1n sus primeros pasos en el mundo literario un a\u00f1o&hellip;\n","protected":false},"author":2,"featured_media":155326,"comment_status":"","ping_status":"","sticky":false,"template":"","format":"standard","meta":{"footnotes":""},"categories":[172],"tags":[224,146,147,25,24,22091,1807,225,28048,3462,23],"class_list":{"0":"post-155325","1":"post","2":"type-post","3":"status-publish","4":"format-standard","5":"has-post-thumbnail","7":"category-libros","8":"tag-books","9":"tag-entertainment","10":"tag-entretenimiento","11":"tag-es","12":"tag-espana","13":"tag-fomentar","14":"tag-lectura","15":"tag-libros","16":"tag-pack","17":"tag-pequenos","18":"tag-spain"},"share_on_mastodon":{"url":"","error":""},"_links":{"self":[{"href":"https:\/\/www.europesays.com\/es\/wp-json\/wp\/v2\/posts\/155325","targetHints":{"allow":["GET"]}}],"collection":[{"href":"https:\/\/www.europesays.com\/es\/wp-json\/wp\/v2\/posts"}],"about":[{"href":"https:\/\/www.europesays.com\/es\/wp-json\/wp\/v2\/types\/post"}],"author":[{"embeddable":true,"href":"https:\/\/www.europesays.com\/es\/wp-json\/wp\/v2\/users\/2"}],"replies":[{"embeddable":true,"href":"https:\/\/www.europesays.com\/es\/wp-json\/wp\/v2\/comments?post=155325"}],"version-history":[{"count":0,"href":"https:\/\/www.europesays.com\/es\/wp-json\/wp\/v2\/posts\/155325\/revisions"}],"wp:featuredmedia":[{"embeddable":true,"href":"https:\/\/www.europesays.com\/es\/wp-json\/wp\/v2\/media\/155326"}],"wp:attachment":[{"href":"https:\/\/www.europesays.com\/es\/wp-json\/wp\/v2\/media?parent=155325"}],"wp:term":[{"taxonomy":"category","embeddable":true,"href":"https:\/\/www.europesays.com\/es\/wp-json\/wp\/v2\/categories?post=155325"},{"taxonomy":"post_tag","embeddable":true,"href":"https:\/\/www.europesays.com\/es\/wp-json\/wp\/v2\/tags?post=155325"}],"curies":[{"name":"wp","href":"https:\/\/api.w.org\/{rel}","templated":true}]}}