{"id":155344,"date":"2025-10-03T19:02:08","date_gmt":"2025-10-03T19:02:08","guid":{"rendered":"https:\/\/www.europesays.com\/es\/155344\/"},"modified":"2025-10-03T19:02:08","modified_gmt":"2025-10-03T19:02:08","slug":"el-trasmapi-hc-eivissa-se-mide-a-un-sinfin-en-horas-bajas","status":"publish","type":"post","link":"https:\/\/www.europesays.com\/es\/155344\/","title":{"rendered":"El Trasmapi HC Eivissa se mide a un Sinf\u00edn en horas bajas"},"content":{"rendered":"<p class=\"ft-text\">Nuevo test de altura para el <a class=\"ft-link ft-link--decoration\" href=\"https:\/\/www.diariodeibiza.es\/deporte-local\/2025\/09\/27\/resiliente-trasmapi-hc-eivissa-acaba-122028883.html\" target=\"_blank\" rel=\"nofollow noopener\">Trasmapi HC Eivissa<\/a>, que visita este s\u00e1bado (18 horas, Pabell\u00f3n de la Albericia) al <strong>Balonmano Sinf\u00edn<\/strong>, uno de los te\u00f3ricos aspirantes al ascenso que no ha comenzado bien la competici\u00f3n oficial.<\/p>\n<p class=\"ft-text\">El equipo de Geno Tilves viaja a Santander con la moral por las nubes tras la prestigiosa victoria conseguida el pasado fin de semana ante el Bar\u00e7a Atl\u00e8tic, que hinc\u00f3 la rodilla en Es Pratet (30-27) y sum\u00f3 su primera derrota de la temporada. Los ibicencos, terceros en la tabla clasificatoria con cuatro puntos, tratar\u00e1n de sacar algo positivo en su visita a Cantabria ante un rival que la pasada campa\u00f1a cay\u00f3 en el play-off de ascenso a ASOBAL, desde donde descendi\u00f3 hace dos a\u00f1os. El Sinf\u00edn, und\u00e9cimo en la clasificaci\u00f3n, ha cosechado dos empates ante BM Base Oviedo y M\u00e1laga, y una derrota la pasada semana ante Balonmano Soria (35-34).<\/p>\n<p class=\"ft-text\">\u00abEl Sinf\u00edn es un equipo con estructura y bloque de ASOBAL, con mucha calidad y gol. Corren un mont\u00f3n y nos obligar\u00e1n a tener una exigencia f\u00edsica muy alta y ser capaces de mantener un ritmo de ASOBAl. Tenemos que estar intensos, defender bien y no tener p\u00e9rdidas\u00bb, se\u00f1al\u00f3 <a class=\"ft-link ft-link--decoration\" href=\"https:\/\/www.diariodeibiza.es\/deporte-local\/2025\/09\/21\/trasmapi-cae-derrotado-agustinos-alicante-121792305.html\" target=\"_blank\" rel=\"nofollow noopener\">Tilves<\/a> en la previa.<\/p>\n","protected":false},"excerpt":{"rendered":"Nuevo test de altura para el Trasmapi HC Eivissa, que visita este s\u00e1bado (18 horas, Pabell\u00f3n de la&hellip;\n","protected":false},"author":2,"featured_media":155345,"comment_status":"","ping_status":"","sticky":false,"template":"","format":"standard","meta":{"footnotes":""},"categories":[278],"tags":[376,168,8656,11809,25,24,375,11808,7295,1034,23,167,11573,44348],"class_list":{"0":"post-155344","1":"post","2":"type-post","3":"status-publish","4":"format-standard","5":"has-post-thumbnail","7":"category-balonmano","8":"tag-balonmano","9":"tag-deportes","10":"tag-division-de-honor-plata","11":"tag-eivissa","12":"tag-es","13":"tag-espana","14":"tag-handball","15":"tag-hc","16":"tag-mide","17":"tag-sinfin","18":"tag-spain","19":"tag-sports","20":"tag-trasmapi","21":"tag-trasmapi-hc-eivissa"},"share_on_mastodon":{"url":"","error":""},"_links":{"self":[{"href":"https:\/\/www.europesays.com\/es\/wp-json\/wp\/v2\/posts\/155344","targetHints":{"allow":["GET"]}}],"collection":[{"href":"https:\/\/www.europesays.com\/es\/wp-json\/wp\/v2\/posts"}],"about":[{"href":"https:\/\/www.europesays.com\/es\/wp-json\/wp\/v2\/types\/post"}],"author":[{"embeddable":true,"href":"https:\/\/www.europesays.com\/es\/wp-json\/wp\/v2\/users\/2"}],"replies":[{"embeddable":true,"href":"https:\/\/www.europesays.com\/es\/wp-json\/wp\/v2\/comments?post=155344"}],"version-history":[{"count":0,"href":"https:\/\/www.europesays.com\/es\/wp-json\/wp\/v2\/posts\/155344\/revisions"}],"wp:featuredmedia":[{"embeddable":true,"href":"https:\/\/www.europesays.com\/es\/wp-json\/wp\/v2\/media\/155345"}],"wp:attachment":[{"href":"https:\/\/www.europesays.com\/es\/wp-json\/wp\/v2\/media?parent=155344"}],"wp:term":[{"taxonomy":"category","embeddable":true,"href":"https:\/\/www.europesays.com\/es\/wp-json\/wp\/v2\/categories?post=155344"},{"taxonomy":"post_tag","embeddable":true,"href":"https:\/\/www.europesays.com\/es\/wp-json\/wp\/v2\/tags?post=155344"}],"curies":[{"name":"wp","href":"https:\/\/api.w.org\/{rel}","templated":true}]}}