{"id":155350,"date":"2025-10-03T19:09:08","date_gmt":"2025-10-03T19:09:08","guid":{"rendered":"https:\/\/www.europesays.com\/es\/155350\/"},"modified":"2025-10-03T19:09:08","modified_gmt":"2025-10-03T19:09:08","slug":"resultados-euroliga-jornada-2-2025-26-horarios-tv-partidos-y-clasificacion","status":"publish","type":"post","link":"https:\/\/www.europesays.com\/es\/155350\/","title":{"rendered":"Resultados Euroliga, jornada 2, 2025\/26: horarios, TV, partidos y clasificaci\u00f3n"},"content":{"rendered":"<p class=\"\"><b>En marcha la jornada 2 de la Euroliga 2025-26<\/b>. Los equipos mantienen la ilusi\u00f3n de arrebatar el trofeo de la m\u00e1xima competici\u00f3n continental al <b>Fenerbah\u00e7e<\/b>, uno de los principales favoritos y vigente campe\u00f3n, y conquistar el trono de <b>Europa<\/b>.<\/p>\n<p class=\"\"><b>Real Madrid<\/b>, <b>Valencia Basket, Barcelona y Baskonia<\/b>, los cuatro espa\u00f1oles, y otros quince equipos intentan acceder a los ochos primeros puestos (play-in hasta el 10\u00ba mediante) de la fase regular y encarar la <b>Final Four <\/b>para poder hacerlo posible. Todo est\u00e1 por decidir; pero, de momento, los partidos de esta jornada son los siguientes (partidos pendientes y resultados finales).<\/p>\n<p><a title=\"Jornada 2\" href=\"\" rel=\"\">Jornada 2<\/a><\/p>\n<ul>\n<li><strong>Partiz\u00e1n 80<\/strong> &#8211; Olimpia de Mil\u00e1n 78<\/li>\n<li><strong>Bayern de M\u00fanich 97<\/strong> &#8211; Estrella Roja 88<\/li>\n<li><strong>Real Madrid 89<\/strong> &#8211; Olympiacos 77<\/li>\n<li>Zalgiris &#8211; Fenerbah\u00e7e Beko (3\/10\/25, 19:00)<\/li>\n<li>M\u00f3naco &#8211; Dub\u00e1i (3\/10\/25, 19:30)<\/li>\n<li>Anadolu Efes &#8211; Hapoel Ibi Tel Aviv (3\/10\/25, 19:30)<\/li>\n<li>LDLC ASVEL &#8211; Baskonia (3\/10\/25, 20:00)<\/li>\n<li>Panathinaikos Aktor &#8211; Bar\u00e7a (3\/10\/25, 20:15)<\/li>\n<li>Valencia &#8211; Virtus de Bolonia (3\/10\/25, 20:30)<\/li>\n<li>Maccabi Rapyd Tel Aviv &#8211; Par\u00eds (3\/10\/25, 21:30)<\/li>\n<\/ul>\n<p><a title=\"Cr\u00f3nicas de los equipos espa\u00f1oles\" href=\"\" rel=\"\">Cr\u00f3nicas de los equipos espa\u00f1oles<\/a><\/p>\n<ul>\n<li><a href=\"https:\/\/as.com\/baloncesto\/euroliga\/el-madrid-aprieta-el-puno-n\/\" rel=\"nofollow noopener\" target=\"_blank\"><strong>Real Madrid 89<\/strong> &#8211; Olympiacos 77<\/a><\/li>\n<li>LDLC ASVEL &#8211; Baskonia (3\/10\/25, 20:00)<\/li>\n<li>Panathinaikos Aktor &#8211; Bar\u00e7a (3\/10\/25, 20:15)<\/li>\n<li>Valencia &#8211; Virtus de Bolonia (3\/10\/25, 20:30)<\/li>\n<\/ul>\n<p class=\"\"><b>\u00a1Tus opiniones importan!<\/b><\/p>\n<p>Noticias relacionadas<a href=\"https:\/\/as.com\/baloncesto\/euroliga\/el-madrid-aprieta-el-puno-n\/\" class=\"s_m_w\" title=\"Gran triunfo blanco tras sobreponerse a un primer cuarto estelar de Dorsey. Campazzo, Deck, Hezonja, Feliz, Lyles, Abalde, Garuba... y decisivo Kramer, que sec\u00f3 a Fournier.\" data-tb-link=\"\" rel=\"nofollow noopener\" target=\"_blank\"><img decoding=\"async\" src=\"https:\/\/www.europesays.com\/es\/wp-content\/uploads\/2025\/10\/WLLFVLGIQNJUVOSAPNPNSOS3UU.jpg\" alt=\"El Madrid aprieta el pu\u00f1o\" class=\"\" height=\"1\" width=\"1\"   loading=\"lazy\" data-tb-thumbnail=\"\"\/><\/a><a href=\"https:\/\/as.com\/baloncesto\/euroliga\/sergio-scariolo-el-equipo-ha-demostrado-corazon-n\/\" class=\"s_m_w\" title=\"El entrenador del Real Madrid, Sergio Scariolo, valor\u00f3 la victoria de su equipo ante el Olympiacos en la 2\u00aa jornada de la Euroliga 2025-26.\" data-tb-link=\"\" rel=\"nofollow noopener\" target=\"_blank\"><img decoding=\"async\" src=\"https:\/\/www.europesays.com\/es\/wp-content\/uploads\/2025\/10\/Q43BQLPDGRIWRMDBANK377GF5M.jpg\" alt=\"Scariolo: \u201cEn Hezonja veo a una persona que quiere mejorar, ser disciplinada y respetuosa\u201d\" class=\"\" height=\"1\" width=\"1\"   loading=\"lazy\" data-tb-thumbnail=\"\"\/><\/a><\/p>\n<p class=\"\">Comenta en los art\u00edculos y suscr\u00edbete gratis a nuestra <a href=\"https:\/\/asfan.as.com\/newsletters\/\" rel=\"nofollow noopener\" title=\"https:\/\/asfan.as.com\/newsletters\/\" target=\"_blank\">newsletter<\/a> y a las alertas informativas en la <a href=\"https:\/\/as.com\/aplicacion-de-as-n\/\" rel=\"nofollow noopener\" title=\"https:\/\/as.com\/aplicacion-de-as-n\/\" target=\"_blank\">App<\/a> o el canal de <a href=\"https:\/\/www.whatsapp.com\/channel\/0029VaAasdA7j6g745nz9M10\" rel=\"nofollow noopener\" title=\"https:\/\/www.whatsapp.com\/channel\/0029VaAasdA7j6g745nz9M10\" target=\"_blank\">WhatsApp<\/a>.<\/p>\n<p class=\"\">\u00bfBuscas licenciar contenido? Haz clic <a href=\"https:\/\/profesional.elpais.com\/soluciones-sindicacion?utm_medium=interno&amp;utm_source=crosslinking&amp;utm_campaign=sindicacion_as_pie_articulos\" rel=\"nofollow noopener\" title=\"https:\/\/profesional.elpais.com\/soluciones-sindicacion?utm_medium=interno&amp;utm_source=crosslinking&amp;utm_campaign=sindicacion_as_pie_articulos\" target=\"_blank\">aqu\u00ed<\/a><\/p>\n","protected":false},"excerpt":{"rendered":"En marcha la jornada 2 de la Euroliga 2025-26. Los equipos mantienen la ilusi\u00f3n de arrebatar el trofeo&hellip;\n","protected":false},"author":2,"featured_media":154021,"comment_status":"","ping_status":"","sticky":false,"template":"","format":"standard","meta":{"footnotes":""},"categories":[269],"tags":[299,298,168,25,24,23,167],"class_list":{"0":"post-155350","1":"post","2":"type-post","3":"status-publish","4":"format-standard","5":"has-post-thumbnail","7":"category-baloncesto","8":"tag-baloncesto","9":"tag-basketball","10":"tag-deportes","11":"tag-es","12":"tag-espana","13":"tag-spain","14":"tag-sports"},"share_on_mastodon":{"url":"","error":""},"_links":{"self":[{"href":"https:\/\/www.europesays.com\/es\/wp-json\/wp\/v2\/posts\/155350","targetHints":{"allow":["GET"]}}],"collection":[{"href":"https:\/\/www.europesays.com\/es\/wp-json\/wp\/v2\/posts"}],"about":[{"href":"https:\/\/www.europesays.com\/es\/wp-json\/wp\/v2\/types\/post"}],"author":[{"embeddable":true,"href":"https:\/\/www.europesays.com\/es\/wp-json\/wp\/v2\/users\/2"}],"replies":[{"embeddable":true,"href":"https:\/\/www.europesays.com\/es\/wp-json\/wp\/v2\/comments?post=155350"}],"version-history":[{"count":0,"href":"https:\/\/www.europesays.com\/es\/wp-json\/wp\/v2\/posts\/155350\/revisions"}],"wp:featuredmedia":[{"embeddable":true,"href":"https:\/\/www.europesays.com\/es\/wp-json\/wp\/v2\/media\/154021"}],"wp:attachment":[{"href":"https:\/\/www.europesays.com\/es\/wp-json\/wp\/v2\/media?parent=155350"}],"wp:term":[{"taxonomy":"category","embeddable":true,"href":"https:\/\/www.europesays.com\/es\/wp-json\/wp\/v2\/categories?post=155350"},{"taxonomy":"post_tag","embeddable":true,"href":"https:\/\/www.europesays.com\/es\/wp-json\/wp\/v2\/tags?post=155350"}],"curies":[{"name":"wp","href":"https:\/\/api.w.org\/{rel}","templated":true}]}}