{"id":155351,"date":"2025-10-03T19:10:21","date_gmt":"2025-10-03T19:10:21","guid":{"rendered":"https:\/\/www.europesays.com\/es\/155351\/"},"modified":"2025-10-03T19:10:21","modified_gmt":"2025-10-03T19:10:21","slug":"el-derbi-vasco-en-anoeta-ya-tiene-fecha-y-hora","status":"publish","type":"post","link":"https:\/\/www.europesays.com\/es\/155351\/","title":{"rendered":"El derbi vasco en Anoeta ya tiene fecha y hora"},"content":{"rendered":"<p>                        Real Sociedad y Athletic Club de Bilbao se ver\u00e1n las caras el s\u00e1bado 1 de noviembre a las 18.30\n<\/p>\n<p><img src=\"https:\/\/www.mundodeportivo.com\/files\/image_449_220\/uploads\/2025\/05\/04\/6817d70209b85.jpeg\" data-full-src=\"https:\/\/www.europesays.com\/es\/wp-content\/uploads\/2025\/10\/6817d70209b85.jpeg\" alt=\"Horizontal\" width=\"449\" height=\"220\" class=\"nolazy\" decoding=\"async\" fetchpriority=\"high\"\/><\/p>\n<p class=\"caption-title \">Oyarzabal y Unai Sim\u00f3n<\/p>\n<p>Juan Herrero \/ EFE<\/p>\n<p>\n                        Actualizado a  01\/10\/2025 16:46 CEST\n                    <\/p>\n<p data-gtm-element-container=\"modulo-texto-link\" class=\"paragraph\">El primer derbi vasco de la temporada ya tiene fecha y hora. La <strong>Real Sociedad recibir\u00e1 al Athletic Club el s\u00e1bado 1 de noviembre a las 18:30 <\/strong>en Anoeta, en un encuentro que siempre trasciende m\u00e1s all\u00e1 de lo deportivo. Ser\u00e1 el primer cara a cara entre ambos esta campa\u00f1a, con los txuri urdin y los rojiblancos llegando en situaciones dispares, pero con el atractivo de un choque de esta envergadura.<\/p>\n<p>    Lee tambi\u00e9n<\/p>\n<p data-gtm-element-container=\"modulo-texto-link\" class=\"paragraph\">La Real afrontar\u00e1 el duelo sin acumulaci\u00f3n de carga excesiva, ya que su calendario hasta entonces incluye el partido de este domingo ante el <strong>Rayo<\/strong>, el posterior <strong>par\u00f3n <\/strong>internacional, la visita al <strong>Celta <\/strong>en Vigo y la recepci\u00f3n al <strong>Sevilla <\/strong>el 24 de octubre. Por su parte, el Athletic tendr\u00e1 una agenda m\u00e1s apretada: tras el derbi en Anoeta, unos d\u00edas despu\u00e9s, el mi\u00e9rcoles, deber\u00e1 viajar a Inglaterra para <strong>enfrentarse al Newcastle<\/strong> en Champions, un factor que podr\u00eda condicionar las rotaciones de Ernesto Valverde.<\/p>\n<p>\n        Mostrar comentarios\n    <\/p>\n<p>{\u00aballowComment\u00bb:\u00bballowed\u00bb,\u00bbarticleId\u00bb:\u00bbarticle-1002542853&#8243;,\u00bburl\u00bb:\u00bbhttps:\\\/\\\/www.mundodeportivo.com\\\/futbol\\\/real-sociedad\\\/20251001\\\/1002542853\\\/derbi-vasco-anoeta-fecha-hora.html\u00bb,\u00bblivefyre-url\u00bb:\u00bbarticle-1002542853&#8243;}<\/p>\n<p>Cargando siguiente contenido&#8230;\n                <\/p>\n","protected":false},"excerpt":{"rendered":"Real Sociedad y Athletic Club de Bilbao se ver\u00e1n las caras el s\u00e1bado 1 de noviembre a las&hellip;\n","protected":false},"author":2,"featured_media":155352,"comment_status":"","ping_status":"","sticky":false,"template":"","format":"standard","meta":{"footnotes":""},"categories":[268],"tags":[168,25,24,280,282,281,23,167],"class_list":{"0":"post-155351","1":"post","2":"type-post","3":"status-publish","4":"format-standard","5":"has-post-thumbnail","7":"category-futbol","8":"tag-deportes","9":"tag-es","10":"tag-espana","11":"tag-football","12":"tag-futbol","13":"tag-soccer","14":"tag-spain","15":"tag-sports"},"share_on_mastodon":{"url":"","error":""},"_links":{"self":[{"href":"https:\/\/www.europesays.com\/es\/wp-json\/wp\/v2\/posts\/155351","targetHints":{"allow":["GET"]}}],"collection":[{"href":"https:\/\/www.europesays.com\/es\/wp-json\/wp\/v2\/posts"}],"about":[{"href":"https:\/\/www.europesays.com\/es\/wp-json\/wp\/v2\/types\/post"}],"author":[{"embeddable":true,"href":"https:\/\/www.europesays.com\/es\/wp-json\/wp\/v2\/users\/2"}],"replies":[{"embeddable":true,"href":"https:\/\/www.europesays.com\/es\/wp-json\/wp\/v2\/comments?post=155351"}],"version-history":[{"count":0,"href":"https:\/\/www.europesays.com\/es\/wp-json\/wp\/v2\/posts\/155351\/revisions"}],"wp:featuredmedia":[{"embeddable":true,"href":"https:\/\/www.europesays.com\/es\/wp-json\/wp\/v2\/media\/155352"}],"wp:attachment":[{"href":"https:\/\/www.europesays.com\/es\/wp-json\/wp\/v2\/media?parent=155351"}],"wp:term":[{"taxonomy":"category","embeddable":true,"href":"https:\/\/www.europesays.com\/es\/wp-json\/wp\/v2\/categories?post=155351"},{"taxonomy":"post_tag","embeddable":true,"href":"https:\/\/www.europesays.com\/es\/wp-json\/wp\/v2\/tags?post=155351"}],"curies":[{"name":"wp","href":"https:\/\/api.w.org\/{rel}","templated":true}]}}