{"id":155363,"date":"2025-10-03T19:19:10","date_gmt":"2025-10-03T19:19:10","guid":{"rendered":"https:\/\/www.europesays.com\/es\/155363\/"},"modified":"2025-10-03T19:19:10","modified_gmt":"2025-10-03T19:19:10","slug":"la-carinosa-dedicatoria-de-isabel-preysler-a-tamara-falco-en-su-nuevo-libro-que-desvela-como-la-llama-su-hija","status":"publish","type":"post","link":"https:\/\/www.europesays.com\/es\/155363\/","title":{"rendered":"La cari\u00f1osa dedicatoria de Isabel Preysler a Tamara Falc\u00f3 en su nuevo libro que desvela c\u00f3mo la llama su hija"},"content":{"rendered":"<p>En unos pocos d\u00edas <strong>conoceremos a una Isabel Preysler totalmente nueva.<\/strong> La socialit\u00e9 es uno de los rostros m\u00e1s llamativos del panorama social, tanto por sus relaciones personales como por su elegancia y proyectos. Despu\u00e9s de tantas d\u00e9cadas parece l\u00f3gico pensar que ya sabemos todo de la madre de Ana Boyer. Pero, no es cierto. Nos falta una versi\u00f3n: la suya.\u00a0<\/p>\n<p>Despu\u00e9s de varias d\u00e9cadas viendo c\u00f3mo se ha escrito sobre su vida, Isabel ha dado un paso al frente y <a href=\"https:\/\/www.lecturas.com\/actualidad\/isabel-preysler-da-paso-frente-presenta-sus-memorias-comparto-algunos-mis-recuerdos-mas-intimos_180759\" target=\"_self\" rel=\"nofollow noopener\">ha decidido escribir sus memorias.<\/a>\u00a0\u00abQueridos amigos: me hace mucha ilusi\u00f3n compartir con vosotros mi proyecto m\u00e1s personal. El 22 de octubre llegar\u00e1 a librer\u00edas <strong>mi autobiograf\u00eda, &#8216;Mi verdadera historia&#8217;, de la mano de la editorial Espasa<\/strong>. En estas p\u00e1ginas recorro los diferentes cap\u00edtulos de mi vida, desde mi infancia en Filipinas hasta casi la actualidad, y comparto, por primera vez, algunos de mis recuerdos m\u00e1s \u00edntimos\u00bb, anunciaba en sus redes sociales hace unas semanas.<\/p>\n<p>A medida que se acerca la fecha de publicaci\u00f3n, han ido surgiendo m\u00e1s detalles sobre el proceso de escritura y sus contenidos. Tamara Falc\u00f3 confesaba en un evento que su progenitora<strong> se hab\u00eda dedicado en cuerpo y alma a este proyecto.<\/strong> \u00abNo me ha sorprendido nada en el aspecto en el que mi madre es tan perfeccionista que si se tiene que quedar hasta las 9 de la ma\u00f1ana y no dormir toda la noche se queda\u00bb, dec\u00eda orgullosa.<\/p>\n<p><img loading=\"lazy\" decoding=\"async\"   src=\"https:\/\/www.europesays.com\/es\/wp-content\/uploads\/2025\/10\/tamara-falco-e-isabel-preysler_2f28f5ec_251003160233_1200x1382.webp.webp\" alt=\"Tamara Falc\u00f3 e Isabel Preysler\" class=\"lazyload\" width=\"1200\" height=\"1382\" data-aspectratio=\"1200\/1382\"\/><\/p>\n<p>La relaci\u00f3n entre Tamara Falc\u00f3 y su madre, Isabel Preysler, es excelente, tal como se ha confirmado con la cari\u00f1osa dedicatoria de la socialit\u00e9.<\/p>\n<p>&#13;Instagram @tamara_falco<\/p>\n<p>\u00a0<\/p>\n<p><img decoding=\"async\" src=\"https:\/\/www.europesays.com\/es\/wp-content\/uploads\/2025\/10\/carlo-costanzia_38bef766_008_251003175626_800x800.webp.webp\" alt=\"Carlo Costanzia\" class=\"image lazyload\"\/><img loading=\"lazy\" decoding=\"async\" src=\"https:\/\/www.europesays.com\/es\/wp-content\/uploads\/2025\/10\/carlo-costanzia_38bef766_008_251003175629_1280x720.webp.webp\" alt=\"Carlo Costanzia rompe su silencio en '\u00a1De Viernes!' sobre las memorias de su madre, Mar Flores: &quot;Esto ha sido un tsunami&quot;\" class=\"image lazyload\" width=\"1280\" height=\"720\" data-aspectratio=\"1280\/720\"\/><\/p>\n<p>Respecto a de qu\u00e9 habla, la marquesa de Gri\u00f1\u00f3n<strong> afirmaba que conoc\u00eda algunos cap\u00edtulos, como su infancia en Filipinas<\/strong> o la relaci\u00f3n con su Carlos Falc\u00f3, pero no mucho m\u00e1s. \u00abEs que no me ha dejado leerlas. Me ha dejado un trocito, pero vamos s\u00ed. Va a ser un acontecimiento\u00bb, comentaba en la tertulia de &#8216;El Hormiguero&#8217;.<\/p>\n<p><img loading=\"lazy\" decoding=\"async\"   src=\"https:\/\/www.europesays.com\/es\/wp-content\/uploads\/2025\/10\/tamara-falco-e-isabel-preysler_e675e94e_251003160329_1200x789.webp.webp\" alt=\"Tamara Falc\u00f3 e Isabel Preysler\" class=\"lazyload\" width=\"1200\" height=\"789\" data-aspectratio=\"1200\/789\"\/><\/p>\n<p>Tamara Falc\u00f3 ha salido en defensa de su madre, Isabel Preysler, tras el anuncio de publicaci\u00f3n de sus memorias.<\/p>\n<p>&#13;Gtres<\/p>\n<p>Era en el programa de Pablo Motos donde <a href=\"https:\/\/www.lecturas.com\/television\/alegato-defensa-tamara-falco-memorias-su-madre-isabel-preysler-hormiguero-nunca-ha-hablado-primera-persona_181446\" target=\"_self\" rel=\"nofollow noopener\">defend\u00eda la importancia de estas memorias<\/a>: \u00abMucha gente dice: &#8216;Pero, \u00bfqu\u00e9 va a contar tu madre de nuevo si ya lo sabemos todo?&#8217;. Mi madre nunca ha hablado en primera persona, nunca ha dado su versi\u00f3n. Siempre se ha escrito un mont\u00f3n sobre ella, pero esto es ella\u00bb. Ahora, por fin, ella tambi\u00e9n sabe qu\u00e9 ha creado su madre.<\/p>\n<p>La dedicatoria de Isabel Preysler<\/p>\n<p>Como es habitual, ante la cercan\u00eda de la publicaci\u00f3n,<strong> Isabel Preysler ha mandado algunas copias<\/strong> de &#8216;Mi verdadera historia&#8217; a amigos, familiares y rostros reconocidos. Una de esas personas era su hija, Tamara, que ha subido un carrusel de im\u00e1genes del libro y ha compartido la preciosa dedicatoria que le ha escrito su madre.<\/p>\n<blockquote class=\"instagram-media\" data-instgrm-captioned=\"\" data-instgrm-permalink=\"https:\/\/www.instagram.com\/p\/DPV518bDd5Z\/?utm_source=ig_embed&amp;utm_campaign=loading\" data-instgrm-version=\"14\" style=\" background:#FFF; border:0; border-radius:3px; box-shadow:0 0 1px 0 rgba(0,0,0,0.5),0 1px 10px 0 rgba(0,0,0,0.15); margin: 1px; max-width:540px; min-width:326px; padding:0; width:99.375%; width:-webkit-calc(100% - 2px); width:calc(100% - 2px);\"\/>\n<p>\u00abA mi adorad\u00edsima Tami, sin la que, junto a sus hermanos, no podr\u00eda vivir\u00bb, se lee en la elegante caligraf\u00eda de la socialit\u00e9. Unas cari\u00f1osas palabras que <strong>ha vuelto a confirmar la excelente relaci\u00f3n entre madre e hija.<\/strong> Y a\u00fan m\u00e1s. En esta misma dedicatoria se ve c\u00f3mo llama Tamara a su madre: \u00abMamushkiti\u00bb. Un apodo divertido y privado que hemos descubierto ahora.<\/p>\n<p>La pareja de \u00cd\u00f1igo Onieva, emocionada, ha contestado a este gesto con una larga carta en Instagram. \u00abHoy me siento afortunada. <strong>Mi madre me ha regalado uno de los primeros ejemplares de su libro<\/strong>, dedicado con todo su cari\u00f1o\u00bb, ha comenzado. \u00abEs una oportunidad \u00fanica para conocer su historia contada por ella, de mujer a mujer\u2026 con recuerdos y confidencias que nunca antes hab\u00eda compartido. Enhorabuena, Mami. Qu\u00e9 ilusi\u00f3n poder descubrirla a trav\u00e9s de sus propias palabras\u00bb, ha concluido.<\/p>\n<p><script async src=\"\/\/www.instagram.com\/embed.js\"><\/script><\/p>\n","protected":false},"excerpt":{"rendered":"En unos pocos d\u00edas conoceremos a una Isabel Preysler totalmente nueva. La socialit\u00e9 es uno de los rostros&hellip;\n","protected":false},"author":2,"featured_media":155364,"comment_status":"","ping_status":"","sticky":false,"template":"","format":"standard","meta":{"footnotes":""},"categories":[91],"tags":[146,147,25,24,23],"class_list":{"0":"post-155363","1":"post","2":"type-post","3":"status-publish","4":"format-standard","5":"has-post-thumbnail","7":"category-entretenimiento","8":"tag-entertainment","9":"tag-entretenimiento","10":"tag-es","11":"tag-espana","12":"tag-spain"},"share_on_mastodon":{"url":"","error":""},"_links":{"self":[{"href":"https:\/\/www.europesays.com\/es\/wp-json\/wp\/v2\/posts\/155363","targetHints":{"allow":["GET"]}}],"collection":[{"href":"https:\/\/www.europesays.com\/es\/wp-json\/wp\/v2\/posts"}],"about":[{"href":"https:\/\/www.europesays.com\/es\/wp-json\/wp\/v2\/types\/post"}],"author":[{"embeddable":true,"href":"https:\/\/www.europesays.com\/es\/wp-json\/wp\/v2\/users\/2"}],"replies":[{"embeddable":true,"href":"https:\/\/www.europesays.com\/es\/wp-json\/wp\/v2\/comments?post=155363"}],"version-history":[{"count":0,"href":"https:\/\/www.europesays.com\/es\/wp-json\/wp\/v2\/posts\/155363\/revisions"}],"wp:featuredmedia":[{"embeddable":true,"href":"https:\/\/www.europesays.com\/es\/wp-json\/wp\/v2\/media\/155364"}],"wp:attachment":[{"href":"https:\/\/www.europesays.com\/es\/wp-json\/wp\/v2\/media?parent=155363"}],"wp:term":[{"taxonomy":"category","embeddable":true,"href":"https:\/\/www.europesays.com\/es\/wp-json\/wp\/v2\/categories?post=155363"},{"taxonomy":"post_tag","embeddable":true,"href":"https:\/\/www.europesays.com\/es\/wp-json\/wp\/v2\/tags?post=155363"}],"curies":[{"name":"wp","href":"https:\/\/api.w.org\/{rel}","templated":true}]}}