{"id":155375,"date":"2025-10-03T19:26:07","date_gmt":"2025-10-03T19:26:07","guid":{"rendered":"https:\/\/www.europesays.com\/es\/155375\/"},"modified":"2025-10-03T19:26:07","modified_gmt":"2025-10-03T19:26:07","slug":"barata-salida-a-hombros-de-emilio-de-justo-con-una-desperdiciada-corrida-de-victorianos","status":"publish","type":"post","link":"https:\/\/www.europesays.com\/es\/155375\/","title":{"rendered":"Barata salida a hombros de Emilio de Justo con una desperdiciada corrida de \u201cvictorianos\u201d"},"content":{"rendered":"<p data-gtm-element-container=\"modulo-texto-link\" class=\"paragraph\">Paco Aguado<\/p>\n<p data-gtm-element-container=\"modulo-texto-link\" class=\"paragraph\">Madrid, 3 oct (EFE).- El diestro extreme\u00f1o Emilio de Justo logr\u00f3 hoy una muy barata salida a hombros de Las Ventas tras cortarle las dos orejas, sin m\u00e9ritos suficientes, al sexto toro de una completa corrida de Victoriano del R\u00edo cuya calidad y profunda bravura fue desaprovechada claramente por la terna de matadores.<\/p>\n<p data-gtm-element-container=\"modulo-texto-link\" class=\"paragraph\">El derroche de esas dos orejas lleg\u00f3 una vez que De Justo se puso al p\u00fablico de cara al salir de la enfermer\u00eda para matar al segundo de su lote, una vez que el primero le volte\u00f3 feamente y le produjo una contusi\u00f3n costal que le mantuvo \u201cen el hule\u201d durante la mayor parte de la tarde.<\/p>\n<p data-gtm-element-container=\"modulo-texto-link\" class=\"paragraph\">Pero con ese gesto de entereza y con la disposici\u00f3n (que no el acierto) que puso ante ese otro buen ejemplar de la divisa madrile\u00f1a le bast\u00f3 para que, un viernes de feria m\u00e1s, el extra\u00f1amente bonancible e impresionable publico madrile\u00f1o pidiera para \u00e9l, tras una estocada adem\u00e1s defectuosa, esas dos injustificadas orejas que la presidencia no debi\u00f3 conceder con un m\u00ednimo de rigor.<\/p>\n<p data-gtm-element-container=\"modulo-texto-link\" class=\"paragraph\">En realidad, un trofeo, el que concierne a la mayor\u00eda, hubiera bastado para valorar los contados momentos realmente estimables de De Justo ante un toro que manse\u00f3 en los primeros tercios pero al que, aun as\u00ed, cuaj\u00f3, tras una larga de rodillas, unas hondas ver\u00f3nicas.<\/p>\n<p data-gtm-element-container=\"modulo-texto-link\" class=\"paragraph\">Rompi\u00f3 luego a embestir el hondo cinque\u00f1o con una espectacular movilidad y un emotivo y largo recorrido ante la muleta, que ya se vio cuando De Justo le abri\u00f3 el trasteo muy decidido con la mano derecha, pero sin la ayuda de la espada.<\/p>\n<p data-gtm-element-container=\"modulo-texto-link\" class=\"paragraph\">Acto seguido, y siempre desde las afueras, el cacere\u00f1o fue aprovechando, con un impostado relajo, las largas inercias del veleto ejemplar, aunque pocas veces con el necesario y exigido temple, ya que todas las tandas de pases, tambi\u00e9n con la zurda, estuvieron plagadas de enganchones.<\/p>\n<p data-gtm-element-container=\"modulo-texto-link\" class=\"paragraph\">Dos horas antes, De Justo hab\u00eda sido prendido en los compases iniciales de su trasteo al primero, que le derrib\u00f3 tras una inesperada colada en un dubitativo tanteo y aun le prendi\u00f3 en el suelo, dejando as\u00ed el festejo, de momento, en un mano a mano, ya que Borja Jim\u00e9nez ni siquiera intent\u00f3 torear a ese abreplaza que, hasta entonces, hab\u00eda mostrado buena condici\u00f3n.<\/p>\n<p data-gtm-element-container=\"modulo-texto-link\" class=\"paragraph\">Pero la que s\u00ed qued\u00f3 confirmada fue la excelente calidad de los que salieron despu\u00e9s, desaprovechada de manera m\u00e1s o menos evidente por el mismo Jim\u00e9nez y Tom\u00e1s Rufo, a quien adem\u00e1s cayeron en suerte dos \u201cvictorianos\u201d de aut\u00e9ntica consagraci\u00f3n en la primera plaza del mundo.<\/p>\n<p data-gtm-element-container=\"modulo-texto-link\" class=\"paragraph\">El problema es que el toledano, que corri\u00f3 turno para matar su lote en segundo y cuarto lugares, no puso convicci\u00f3n ni firmeza alguna ante tan enclasadas embestidas, lo mismo las de uno que las del otro, citando casi siempre en la pala del pit\u00f3n y con el enga\u00f1o muy retrasado, recurso defensivo insuficiente para cuajar y estar a la altura de una bravura tan profunda. Y, en su caso, el p\u00fablico lo not\u00f3.<\/p>\n<p data-gtm-element-container=\"modulo-texto-link\" class=\"paragraph\">Jim\u00e9nez, por su parte, \u201catac\u00f3\u201d de m\u00e1s al tercero, forzando situaciones demasiado embarulladas que taparon, a ojos de la masa, la excelente condici\u00f3n del animal y especialmente por un pit\u00f3n izquierdo ante el que apenas se puso el sevillano, que despu\u00e9s, sin mucho sentido, no quiso sacarse a las afueras a un quinto de clara condici\u00f3n al que pas\u00f3 sin ajuste y con pulso volandero en el que fue otro de los cinco desperdicios de buena y lujosa casta de esta segunda corrida de la feria de Oto\u00f1o.<\/p>\n<p data-gtm-element-container=\"modulo-texto-link\" class=\"paragraph\">FICHA DEL FESTEJO<\/p>\n<p data-gtm-element-container=\"modulo-texto-link\" class=\"paragraph\">Seis toros de Victoriano del R\u00edo (el sexto con el hierro de Toros de Cort\u00e9s), de excelente presentaci\u00f3n, con cuajo, buenas hechuras y muy bien armados. Salvo el primero, que qued\u00f3 in\u00e9dito, los restantes dieron un gran juego por la calidad y la profundidad de sus embestidas en distintos grados de intensidad, incluido el \u00faltimo, que manse\u00f3 en los primeros tercios.<\/p>\n<p data-gtm-element-container=\"modulo-texto-link\" class=\"paragraph\">Emilio de Justo, de verde botella y oro: cogido por el primero, sali\u00f3 para matar a su segundo en sexto lugar de una estocada desprendida muy trasera (dos orejas). Sali\u00f3 a hombros.<\/p>\n<p data-gtm-element-container=\"modulo-texto-link\" class=\"paragraph\">Borja Jim\u00e9nez, de t\u00f3rtola y oro: media estocada desprendida (silencio en el que mat\u00f3 por De Justo); pinchazo y estocada ca\u00edda delantera (ovaci\u00f3n tras aviso); estocada trasera ca\u00eda (ovaci\u00f3n tras aviso).<\/p>\n<p data-gtm-element-container=\"modulo-texto-link\" class=\"paragraph\">Tom\u00e1s Rufo, de azul turquesa y oro: estocada ca\u00edda (algunos pitos); pinchazo y media estocada desprendida (algunos pitos).<\/p>\n<p data-gtm-element-container=\"modulo-texto-link\" class=\"paragraph\">De Justo fue atendido en la enfermer\u00eda de una contusi\u00f3n costal izquierda, pendiente de estudio radiol\u00f3gico y de pron\u00f3stico reservado<\/p>\n<p data-gtm-element-container=\"modulo-texto-link\" class=\"paragraph\">Segundo festejo de la Feria de Oto\u00f1o, con lleno en los tendidos (22.723 espectadores, seg\u00fan la empresa), en tarde buena temperatura.<\/p>\n<p data-gtm-element-container=\"modulo-texto-link\" class=\"paragraph\">EFE<\/p>\n<p data-gtm-element-container=\"modulo-texto-link\" class=\"paragraph\">pa\/jls<\/p>\n<p data-gtm-element-container=\"modulo-texto-link\" class=\"paragraph\">(Foto)<\/p>\n","protected":false},"excerpt":{"rendered":"Paco Aguado Madrid, 3 oct (EFE).- El diestro extreme\u00f1o Emilio de Justo logr\u00f3 hoy una muy barata salida&hellip;\n","protected":false},"author":2,"featured_media":148726,"comment_status":"","ping_status":"","sticky":false,"template":"","format":"standard","meta":{"footnotes":""},"categories":[277],"tags":[373,168,25,24,23,167,374],"class_list":{"0":"post-155375","1":"post","2":"type-post","3":"status-publish","4":"format-standard","5":"has-post-thumbnail","7":"category-toreo","8":"tag-bullfighting","9":"tag-deportes","10":"tag-es","11":"tag-espana","12":"tag-spain","13":"tag-sports","14":"tag-toreo"},"share_on_mastodon":{"url":"","error":""},"_links":{"self":[{"href":"https:\/\/www.europesays.com\/es\/wp-json\/wp\/v2\/posts\/155375","targetHints":{"allow":["GET"]}}],"collection":[{"href":"https:\/\/www.europesays.com\/es\/wp-json\/wp\/v2\/posts"}],"about":[{"href":"https:\/\/www.europesays.com\/es\/wp-json\/wp\/v2\/types\/post"}],"author":[{"embeddable":true,"href":"https:\/\/www.europesays.com\/es\/wp-json\/wp\/v2\/users\/2"}],"replies":[{"embeddable":true,"href":"https:\/\/www.europesays.com\/es\/wp-json\/wp\/v2\/comments?post=155375"}],"version-history":[{"count":0,"href":"https:\/\/www.europesays.com\/es\/wp-json\/wp\/v2\/posts\/155375\/revisions"}],"wp:featuredmedia":[{"embeddable":true,"href":"https:\/\/www.europesays.com\/es\/wp-json\/wp\/v2\/media\/148726"}],"wp:attachment":[{"href":"https:\/\/www.europesays.com\/es\/wp-json\/wp\/v2\/media?parent=155375"}],"wp:term":[{"taxonomy":"category","embeddable":true,"href":"https:\/\/www.europesays.com\/es\/wp-json\/wp\/v2\/categories?post=155375"},{"taxonomy":"post_tag","embeddable":true,"href":"https:\/\/www.europesays.com\/es\/wp-json\/wp\/v2\/tags?post=155375"}],"curies":[{"name":"wp","href":"https:\/\/api.w.org\/{rel}","templated":true}]}}