{"id":155380,"date":"2025-10-03T19:33:14","date_gmt":"2025-10-03T19:33:14","guid":{"rendered":"https:\/\/www.europesays.com\/es\/155380\/"},"modified":"2025-10-03T19:33:14","modified_gmt":"2025-10-03T19:33:14","slug":"laliga-denuncia-canticos-cruzados-en-el-real-valladolid-cultural-leonesa","status":"publish","type":"post","link":"https:\/\/www.europesays.com\/es\/155380\/","title":{"rendered":"LaLiga denuncia c\u00e1nticos cruzados en el Real Valladolid &#8211; Cultural Leonesa"},"content":{"rendered":"<p><a class=\"v-mdl-ath__fig-a\" href=\"https:\/\/www.elnortedecastilla.es\/autor\/dani-gonzalez-2280.html\" title=\"Dani Gonz\u00e1lez\" rel=\"nofollow noopener\" target=\"_blank\"><br \/>\n<img decoding=\"async\" class=\"v-mdl-ath__img\" src=\"https:\/\/www.europesays.com\/es\/wp-content\/uploads\/2025\/10\/autor-2280-foto-4.jpeg\" alt=\"Dani Gonz\u00e1lez\"\/><br \/>\n<\/a><\/p>\n<p class=\"v-mdl-ath__p v-mdl-ath__p--6\">\nMi\u00e9rcoles, 1 de octubre 2025, 17:55<\/p>\n<p class=\"v-p\">LaLiga ha denunciado hasta ocho c\u00e1nticos diferente que se produjeron durante el partido de este domingo en el estadio Jos\u00e9 Zorrilla entre Real Valladolid y Cultural.<\/p>\n<p class=\"v-p\">El encuentro, que acab\u00f3 con un <a href=\"https:\/\/www.elnortedecastilla.es\/realvalladolid\/cultural-saca-fantamas-pucela-fogueo-20250928210736-nt.html\" target=\"_blank\" data-voc-vtm-id=\"in-text-traffic\" title=\"triunfo por 0-1\" rel=\"nofollow noopener\">triunfo por 0-1<\/a> para los leoneses en el estreno del &#8216;Cuco&#8217; Ziganda en el banquillo culturalista, no registr\u00f3 grandes incidentes en los proleg\u00f3menos, pero el informe de LaLiga s\u00ed recoge ocho c\u00e1nticos que han sido denunciados, seg\u00fan recoge <a href=\"https:\/\/www.leonoticias.com\/deportes\/cultural\/laliga-denuncia-canticos-aficiones-zorrilla-20251001145003-nt.html\" target=\"_blank\" data-voc-vtm-id=\"in-text-traffic\" title=\"Leonoticias.\" data-mrf-link=\"www.leonoticias.com\" rel=\"nofollow noopener\">Leonoticias.<\/a><\/p>\n<p><a href=\"http:\/\/www.elnortedecastilla.es\/valladolid\/amplio-despliegue-policial-conduce-aficionados-cultural-parquesol-20250928131454-nt.html#vtm_modulosEngag=mod-rel:leon:noticia:1:cmp:1-not\" class=\"v-a-link\" title=\"Un amplio despliegue policial conduce a los aficionados de la Cultural a Parquesol tras ser cacheados uno a uno\" rel=\"nofollow noopener\" target=\"_blank\"><br \/>\n<img decoding=\"async\" loading=\"lazy\" src=\"https:\/\/www.europesays.com\/es\/wp-content\/uploads\/2025\/10\/polis2-kBCF--1200x840@El Norte.jpg\" class=\"v-a-img\" width=\"258\" height=\"180\" alt=\"Un amplio despliegue policial conduce a los aficionados de la Cultural a Parquesol tras ser cacheados uno a uno\"\/><\/p>\n<p><\/a><\/p>\n<p class=\"v-p\">Por parte de la afici\u00f3n local, LaLiga ha anotado la presencia del c\u00e1ntico &#8216;P*** Cultural&#8217; en tres ocasiones: cinco minutos antes del inicio del encuentr, en el munto 72 y tres minutos despu\u00e9s de finalizar el partido. Tambi\u00e9n se registraron dos c\u00e1nticos contra \u00c9dgar Bad\u00eda bajo el lema &#8216;eh, cabr\u00f3n&#8217; y uno m\u00e1s de &#8216;p\u00edsalo, p\u00edsalo&#8217; cuando un jugador culturalista estaba en el suelo. Todos estos c\u00e1nticos, seg\u00fan LaLiga, se registraron en la grada de animaci\u00f3n de Zorrilla.<\/p>\n<p class=\"v-p\">Tambi\u00e9n se anotaron dos c\u00e1nticos para su pertinente denuncia en el sector de la afici\u00f3n culturalista. En ambos casos, el c\u00e1ntico dec\u00eda &#8216;P*** Pucela&#8217; tanto cinco minutos antes del inicio del partido como tres minutos despu\u00e9s de su finalizaci\u00f3n. <\/p>\n<p>Reporta un error<\/p>\n","protected":false},"excerpt":{"rendered":"Mi\u00e9rcoles, 1 de octubre 2025, 17:55 LaLiga ha denunciado hasta ocho c\u00e1nticos diferente que se produjeron durante el&hellip;\n","protected":false},"author":2,"featured_media":155381,"comment_status":"","ping_status":"","sticky":false,"template":"","format":"standard","meta":{"footnotes":""},"categories":[268],"tags":[46595,46596,8332,6775,168,25,24,280,282,288,12363,798,281,23,167,1607],"class_list":{"0":"post-155380","1":"post","2":"type-post","3":"status-publish","4":"format-standard","5":"has-post-thumbnail","7":"category-futbol","8":"tag-canticos","9":"tag-cruzados","10":"tag-cultural","11":"tag-denuncia","12":"tag-deportes","13":"tag-es","14":"tag-espana","15":"tag-football","16":"tag-futbol","17":"tag-laliga","18":"tag-leonesa","19":"tag-real","20":"tag-soccer","21":"tag-spain","22":"tag-sports","23":"tag-valladolid"},"share_on_mastodon":{"url":"","error":""},"_links":{"self":[{"href":"https:\/\/www.europesays.com\/es\/wp-json\/wp\/v2\/posts\/155380","targetHints":{"allow":["GET"]}}],"collection":[{"href":"https:\/\/www.europesays.com\/es\/wp-json\/wp\/v2\/posts"}],"about":[{"href":"https:\/\/www.europesays.com\/es\/wp-json\/wp\/v2\/types\/post"}],"author":[{"embeddable":true,"href":"https:\/\/www.europesays.com\/es\/wp-json\/wp\/v2\/users\/2"}],"replies":[{"embeddable":true,"href":"https:\/\/www.europesays.com\/es\/wp-json\/wp\/v2\/comments?post=155380"}],"version-history":[{"count":0,"href":"https:\/\/www.europesays.com\/es\/wp-json\/wp\/v2\/posts\/155380\/revisions"}],"wp:featuredmedia":[{"embeddable":true,"href":"https:\/\/www.europesays.com\/es\/wp-json\/wp\/v2\/media\/155381"}],"wp:attachment":[{"href":"https:\/\/www.europesays.com\/es\/wp-json\/wp\/v2\/media?parent=155380"}],"wp:term":[{"taxonomy":"category","embeddable":true,"href":"https:\/\/www.europesays.com\/es\/wp-json\/wp\/v2\/categories?post=155380"},{"taxonomy":"post_tag","embeddable":true,"href":"https:\/\/www.europesays.com\/es\/wp-json\/wp\/v2\/tags?post=155380"}],"curies":[{"name":"wp","href":"https:\/\/api.w.org\/{rel}","templated":true}]}}