{"id":155400,"date":"2025-10-03T19:46:15","date_gmt":"2025-10-03T19:46:15","guid":{"rendered":"https:\/\/www.europesays.com\/es\/155400\/"},"modified":"2025-10-03T19:46:15","modified_gmt":"2025-10-03T19:46:15","slug":"portal-de-noticias-del-gobierno-de-canarias-167","status":"publish","type":"post","link":"https:\/\/www.europesays.com\/es\/155400\/","title":{"rendered":"Portal de Noticias del Gobierno de Canarias"},"content":{"rendered":"<blockquote>\n<p>En la clausura del congreso en G\u00e1ldar, el viceconsejero Octavio Caraballo confirma tambi\u00e9n que el pr\u00f3ximo a\u00f1o se tramitar\u00e1 la ley que dar\u00e1 una respuesta global al desaf\u00edo poblacional en las islas<\/p>\n<p>Diversos expertos ofrecen en la segunda jornada de debate experiencias y soluciones para afrontar los retos de la evoluci\u00f3n demogr\u00e1fica en las islas desde la perspectiva de la sostenibilidad, el turismo y la educaci\u00f3n<\/p>\n<p>La obra \u2018Los huecos de la memoria\u2019, que visibiliza el papel de la mujer rural, ha sido el cortometraje ganador del concurso del I Congreso de Reto Demogr\u00e1fico y Cohesi\u00f3n Territorial<\/p>\n<\/blockquote>\n<p>El viceconsejero del Gabinete de la Presidencia, Octavio Caraballo, ha anunciado este viernes que el Consejo de Gobierno aprobar\u00e1 el pr\u00f3ximo 20 de octubre la Estrategia del Reto Demogr\u00e1fico, un documento que re\u00fane el trabajo realizado en los \u00faltimos meses con la participaci\u00f3n de instituciones y expertos en la b\u00fasqueda de soluciones al desaf\u00edo poblacional en el archipi\u00e9lago. Adem\u00e1s, durante la clausura en G\u00e1ldar del I Congreso del Reto Demogr\u00e1fico, Caraballo ha confirmado la tramitaci\u00f3n el pr\u00f3ximo a\u00f1o de la primera ley de reto demogr\u00e1fico de Canarias.<\/p>\n<p>En su discurso, el representante del Ejecutivo auton\u00f3mico ha insistido en que \u201cel reto demogr\u00e1fico trasciende de la simple repoblaci\u00f3n o la b\u00fasqueda de sostenibilidad en los espacios saturados, ya que se trata de reconstruir un relato compartido que incluya plenamente a la Canarias rural\u201d. A su juicio, si la brecha entre ambas zonas se sigue ampliando \u201cno solo perderemos una fuente de riqueza y de identidad, sino que seremos c\u00f3mplices de la p\u00e9rdida de nuestro paisaje\u201d.<\/p>\n<p>Ante este riesgo, el viceconsejero del Gabinete de la Presidencia invit\u00f3 a todos los agentes implicados a \u201crepensar el v\u00ednculo entre territorio, ciudadan\u00eda e identidad canaria\u201d. Caraballo destac\u00f3 que \u201ceste Congreso nos ha permitido ahondar en la reflexi\u00f3n para analizar e impulsar nuevas soluciones que nos permitan hacer frente a la doble dimensi\u00f3n del reto demogr\u00e1fico, la gesti\u00f3n de los espacios superpoblados en las capitales y las zonas costeras m\u00e1s tensionadas y, por otro lado, la necesidad del renacimiento de las zonas rurales afectadas por la progresiva p\u00e9rdida de poblaci\u00f3n\u201d.<\/p>\n<p>\u201cEl reto demogr\u00e1fico no es un fen\u00f3meno pasajero ni reversible con medidas r\u00e1pidas. En el caso de Canarias, tenemos la enorme suerte de afrontar este desaf\u00edo de manera conjunta, con la participaci\u00f3n en una misma mesa del Gobierno regional, los cabildos, los ayuntamientos, loa agentes econ\u00f3micos y sociales y las universidades\u201d, asever\u00f3 el viceconsejero. \u201cEntre todos, y tras un amplio proceso de participaci\u00f3n ciudadana, hemos fijado aquellas acciones que se deben implementar en ambas dimensiones\u201d, dijo.<\/p>\n<p>Argument\u00f3 que, en el caso de la despoblaci\u00f3n, estas medidas \u201cpersiguen frenar la p\u00e9rdida de poblaci\u00f3n e incentivar la atracci\u00f3n de nuevos residentes; impulsar econom\u00edas locales sostenibles; mejorar la calidad de vida asegurando el acceso equitativo a los servicios b\u00e1sicos; promover el patrimonio cultural y natural y conectar los territorios rurales con las zonas urbanas\u201d. Para ello, se est\u00e1n impulsando acciones como \u201cestablecer incentivos fiscales para la adquisici\u00f3n de suelo y construcci\u00f3n de viviendas en los municipios de reto demogr\u00e1fico; impulsar un programa de incentivos para la adquisici\u00f3n de viviendas en municipios o n\u00facleos de poblaci\u00f3n igual o inferior a 10.000 habitantes o 5.000 habitantes, con especial atenci\u00f3n en la poblaci\u00f3n joven; o el fomento del retorno de j\u00f3venes en las zonas rurales mediante ayudas directas y un programa de relevo generacional en el sector primario\u201d.<\/p>\n<p>\u201cPara los espacios intensamente ocupados, hemos acordado, en el seno de esa unanimidad, promover un desarrollo territorial m\u00e1s equilibrado;\u00a0 mejorar la calidad de vida en las ciudades; mejorar la movilidad sostenible; fortalecer la cohesi\u00f3n social y la participaci\u00f3n ciudadana; garantizar la cobertura y capacidad de servicios e infraestructuras, y promover la sostenibilidad ambiental mediante el uso de energ\u00edas renovables\u201d, detall\u00f3. \u201cPara ello hay que analizar la capacidad del territorio y los recursos disponibles; regular el planeamiento de la vivienda vacacional; identificar parcelas y equipamiento con potencial de ser reconvertidas; fomentar la integraci\u00f3n de energ\u00edas renovables; y promover la econom\u00eda circular, azul y verde\u201d.<\/p>\n<p><strong>Bre\u00f1a Alta en 2026<\/strong><\/p>\n<p>Caraballo anunci\u00f3 que la segunda edici\u00f3n de este encuentro, que tendr\u00e1 lugar en 2026, se celebrar\u00e1 en el municipio palmero de Bre\u00f1a Alta, una localidad \u201cque ha experimentado fen\u00f3menos de despoblaci\u00f3n en algunos n\u00facleos, pero tambi\u00e9n presi\u00f3n poblacional en otros, siendo un reflejo en peque\u00f1o de los dos polos del reto demogr\u00e1fico\u201d. \u00a0Destac\u00f3 que este municipio \u201cconserva, adem\u00e1s, tradiciones, paisajes y formas de vida rurales que forman parte de la identidad cultural del Archipi\u00e9lago, lo que lo convierte en un escenario id\u00f3neo para debatir sobre c\u00f3mo integrar la memoria rural en un relato com\u00fan de futuro\u201d.<\/p>\n<p>Antes del acto de clausura y en la segunda jornada del Congreso de Reto Demogr\u00e1fico celebrado en G\u00e1ldar, tuvieron lugar varias ponencias y mesas de debate. En la dedicada al eje de Sostenibilidad, se ha evidenciado la urgente necesidad de un cambio de modelo en el archipi\u00e9lago. La viceconsejera canaria de Transici\u00f3n Ecol\u00f3gica, Julieta Schallenberg, repas\u00f3 el diagn\u00f3stico clim\u00e1tico, caracterizado por r\u00e9cords de calor, una temporada de incendios extendida y la amenaza de la subida del nivel del mar, a la par que destac\u00f3 que la hoja de ruta en mitigaci\u00f3n es \u201cambiciosa\u201d, buscando alcanzar el 100% de energ\u00edas renovables para 2040. Por su parte, Seraf\u00edn Corral, de la Universidad de La Laguna, puso el foco en que el cambio clim\u00e1tico es un multiplicador de desigualdades, afectando de manera desproporcionada a la poblaci\u00f3n mayor y a los hogares con baja eficiencia energ\u00e9tica.<\/p>\n<p>Profundizando en la cr\u00edtica estructural, Antonio Machado se\u00f1al\u00f3 que la poblaci\u00f3n de las islas supera en m\u00e1s de siete veces su capacidad de carga ecol\u00f3gica, concluyendo que hablar de desarrollo sostenible en el contexto actual es un concepto fuera de la realidad que conlleva un grave deterioro territorial y cultural. Para afrontar esta crisis m\u00faltiple, las propuestas se orientan hacia la protecci\u00f3n legal del territorio y un urbanismo regenerativo. Eduardo Mesa, inspector de Patrimonio Cultural del Gob. Canarias, alert\u00f3 sobre la intensa presi\u00f3n urban\u00edstica que amenaza el Patrimonio Cultural, instando a las administraciones a cumplir rigurosamente la ley y a endurecer las sanciones.<\/p>\n<p>Finalmente, el ge\u00f3grafo Cristian Cabrera propuso la Infraestructura Verde-Azul como un nuevo paradigma de urbanismo regenerativo en su comunicaci\u00f3n, para\u00a0 renaturalizar las ciudades y pueblos, integrando el patrimonio vivo y la sabidur\u00eda local. La mesa redonda, moderada por Mois\u00e9s Santana, puso punto y final al bloque tem\u00e1tico.<\/p>\n<p><strong>Turismo<\/strong><\/p>\n<p>Durante el eje dedicado al turismo el catedr\u00e1tico Mois\u00e9s Simancas expuso que las \u00e1reas tur\u00edsticas se han transformado en ciudades complejas, lo que genera fuertes tensiones por el alza en el precio de la vivienda y el desplazamiento de residentes. Reforzando esta cr\u00edtica, el economista Mat\u00edas Gonz\u00e1lez advirti\u00f3 que el turismo, con su fuerte sesgo inmobiliario, es la causa del desempleo estructural y la crisis habitacional, a la par que urgi\u00f3 a enfocar el debate en la calidad del empleo y la rentabilidad social por encima de las cantidades de turistas. Lola Rodr\u00edguez present\u00f3 el turismo sostenible como la llave para revertir la Canarias vaciada, un modelo que busca frenar la despoblaci\u00f3n, atraer talento joven, apoyar la agricultura ecol\u00f3gica y revalorizar el patrimonio. El eje concluy\u00f3 con un debate moderado por Carmelo J. Le\u00f3n.<\/p>\n<p>Por \u00faltimo, el soci\u00f3logo Eugenio Reyes abri\u00f3 el Eje de Educaci\u00f3n, Innovaci\u00f3n y Transparencia con los estudios de caso de Betancuria y Artenara. El experto alert\u00f3 sobre el envejecimiento acelerado y el saldo vegetativo negativo continuo en ambos municipios. A su juicio, la clave para la continuidad demogr\u00e1fica de estos espacios pasa por la urgente necesidad de atraer poblaci\u00f3n joven y mujeres, y de aumentar la oferta de vivienda p\u00fablica y rehabilitada. Como ejemplo de soluci\u00f3n innovadora, el t\u00e9cnico Rodrigo Palacios present\u00f3 el Proyecto Rural Domus de Navarra, una iniciativa que afronta el envejecimiento rural a trav\u00e9s de la econom\u00eda de los cuidados.<\/p>\n<p>Tambi\u00e9n las arquitectas Eva Padr\u00f3n y Silvia Nakoura detallaron la Estrategia Canaria de Reto Demogr\u00e1fico y Cohesi\u00f3n Territorial, un documento que aplica un doble enfoque. Por un lado, medidas de fijaci\u00f3n poblacional para los 47 municipios despoblados y, por otro, acciones de contenci\u00f3n para los 23 municipios densamente ocupados. Recalcaron que herramienta central para la transparencia y la participaci\u00f3n ciudadana es el Observatorio de Reto Demogr\u00e1fico y Cohesi\u00f3n Territorial, un espacio digital clave para la toma de decisiones. Los participantes en este bloque pudieron debatir al respecto en un coloquio moderado por Javier Camino.<\/p>\n<p><strong>Cortometraje ganador<\/strong><\/p>\n<p>A lo largo de la jornada final se anunci\u00f3 que la obra \u2018Los huecos de la memoria\u2019, de Studio DD Design Productions y dirigido y grabado por Diego Calviel, ha sido seleccionada por el Comit\u00e9 Cient\u00edfico como el cortometraje ganador de este primer congreso. El corto pone en valor la memoria, la identidad y la ruralidad como motores de futuro, al visibilizar el papel de la mujer rural en Canarias. La obra se centra en la figura de Brenda Rodr\u00edguez Concepci\u00f3n, presidenta de la Asociaci\u00f3n de Criadores de la Cabra Rossa Palmera y miembro de la Mesa Rural de la Mujer Rural de La Palma y ganadera, mostrando su labor y esfuerzo, en un \u00e1mbito tradicionalmente masculinizado.<\/p>\n<p>El Congreso, organizado por el Gobierno e Canarias, ha contado con la colaboraci\u00f3n de la empresa p\u00fablica Gesplan, la Universidad de La Laguna (ULL) y la Universidad de Las Palmas de Gran Canaria (ULPGC), cuyas aportaciones acad\u00e9micas y cient\u00edficas resultan fundamentales para enriquecer el enfoque multidisciplinar del mismo.<\/p>\n","protected":false},"excerpt":{"rendered":"En la clausura del congreso en G\u00e1ldar, el viceconsejero Octavio Caraballo confirma tambi\u00e9n que el pr\u00f3ximo a\u00f1o se&hellip;\n","protected":false},"author":2,"featured_media":155401,"comment_status":"","ping_status":"","sticky":false,"template":"","format":"standard","meta":{"footnotes":""},"categories":[8],"tags":[17,18,25,24,13,14,11,19,20,9,10,15,16,23,12,21,22],"class_list":{"0":"post-155400","1":"post","2":"type-post","3":"status-publish","4":"format-standard","5":"has-post-thumbnail","7":"category-espana","8":"tag-breaking-news","9":"tag-breakingnews","10":"tag-es","11":"tag-espana","12":"tag-featured-news","13":"tag-featurednews","14":"tag-headlines","15":"tag-latest-news","16":"tag-latestnews","17":"tag-news","18":"tag-noticias","19":"tag-noticias-destacadas","20":"tag-noticiasdestacadas","21":"tag-spain","22":"tag-titulares","23":"tag-ultimas-noticias","24":"tag-ultimasnoticias"},"share_on_mastodon":{"url":"","error":""},"_links":{"self":[{"href":"https:\/\/www.europesays.com\/es\/wp-json\/wp\/v2\/posts\/155400","targetHints":{"allow":["GET"]}}],"collection":[{"href":"https:\/\/www.europesays.com\/es\/wp-json\/wp\/v2\/posts"}],"about":[{"href":"https:\/\/www.europesays.com\/es\/wp-json\/wp\/v2\/types\/post"}],"author":[{"embeddable":true,"href":"https:\/\/www.europesays.com\/es\/wp-json\/wp\/v2\/users\/2"}],"replies":[{"embeddable":true,"href":"https:\/\/www.europesays.com\/es\/wp-json\/wp\/v2\/comments?post=155400"}],"version-history":[{"count":0,"href":"https:\/\/www.europesays.com\/es\/wp-json\/wp\/v2\/posts\/155400\/revisions"}],"wp:featuredmedia":[{"embeddable":true,"href":"https:\/\/www.europesays.com\/es\/wp-json\/wp\/v2\/media\/155401"}],"wp:attachment":[{"href":"https:\/\/www.europesays.com\/es\/wp-json\/wp\/v2\/media?parent=155400"}],"wp:term":[{"taxonomy":"category","embeddable":true,"href":"https:\/\/www.europesays.com\/es\/wp-json\/wp\/v2\/categories?post=155400"},{"taxonomy":"post_tag","embeddable":true,"href":"https:\/\/www.europesays.com\/es\/wp-json\/wp\/v2\/tags?post=155400"}],"curies":[{"name":"wp","href":"https:\/\/api.w.org\/{rel}","templated":true}]}}