{"id":155406,"date":"2025-10-03T19:49:13","date_gmt":"2025-10-03T19:49:13","guid":{"rendered":"https:\/\/www.europesays.com\/es\/155406\/"},"modified":"2025-10-03T19:49:13","modified_gmt":"2025-10-03T19:49:13","slug":"cuando-los-publicos-suben-las-exigencias-hasta-limites-insoportables","status":"publish","type":"post","link":"https:\/\/www.europesays.com\/es\/155406\/","title":{"rendered":"Cuando los p\u00fablicos suben las exigencias hasta l\u00edmites insoportables"},"content":{"rendered":"<p>El hecho de que la m\u00e1xima figura del momento, <strong>Andr\u00e9s Roca Rey,<\/strong> hablamos en t\u00e9rminos de m\u00e9ritos art\u00edsticos y de atracci\u00f3n para el gran p\u00fablico, haya decidido cortar la temporada, viene a recordarnos que en la historia del toreo, cuando un espada ha dominado al toro y a los empresarios, los p\u00fablicos, sin saber muy bien el por qu\u00e9 de su actitud, o quiz\u00e1 s\u00ed, porque consideran que todav\u00eda puede dar mucho m\u00e1s, suben el nivel de exigencia hasta l\u00edmites que no siempre pueden ser soportados.<\/p>\n<p>En la \u00faltima de San Miguel, <strong>Roca Rey,<\/strong> cuando se retir\u00f3 al callej\u00f3n de la Maestranza despu\u00e9s de haberse jugado la vida ante el garabito que hac\u00eda quinto de la tarde, debi\u00f3 percibir esa ingratitud. La retirada temporal suele ser la primera medicina que se aplican. La historia est\u00e1 llena de ilustres ejemplos: <strong>Ord\u00f3\u00f1ez, Litri, Pedr\u00e9s, Luis Miguel, Manolo Gonz\u00e1lez<\/strong>, el mismo <strong>Ben\u00edtez<\/strong>\u2026 Luego reaparec\u00edan, pero ya con el poso que daba el oficio y la edad. <strong>Andr\u00e9s<\/strong>, es cierto, que esa exigencia lo ha llevado a entregarse hasta el punto de haber recibido severo castigo y debe recuperarse, y aunque creo que todav\u00eda tiene cuerda para seguir en la cresta de la ola, por su concepto, personalidad y entrega me atrevo a pronosticar que de seguir subiendo el diapas\u00f3n de la exigencia su final no puede estar lejos.<\/p>\n<p>Porque hay que convenir, que en las \u00faltimas d\u00e9cadas, la \u00faltima del siglo pasado y las dos y pico que llevamos de este nuevo siglo XXI, quiz\u00e1 porque no haya habido un torero que haya irrumpido con tanta fuerza como lo ha hecho el peruano <strong>-Jos\u00e9 Tom\u00e1s,<\/strong> debido a su filosof\u00eda, es un caso que no admite comparaci\u00f3n, y lo de <strong>Morante<\/strong>, una bendici\u00f3n que se ha cocido a fuego lento-, los carteles de las ferias han adolecido de un exceso de endogamia. La generosidad de <strong>Roca<\/strong> ha permitido que se mueva el \u00e1rbol de las novedades. De entrada ah\u00ed tenemos muy bien colocados a los <strong>Daniel Luque, David de Miranda, Tom\u00e1s Rufo, Borja Jim\u00e9nez<\/strong>\u2026 y los m\u00e1s nuevos <strong>Samuel Naval\u00f3n, V\u00edctor Hern\u00e1ndez, Aar\u00f3n Palacio, Javier Zulueta,<\/strong> y todas las novedades que est\u00e1n pidiendo atenci\u00f3n.<\/p>\n","protected":false},"excerpt":{"rendered":"El hecho de que la m\u00e1xima figura del momento, Andr\u00e9s Roca Rey, hablamos en t\u00e9rminos de m\u00e9ritos art\u00edsticos&hellip;\n","protected":false},"author":2,"featured_media":155407,"comment_status":"","ping_status":"","sticky":false,"template":"","format":"standard","meta":{"footnotes":""},"categories":[277],"tags":[32177,373,168,25,24,46601,23,167,374,444],"class_list":{"0":"post-155406","1":"post","2":"type-post","3":"status-publish","4":"format-standard","5":"has-post-thumbnail","7":"category-toreo","8":"tag-al-compas","9":"tag-bullfighting","10":"tag-deportes","11":"tag-es","12":"tag-espana","13":"tag-pedro-toledano","14":"tag-spain","15":"tag-sports","16":"tag-toreo","17":"tag-toros"},"share_on_mastodon":{"url":"","error":""},"_links":{"self":[{"href":"https:\/\/www.europesays.com\/es\/wp-json\/wp\/v2\/posts\/155406","targetHints":{"allow":["GET"]}}],"collection":[{"href":"https:\/\/www.europesays.com\/es\/wp-json\/wp\/v2\/posts"}],"about":[{"href":"https:\/\/www.europesays.com\/es\/wp-json\/wp\/v2\/types\/post"}],"author":[{"embeddable":true,"href":"https:\/\/www.europesays.com\/es\/wp-json\/wp\/v2\/users\/2"}],"replies":[{"embeddable":true,"href":"https:\/\/www.europesays.com\/es\/wp-json\/wp\/v2\/comments?post=155406"}],"version-history":[{"count":0,"href":"https:\/\/www.europesays.com\/es\/wp-json\/wp\/v2\/posts\/155406\/revisions"}],"wp:featuredmedia":[{"embeddable":true,"href":"https:\/\/www.europesays.com\/es\/wp-json\/wp\/v2\/media\/155407"}],"wp:attachment":[{"href":"https:\/\/www.europesays.com\/es\/wp-json\/wp\/v2\/media?parent=155406"}],"wp:term":[{"taxonomy":"category","embeddable":true,"href":"https:\/\/www.europesays.com\/es\/wp-json\/wp\/v2\/categories?post=155406"},{"taxonomy":"post_tag","embeddable":true,"href":"https:\/\/www.europesays.com\/es\/wp-json\/wp\/v2\/tags?post=155406"}],"curies":[{"name":"wp","href":"https:\/\/api.w.org\/{rel}","templated":true}]}}