{"id":155411,"date":"2025-10-03T19:56:18","date_gmt":"2025-10-03T19:56:18","guid":{"rendered":"https:\/\/www.europesays.com\/es\/155411\/"},"modified":"2025-10-03T19:56:18","modified_gmt":"2025-10-03T19:56:18","slug":"romario-barca-romario-leyenda-azulgrana-59-anos-enfada-a-brasil-por-el-barca-hasta-la-muerte","status":"publish","type":"post","link":"https:\/\/www.europesays.com\/es\/155411\/","title":{"rendered":"ROM\u00c1RIO BAR\u00c7A | Rom\u00e1rio, leyenda azulgrana (59 a\u00f1os), &#8216;enfada&#8217; a Brasil por el Bar\u00e7a: \u00abHasta la muerte\u00bb"},"content":{"rendered":"<p class=\"ft-text\">Jugar en el\u00a0<strong>FC Barcelona deja una huella que deja marcado a todo jugador que ha tenido la suerte de enfundarse la camiseta azulgrana<\/strong>\u00a0y al saltar al c\u00e9sped del Camp Nou como jugador local. As\u00ed lo ha vuelto demostrar\u00a0Rom\u00e1rio en su \u00faltima intervenci\u00f3n en una entrevista en GeTV en Brasil, en el que el eterno delantero brasile\u00f1o demostr\u00f3 que no olvida su etapa en Barcelona.<\/p>\n<p class=\"ft-text\">Durante la charla, los entrevistadores pusieron a Rom\u00e1rio ante un dilema moral. Si tuviera que elegir qu\u00e9 camiseta ponerse, \u00bfcu\u00e1l elegir\u00eda, la de Argentina o la del Real Madrid? \u00ab<strong>\u00a1Tengo que elegir! \u00a1carajo!&#8230; estas preguntas tuyas. Dos equipos geniales; en fin. Voy a jugar con Argentina<\/strong>\u00ab, solt\u00f3 ante la sorpresa de los presentes.<\/p>\n<p class=\"ft-text\">Pese a la m\u00e1xima rivalidad entre argentino y brasile\u00f1os en el Supercl\u00e1sico del f\u00fatbol de selecciones en Sudam\u00e9rica, Rom\u00e1rio justific\u00f3 su elecci\u00f3n en una decisi\u00f3n que no pas\u00f3 desapercibida en su pa\u00eds natal: \u00ab<strong>Soy del Barcelona hasta la muerte. Soy del Barcelona hasta la muerte, \u00a1carajo!\u00bb<\/strong><\/p>\n<p>Una historia que acab\u00f3 demasiado pronto<\/p>\n<p class=\"ft-text\">Rom\u00e1rio aterriz\u00f3 en el FC Barcelona en el verano de 1993 procedente del PSV Eindhoven y, en apenas un a\u00f1o, dej\u00f3 huella pese a un duro final de etapa. Bajo<strong>\u00a0la batuta de Johan Cruyff, el delantero brasile\u00f1o se convirti\u00f3 en la gran referencia ofensiva del \u201cDream Team\u201d<\/strong>, aportando un instinto goleador \u00fanico que revolucion\u00f3 la posici\u00f3n del &#8216;9&#8217; en el esquema del holand\u00e9s volador.<\/p>\n<p class=\"ft-text\">Su primera temporada fue sencillamente espectacular:\u00a0<strong>anot\u00f3 30 goles en 33 partidos de Liga, proclam\u00e1ndose m\u00e1ximo artillero del campeonato y pieza clave en la conquista del t\u00edtulo liguero 1993-94. Sus hat-tricks al Real Madrid en el 5-0 del Camp Nou<\/strong>\u00a0o al Atl\u00e9tico en el Calder\u00f3n quedaron grabados en la retina del barcelonismo. Rom\u00e1rio no era solo goles, tambi\u00e9n era espect\u00e1culo: controles imposibles, regates cortos de pura fantas\u00eda como su inolvidable &#8216;cola de vaca&#8217; y una frialdad en el \u00e1rea que desesperaba a los defensas rivales.<\/p>\n<p class=\"ft-text\">Sin embargo, su historia en el Bar\u00e7a fue fugaz por lo que apuntaba a ser. Tras el trauma de Atenas, la temporada 1994-95 estuvo marcada por su<strong>\u00a0irregularidad y por las crecientes tensiones con Johan Cruyff, que ve\u00eda c\u00f3mo el brasile\u00f1o perd\u00eda compromiso con el equipo<\/strong>\u00a0despu\u00e9s de liderar\u00a0<strong>a Brasil en el Mundial de 1994 y conquistar la Copa del Mundo en Estados Unidos.<\/strong><\/p>\n<p class=\"ft-text\">Sus ausencias, su car\u00e1cter imprevisible y sus roces internos precipitaron\u00a0<strong>su salida en enero de 1995 rumbo al Flamengo.<\/strong>\u00a0En apenas a\u00f1o y medio en la Ciudad Condal,\u00a0<strong>Rom\u00e1rio dej\u00f3 39 goles en 66 partidos oficiales.\u00a0<\/strong>Su paso por el club sigue record\u00e1ndose como un chispazo de genialidad: un delantero capaz de convertir cada bal\u00f3n en oro pero cuyo brillo, por lo menos en clave cul\u00e9, se apag\u00f3 demasiado pronto.<\/p>\n","protected":false},"excerpt":{"rendered":"Jugar en el\u00a0FC Barcelona deja una huella que deja marcado a todo jugador que ha tenido la suerte&hellip;\n","protected":false},"author":2,"featured_media":155412,"comment_status":"","ping_status":"","sticky":false,"template":"","format":"standard","meta":{"footnotes":""},"categories":[268],"tags":[45666,988,46603,168,46604,25,24,881,280,282,368,46602,281,23,167],"class_list":{"0":"post-155411","1":"post","2":"type-post","3":"status-publish","4":"format-standard","5":"has-post-thumbnail","7":"category-futbol","8":"tag-45666","9":"tag-anos","10":"tag-azulgrana","11":"tag-deportes","12":"tag-enfada-brasil-barca-dv","13":"tag-es","14":"tag-espana","15":"tag-fc-barcelona","16":"tag-football","17":"tag-futbol","18":"tag-leyenda","19":"tag-romario","20":"tag-soccer","21":"tag-spain","22":"tag-sports"},"share_on_mastodon":{"url":"","error":""},"_links":{"self":[{"href":"https:\/\/www.europesays.com\/es\/wp-json\/wp\/v2\/posts\/155411","targetHints":{"allow":["GET"]}}],"collection":[{"href":"https:\/\/www.europesays.com\/es\/wp-json\/wp\/v2\/posts"}],"about":[{"href":"https:\/\/www.europesays.com\/es\/wp-json\/wp\/v2\/types\/post"}],"author":[{"embeddable":true,"href":"https:\/\/www.europesays.com\/es\/wp-json\/wp\/v2\/users\/2"}],"replies":[{"embeddable":true,"href":"https:\/\/www.europesays.com\/es\/wp-json\/wp\/v2\/comments?post=155411"}],"version-history":[{"count":0,"href":"https:\/\/www.europesays.com\/es\/wp-json\/wp\/v2\/posts\/155411\/revisions"}],"wp:featuredmedia":[{"embeddable":true,"href":"https:\/\/www.europesays.com\/es\/wp-json\/wp\/v2\/media\/155412"}],"wp:attachment":[{"href":"https:\/\/www.europesays.com\/es\/wp-json\/wp\/v2\/media?parent=155411"}],"wp:term":[{"taxonomy":"category","embeddable":true,"href":"https:\/\/www.europesays.com\/es\/wp-json\/wp\/v2\/categories?post=155411"},{"taxonomy":"post_tag","embeddable":true,"href":"https:\/\/www.europesays.com\/es\/wp-json\/wp\/v2\/tags?post=155411"}],"curies":[{"name":"wp","href":"https:\/\/api.w.org\/{rel}","templated":true}]}}