{"id":155413,"date":"2025-10-03T19:59:08","date_gmt":"2025-10-03T19:59:08","guid":{"rendered":"https:\/\/www.europesays.com\/es\/155413\/"},"modified":"2025-10-03T19:59:08","modified_gmt":"2025-10-03T19:59:08","slug":"vuelve-la-feria-del-libro-usado-joyas-literarias-precios-increibles-y-actividades-imperdibles","status":"publish","type":"post","link":"https:\/\/www.europesays.com\/es\/155413\/","title":{"rendered":"Vuelve la Feria del Libro Usado: joyas literarias, precios incre\u00edbles y actividades imperdibles"},"content":{"rendered":"<p><img alt=\"Vuelve la Feria del Libro\" class=\"global-image\" decoding=\"async\" fetchpriority=\"high\" height=\"1080\" loading=\"eager\" src=\"https:\/\/www.europesays.com\/es\/wp-content\/uploads\/2025\/10\/6K62BP3HAFGBDNP67T2BTU2T7M.png\" width=\"1920\"\/>Vuelve la Feria del Libro Usado: joyas literarias, precios incre\u00edbles y actividades imperdibles<\/p>\n<p class=\"paragraph\">El crecimiento sostenido de la <b>Fiesta del Libro Usado (FLU)<\/b> se refleja en la incorporaci\u00f3n de siete nuevas librer\u00edas para su cuarta edici\u00f3n, que tendr\u00e1 lugar el s\u00e1bado 4 y domingo 5 de octubre en la <b>Plaza del Lector de la Biblioteca Nacional<\/b>. Este evento, que el a\u00f1o pasado reuni\u00f3 a <b>m\u00e1s de 60.000 personas<\/b>, se consolida como un punto de encuentro imprescindible para la comunidad lectora de <b>Buenos Aires<\/b>.<\/p>\n<p class=\"paragraph\">La <b>FLU<\/b> se ha convertido en una cita central para quienes buscan descubrir las mejores librer\u00edas de usados de la ciudad y participar de una experiencia que trasciende la simple compra de libros. Durante el fin de semana, la <b>Plaza del Lector <\/b>funcionar\u00e1 como epicentro de actividades que incluyen feria, charlas, lecturas y m\u00fasica en vivo, adem\u00e1s de una oferta gastron\u00f3mica variada y caf\u00e9 de especialidad.<\/p>\n<p class=\"paragraph\">Entre los protagonistas de esta edici\u00f3n figuran tanto referentes consagrados como voces emergentes de la cultura, tales como <b>Fabi\u00e1n Casas<\/b>, <b>Betina Gonz\u00e1lez<\/b>, <b>Natalia Litvinova<\/b>, <b>Juan Mattio<\/b>, <b>Santiago Caruso<\/b>, <b>Guillermo Korn<\/b>, <b>Kike Ferrari<\/b>, <b>Milagros Porta<\/b>, <b>Juan Tolosa<\/b>, <b>Karina Pedace<\/b>, <b>Mariana Montepagano<\/b>, <b>Nadia Rivero<\/b> y <b>Los Fantasmas del Futuro<\/b>. La programaci\u00f3n musical estar\u00e1 a cargo de <b>Axel Krygier<\/b>, <b>Marco Amar<\/b> y <b>La Ferni<\/b>.<\/p>\n<p><img alt=\"Este fin de semana la\" class=\"global-image\" decoding=\"async\" fetchpriority=\"low\" height=\"1784\" loading=\"lazy\" src=\"https:\/\/www.europesays.com\/es\/wp-content\/uploads\/2025\/10\/OW5ZSC6OGVDYHEIOF5MT3SYN4U.png\" width=\"1920\"\/>Este fin de semana la FLU regresa a la Biblioteca Nacional de Buenos Aires con nuevas propuestas<\/p>\n<p class=\"paragraph\"><b>Patricio Rago<\/b>, autor de Ejemplares \u00fanicos, librero en Aristipo Libros y anfitri\u00f3n de la <b>FLU<\/b>, destac\u00f3 la expansi\u00f3n del evento: <b>\u201cEs incre\u00edble, aun en este contexto nefasto, el evento sigue creciendo. Las librer\u00edas me escriben, est\u00e1n esperando la FLU. Y la gente tambi\u00e9n, sobre todo las personas que viven en otras ciudades, muchos me escriben para sacar los pasajes\u201d<\/b>, expres\u00f3 Rago, quien tambi\u00e9n organiza la Francachela y subray\u00f3 que la <b>FLU<\/b> fue declarada de inter\u00e9s cultural por el Ministerio de Cultura de la Naci\u00f3n.<\/p>\n<p class=\"paragraph\">La propuesta de la <b>FLU<\/b> est\u00e1 orientada a ofrecer una selecci\u00f3n de libros a precios accesibles, asesoramiento de libreros especializados, charlas y lecturas con figuras destacadas, m\u00fasica en vivo y una oferta gastron\u00f3mica cuidada, configurando un espacio pensado como el para\u00edso de los lectores.<\/p>\n<p class=\"paragraph\">El cronograma de actividades para el s\u00e1bado 4 de octubre incluye la presentaci\u00f3n musical de <b>Marco Amar<\/b> a las 13:00, la charla \u201cEl cuerpo de la lengua. Poes\u00eda en movimiento\u201d con <b>Mariana Montepagano<\/b> y <b>Natalia Litvinova<\/b> a las 14:00, la mesa \u201cIAceleraci\u00f3n artificial y delegaci\u00f3n cognitiva\u201d con <b>Karina Pedace<\/b> y <b>Santiago Caruso<\/b> a las 15:00, el discurso de apertura a cargo de <b>Betina Gonz\u00e1lez<\/b> a las 16:00 y el show de <b>Axel Krygier<\/b> a las 17:00. El domingo 5 de octubre, la programaci\u00f3n contempla la charla \u201cSub30: escenas, po\u00e9ticas y disputas de una generaci\u00f3n\u201d con <b>Milagros Porta<\/b> y <b>Juan Tolosa<\/b> a las 14:00, la performance \u201cViva el resentimiento\u201d de <b>Los Fantasmas del Futuro<\/b> a las 14:30, la mesa \u201cLa Pyme de Hugo. Un puesto del Centenario como lugar de encuentro y formaci\u00f3n de lectores\u201d con <b>Juan Mattio<\/b>, <b>Kike Ferrari<\/b> y <b>Guillermo Korn<\/b> a las 15:00, la entrevista de <b>Nadia Rivero<\/b> a <b>Fabi\u00e1n Casas<\/b> a las 16:00 y el cierre musical de <b>La Ferni<\/b> a las 17:00.<\/p>\n<p><img alt=\"El evento re\u00fane a lectores,\" class=\"global-image\" decoding=\"async\" fetchpriority=\"low\" height=\"1736\" loading=\"lazy\" src=\"https:\/\/www.europesays.com\/es\/wp-content\/uploads\/2025\/10\/JH7KKX5QLVDANDK7KZYFYV2FAM.png\" width=\"1920\"\/>El evento re\u00fane a lectores, autores y m\u00fasicos en un ambiente \u00fanico alrededor de los libros usados<\/p>\n<p class=\"paragraph\">El evento se desarrollar\u00e1 de 12 a 19, con entrada libre y gratuita, en la <b>Plaza del Lector<\/b> de la <b>Biblioteca Nacional<\/b> (Av. Las Heras 2505, CABA). La <b>FLU<\/b> se presenta como una feria que democratiza el acceso a la lectura, impulsa la econom\u00eda del sector y ofrece un paseo cultural al aire libre, integrando libros, charlas, gastronom\u00eda y m\u00fasica en un entorno abierto a toda la comunidad.<\/p>\n","protected":false},"excerpt":{"rendered":"Vuelve la Feria del Libro Usado: joyas literarias, precios incre\u00edbles y actividades imperdibles El crecimiento sostenido de la&hellip;\n","protected":false},"author":2,"featured_media":155414,"comment_status":"","ping_status":"","sticky":false,"template":"","format":"standard","meta":{"footnotes":""},"categories":[172],"tags":[224,146,147,25,24,225,23],"class_list":{"0":"post-155413","1":"post","2":"type-post","3":"status-publish","4":"format-standard","5":"has-post-thumbnail","7":"category-libros","8":"tag-books","9":"tag-entertainment","10":"tag-entretenimiento","11":"tag-es","12":"tag-espana","13":"tag-libros","14":"tag-spain"},"share_on_mastodon":{"url":"","error":""},"_links":{"self":[{"href":"https:\/\/www.europesays.com\/es\/wp-json\/wp\/v2\/posts\/155413","targetHints":{"allow":["GET"]}}],"collection":[{"href":"https:\/\/www.europesays.com\/es\/wp-json\/wp\/v2\/posts"}],"about":[{"href":"https:\/\/www.europesays.com\/es\/wp-json\/wp\/v2\/types\/post"}],"author":[{"embeddable":true,"href":"https:\/\/www.europesays.com\/es\/wp-json\/wp\/v2\/users\/2"}],"replies":[{"embeddable":true,"href":"https:\/\/www.europesays.com\/es\/wp-json\/wp\/v2\/comments?post=155413"}],"version-history":[{"count":0,"href":"https:\/\/www.europesays.com\/es\/wp-json\/wp\/v2\/posts\/155413\/revisions"}],"wp:featuredmedia":[{"embeddable":true,"href":"https:\/\/www.europesays.com\/es\/wp-json\/wp\/v2\/media\/155414"}],"wp:attachment":[{"href":"https:\/\/www.europesays.com\/es\/wp-json\/wp\/v2\/media?parent=155413"}],"wp:term":[{"taxonomy":"category","embeddable":true,"href":"https:\/\/www.europesays.com\/es\/wp-json\/wp\/v2\/categories?post=155413"},{"taxonomy":"post_tag","embeddable":true,"href":"https:\/\/www.europesays.com\/es\/wp-json\/wp\/v2\/tags?post=155413"}],"curies":[{"name":"wp","href":"https:\/\/api.w.org\/{rel}","templated":true}]}}