{"id":155416,"date":"2025-10-03T20:01:14","date_gmt":"2025-10-03T20:01:14","guid":{"rendered":"https:\/\/www.europesays.com\/es\/155416\/"},"modified":"2025-10-03T20:01:14","modified_gmt":"2025-10-03T20:01:14","slug":"la-importancia-de-conservar-los-rituales-en-la-mesa-notas-la-argentina-posible","status":"publish","type":"post","link":"https:\/\/www.europesays.com\/es\/155416\/","title":{"rendered":"La importancia de conservar los rituales en la mesa &#8211; Notas &#8211; La Argentina Posible"},"content":{"rendered":"<p><strong>Mar Casas<\/strong>, especialista en protocolo que se desempe\u00f1a como docente en la <strong>Universidad Miguel Hern\u00e1ndez<\/strong> y ha asesorado a instituciones como la <strong>OTAN<\/strong> y el <strong>Museo Nacional de Arqueolog\u00eda<\/strong>, decidi\u00f3 volcar su experiencia al mundo infantil a partir de su rol como madre.\u00a0<\/p>\n<p>Su libro infantil La fiesta de la mesa busca rescatar los <strong>rituales familiares<\/strong> en torno a la comida como espacio de <strong>aprendizaje<\/strong>, convivencia y educaci\u00f3n emocional.<\/p>\n<p><img decoding=\"async\" src=\"https:\/\/www.europesays.com\/es\/wp-content\/uploads\/2025\/10\/85643be7-c02c-4439-b6c0-d68f27e4dcca.jpg\"\/><\/p>\n<p>Inspirada en su hijo <strong>Jorge<\/strong>, cre\u00f3 un cuento ilustrado por <strong>Cristina Velado<\/strong> en el que dos hermanos, <strong>Julia<\/strong> y <strong>Miguel<\/strong>, aprenden a poner la mesa de manera l\u00fadica, con canciones y juegos que convierten el <strong>protocolo<\/strong> en una herramienta pedag\u00f3gica. \u201cCuando un ni\u00f1o toca, canta, observa y juega, recuerda; y cuando recuerda, aprende\u201d, explic\u00f3 durante la entrevista.<\/p>\n<p><img decoding=\"async\" src=\"https:\/\/www.europesays.com\/es\/wp-content\/uploads\/2025\/10\/85446be2-b295-40d7-9c47-bb9c1dad3fbc.jpg\"\/><\/p>\n<p>En este marco, el doctor <strong>Enrique Orschanski<\/strong> destac\u00f3 la relevancia de esta propuesta en un tiempo donde, seg\u00fan se\u00f1al\u00f3, \u201clos rituales familiares se est\u00e1n perdiendo, reemplazados por pantallas y ritmos de vida acelerados\u201d. La mesa, record\u00f3, es mucho m\u00e1s que un espacio para alimentarse: es un momento de encuentro, de <strong>socializaci\u00f3n<\/strong> y de transmisi\u00f3n de <strong>valores<\/strong>.<\/p>\n<p>Casas coincidi\u00f3 y agreg\u00f3 que el protocolo no se reduce a la etiqueta, sino que involucra atenci\u00f3n, respeto y cortes\u00eda. \u201cEs imposible educar sin buena educaci\u00f3n\u201d, afirm\u00f3, y subray\u00f3 que los ni\u00f1os necesitan <strong>referentes adultos<\/strong> que los gu\u00eden en h\u00e1bitos y conductas. Su libro ya se utiliza en colegios de <strong>Murcia<\/strong> y se prepara para llegar a <strong>Madrid<\/strong> y otras comunidades, e incluso ha mostrado resultados positivos en ni\u00f1os dentro del <strong>espectro autista<\/strong>.<\/p>\n<p><img decoding=\"async\" src=\"https:\/\/www.europesays.com\/es\/wp-content\/uploads\/2025\/10\/6b878e24-c95e-4a61-b1f8-b76e2ef4c3b7.jpg\"\/><\/p>\n<p>\/Inicio C\u00f3digo Embebido\/<\/p>\n<p>\t\t\t\t\t<a class=\"enlace-absoluto\" aria-label=\"La ca\u00edda de la natalidad y su impacto en la estructura familiar en Argentina\" href=\"https:\/\/www.cadena3.com\/noticia\/la-argentina-posible\/la-caida-de-la-natalidad-y-su-impacto-en-la-estructura-familiar-en-argentina_467223\" rel=\"nofollow noopener\" target=\"_blank\">\t\t\t\t\t\t\t\t\t\t\t<a href=\"https:\/\/www.cadena3.com\/seccion\/la-argentina-posible\/820\/la-argentina-posible\/1373\" rel=\"nofollow noopener\" target=\"_blank\">La Argentina Posible<\/a>\t\t\t\t\t\t\t\t\t\t<\/p>\n<p class=\"bajada\">La disminuci\u00f3n de la natalidad en Argentina afecta la familia y la fraternidad. Con menos ni\u00f1os, emergen nuevas din\u00e1micas familiares.\u00a0<\/p>\n<p>\/Fin C\u00f3digo Embebido\/<\/p>\n<p>Con una mirada que combina historia, arte y pedagog\u00eda, La fiesta de la mesa propone que los <strong>rituales cotidianos<\/strong> \u2014desde usar la servilleta hasta agradecer en la mesa\u2014 se conviertan en herramientas de <strong>formaci\u00f3n integral<\/strong>. \u201cNutrirse no es solo comer, es estar con otros, mirarse a los ojos\u201d, concluy\u00f3 Orschanski. Y desde <strong>Espa\u00f1a<\/strong>, Casas dej\u00f3 abierta la invitaci\u00f3n a padres y educadores de todo el mundo: \u201cCon peque\u00f1os gestos podemos formar a los l\u00edderes del ma\u00f1ana\u201d.<\/p>\n","protected":false},"excerpt":{"rendered":"Mar Casas, especialista en protocolo que se desempe\u00f1a como docente en la Universidad Miguel Hern\u00e1ndez y ha asesorado&hellip;\n","protected":false},"author":2,"featured_media":155417,"comment_status":"","ping_status":"","sticky":false,"template":"","format":"standard","meta":{"footnotes":""},"categories":[170],"tags":[46608,46606,146,147,25,24,34732,184,185,46605,46607,23],"class_list":{"0":"post-155416","1":"post","2":"type-post","3":"status-publish","4":"format-standard","5":"has-post-thumbnail","7":"category-musica","8":"tag-convivencia-en-la-mes","9":"tag-educacion-emocional","10":"tag-entertainment","11":"tag-entretenimiento","12":"tag-es","13":"tag-espana","14":"tag-libro-ilustrado","15":"tag-music","16":"tag-musica","17":"tag-protocolo-infantil","18":"tag-rituales-familiares","19":"tag-spain"},"share_on_mastodon":{"url":"","error":""},"_links":{"self":[{"href":"https:\/\/www.europesays.com\/es\/wp-json\/wp\/v2\/posts\/155416","targetHints":{"allow":["GET"]}}],"collection":[{"href":"https:\/\/www.europesays.com\/es\/wp-json\/wp\/v2\/posts"}],"about":[{"href":"https:\/\/www.europesays.com\/es\/wp-json\/wp\/v2\/types\/post"}],"author":[{"embeddable":true,"href":"https:\/\/www.europesays.com\/es\/wp-json\/wp\/v2\/users\/2"}],"replies":[{"embeddable":true,"href":"https:\/\/www.europesays.com\/es\/wp-json\/wp\/v2\/comments?post=155416"}],"version-history":[{"count":0,"href":"https:\/\/www.europesays.com\/es\/wp-json\/wp\/v2\/posts\/155416\/revisions"}],"wp:featuredmedia":[{"embeddable":true,"href":"https:\/\/www.europesays.com\/es\/wp-json\/wp\/v2\/media\/155417"}],"wp:attachment":[{"href":"https:\/\/www.europesays.com\/es\/wp-json\/wp\/v2\/media?parent=155416"}],"wp:term":[{"taxonomy":"category","embeddable":true,"href":"https:\/\/www.europesays.com\/es\/wp-json\/wp\/v2\/categories?post=155416"},{"taxonomy":"post_tag","embeddable":true,"href":"https:\/\/www.europesays.com\/es\/wp-json\/wp\/v2\/tags?post=155416"}],"curies":[{"name":"wp","href":"https:\/\/api.w.org\/{rel}","templated":true}]}}