{"id":155427,"date":"2025-10-03T20:09:08","date_gmt":"2025-10-03T20:09:08","guid":{"rendered":"https:\/\/www.europesays.com\/es\/155427\/"},"modified":"2025-10-03T20:09:08","modified_gmt":"2025-10-03T20:09:08","slug":"trump-aprovecha-el-cierre-del-gobierno-para-infligir-el-mayor-dano-posible-a-los-democratas-internacional","status":"publish","type":"post","link":"https:\/\/www.europesays.com\/es\/155427\/","title":{"rendered":"Trump aprovecha el cierre del Gobierno para infligir el mayor da\u00f1o posible a los dem\u00f3cratas | Internacional"},"content":{"rendered":"<p class=\"\">El presidente de Estados Unidos, <a href=\"https:\/\/elpais.com\/internacional\/2025-10-01\/la-administracion-de-estados-unidos-echa-el-cierre-tras-el-primer-pulso-real-de-los-democratas-a-trump.html\" target=\"_self\" rel=\"nofollow noopener\" title=\"https:\/\/elpais.com\/internacional\/2025-10-01\/la-administracion-de-estados-unidos-echa-el-cierre-tras-el-primer-pulso-real-de-los-democratas-a-trump.html\">Donald Trump<\/a>, se pas\u00f3 la campa\u00f1a que lo devolvi\u00f3 a la Casa Blanca negando cualquier vinculaci\u00f3n con los redactores del <a href=\"https:\/\/elpais.com\/us\/2024-08-21\/el-proyecto-2025-la-guia-conservadora-para-transformar-estados-unidos-con-trump-en-la-presidencia.html\" target=\"_blank\" rel=\"noreferrer nofollow noopener\" title=\"https:\/\/elpais.com\/us\/2024-08-21\/el-proyecto-2025-la-guia-conservadora-para-transformar-estados-unidos-con-trump-en-la-presidencia.html\">Proyecto 2025, <\/a>un documento de casi 900 p\u00e1ginas que detallaba la revoluci\u00f3n ultraconservadora por venir si ganaba en las urnas. El <a href=\"https:\/\/elpais.com\/us\/migracion\/2025-10-03\/trump-insiste-en-un-bulo-sobre-migrantes-para-justificar-el-cierre-de-gobierno.html\" target=\"_self\" rel=\"nofollow noopener\" title=\"https:\/\/elpais.com\/us\/migracion\/2025-10-03\/trump-insiste-en-un-bulo-sobre-migrantes-para-justificar-el-cierre-de-gobierno.html\">cierre parcial del Gobierno<\/a> \u2212decretado en la madrugada del mi\u00e9rcoles por la falta de acuerdo entre dem\u00f3cratas y republicanos sobre la financiaci\u00f3n de la Administraci\u00f3n\u2212 ha servido para suspender de empleo y sueldo a unos 750.000 funcionarios; para clausurar hasta nuevo aviso museos y monumentos; o para que no se publiquen los datos del paro correspondientes a septiembre que tendr\u00edan que haberse conocido este viernes y que no pintaban bien. Tambi\u00e9n, para despejar cualquier duda (para quien a\u00fan las albergara) de la \u00edntima relaci\u00f3n entre aquella hoja de ruta y Trump, que est\u00e1 dispuesto a aprovechar la coyuntura para avanzar en su agenda sin contar con el Congreso e infligir el mayor da\u00f1o posible a sus adversarios pol\u00edticos. <\/p>\n<p class=\"\">El presidente de Estados Unidos amenaz\u00f3 antes del cerrojazo con despedir a decenas de miles de funcionarios. El jueves, segundo d\u00eda de un <a href=\"https:\/\/elpais.com\/us\/2025-09-30\/cierre-del-gobierno-en-estados-unidos-que-significa-y-cual-puede-ser-su-impacto.html\" target=\"_self\" rel=\"nofollow noopener\" title=\"https:\/\/elpais.com\/us\/2025-09-30\/cierre-del-gobierno-en-estados-unidos-que-significa-y-cual-puede-ser-su-impacto.html\">shutdown<\/a> que, tras un nuevo desencuentro en el Senado, se prolongar\u00e1 al menos hasta el lunes, advirti\u00f3 de que se reunir\u00eda con Russell Vought, jefe de la oficina presupuestaria de la Casa Blanca, \u201cpara determinar cu\u00e1les de las muchas agencias dem\u00f3cratas, la mayor\u00eda de las cuales son una ESTAFA, [conviene] recortar, y si esos recortes ser\u00e1n temporales o permanentes\u201d, escribi\u00f3 en su red social Trump, que se refiri\u00f3 al funcionario como alguien que debe su \u201cfama al Proyecto 2025\u2033. <\/p>\n<p class=\"\">Vought fue en efecto, uno de sus principales promotores, y escribi\u00f3 un cap\u00edtulo visionario de incalculables consecuencias, sobre c\u00f3mo rehacer la figura del presidente de Estados Unidos para ampliar el poder ejecutivo en detrimento del legislativo y (con la ayuda) del judicial. El jueves por la noche, Trump, public\u00f3 en Truth uno de esos v\u00eddeos de inteligencia artificial, supuestamente divertidos, a los que parece haberles cogido gusto, en el que se ve a Vought disfrazado como la parca, armado con una guada\u00f1a y aterrorizando, entre otros, a los l\u00edderes dem\u00f3cratas en el Capitolio, Hakeem Jeffries y <a href=\"https:\/\/elpais.com\/internacional\/2024-03-14\/el-lider-democrata-en-el-senado-de-ee-uu-declara-a-netanyahu-un-obstaculo-para-la-paz-y-pide-nuevas-elecciones-en-israel.html\" target=\"_self\" rel=\"nofollow noopener\" title=\"https:\/\/elpais.com\/internacional\/2024-03-14\/el-lider-democrata-en-el-senado-de-ee-uu-declara-a-netanyahu-un-obstaculo-para-la-paz-y-pide-nuevas-elecciones-en-israel.html\">Chuck Schumer<\/a>. <\/p>\n<p class=\"\">A partir de ese guion del Proyecto 2025, Trump est\u00e1 listo para hacer todo el da\u00f1o posible a la izquierda, a la que los republicanos quieren culpar exclusivamente del shutdown (sin demasiado \u00e9xito, seg\u00fan las encuestas) a base de atacarla con la mentira de que los dem\u00f3cratas no quieren aprobar la financiaci\u00f3n del Gobierno porque la supeditan a que se les d\u00e9 a los inmigrantes irregulares sanidad gratuita (a trav\u00e9s de Medicaid, programa de subsidios a las rentas bajas). Ese plan de ataque ha consumido el debate en los primeros d\u00edas del cierre parcial de la Administraci\u00f3n, pese a que la ley proh\u00edbe a los indocumentados recibir esos subsidios. <\/p>\n<p class=\"\">Los republicanos, con Trump y el vicepresidente <a href=\"https:\/\/elpais.com\/internacional\/2025-09-15\/j-d-vance-presentara-el-podcast-de-charlie-kirk-como-un-tributo-a-su-amigo-un-tipo-genuinamente-bueno.html\" target=\"_self\" rel=\"nofollow noopener\" title=\"https:\/\/elpais.com\/internacional\/2025-09-15\/j-d-vance-presentara-el-podcast-de-charlie-kirk-como-un-tributo-a-su-amigo-un-tipo-genuinamente-bueno.html\">J. D. Vance<\/a> a la cabeza, han echado mano de argumentos racistas, a base de m\u00e1s v\u00eddeos alterados con inteligencia artificial y difundidos por el presidente, en los que el l\u00edder de la minor\u00eda en la C\u00e1mara de Representantes, Hakeem Jeffries, luce sombrero mexicano y un bigot\u00f3n con el fondo de m\u00fasica de mariachis. Tambi\u00e9n, con declaraciones xen\u00f3fobas como la de Vance este mi\u00e9rcoles en la Casa Blanca, cuando ech\u00f3 la culpa de los tiempos de espera en las urgencias a que estas est\u00e1n llenas de \u201cilegales\u201d, como sabe \u201ccualquier estadounidense que haya tenido que usarlas en los \u00faltimos a\u00f1os\u201d.<\/p>\n<p class=\"\">M\u00e1s all\u00e1 de que con ese mensaje Vance parec\u00eda estar identificado a cualquier persona con aspecto de hispano con un indocumentado, al vicepresidente se le olvid\u00f3 especificar que si el personal de emergencias est\u00e1 obligado en Estados Unidos a atender a cualquiera, independientemente de su estatus migratorio, es gracias a una ley de 1986. La firm\u00f3 Ronald Reagan. Los republicanos tambi\u00e9n est\u00e1n resucitando declaraciones de pol\u00edticos rivales en los que se muestran favorables a esa brindar asistencia m\u00e9dica a los sin papeles.<\/p>\n<p>Continuidad del DOGE<\/p>\n<p class=\"\">El estrangulamiento de programas que benefician a Estados dem\u00f3cratas ya ha comenzado, a falta de saber cu\u00e1ntos empleados p\u00fablicos se ver\u00e1n en la calle \u2014en lo que supondr\u00e1, por otra parte, la continuaci\u00f3n de una estrategia que empez\u00f3 con la toma de posesi\u00f3n de Trump y la creaci\u00f3n de esa motosierra del gasto p\u00fablico llamada <a href=\"https:\/\/elpais.com\/us\/2025-03-20\/que-es-el-doge-el-departamento-de-elon-musk-que-hace-recortes-a-nivel-federal.html\" target=\"_self\" rel=\"nofollow noopener\" title=\"https:\/\/elpais.com\/us\/2025-03-20\/que-es-el-doge-el-departamento-de-elon-musk-que-hace-recortes-a-nivel-federal.html\">Departamento de Eficiencia Gubernamental (DOGE)<\/a>\u2014 . A Chicago, ciudad que vive bajo la amenaza de Trump del env\u00edo de tropas, el Gobierno federal le ha comunicado la retirada de 2.100 millones de d\u00f3lares para la mejora de su transporte p\u00fablico. Vought lo justifica ante la falta la garant\u00eda de que esos contratos no se concedan siguiendo criterios de discriminaci\u00f3n positiva, \u201cbasados en la raza\u201d. <\/p>\n<p><img decoding=\"auto\" class=\"_re lazyload a_m-h\" height=\"276\"  width=\"414\"  src=\"https:\/\/www.europesays.com\/es\/wp-content\/uploads\/2025\/10\/JMHK6V66DRKHTJCXYG5M66IIQI.jpg\" loading=\"lazy\"\/>Estatua de un artista an\u00f3nimo que representa a Trump y al millonario pederasta Jeffrey Epstein, con el edificio del Departamento de Trabajo de fondo, cuyos responsables han colgado una inmensa lona con la efigie del presidente de Estados Unidos. Nathan Howard (REUTERS)<\/p>\n<p class=\"\">El Departamento de Energ\u00eda dijo el mi\u00e9rcoles por la noche, por su parte, que cancelar\u00eda m\u00e1s de 7.500 millones de d\u00f3lares en subsidios concedidos durante los a\u00f1os de Joe Biden para cientos de proyectos energ\u00e9ticos, la gran mayor\u00eda de ellos en estados gobernados por los dem\u00f3cratas.<\/p>\n<p>El cerrojazo contin\u00faa<\/p>\n<p class=\"\">Los senadores votaron por cuarta vez este viernes las dos propuestas de financiaci\u00f3n que hay sobre la mesa. Y el resultado fue el mismo que en d\u00edas pasados. Eso significa que la par\u00e1lisis federal continuar\u00e1 al menos hasta el lunes, dado que John Thune, l\u00edder de la mayor\u00eda en el Senado, ha avisado que la C\u00e1mara alta no trabajar\u00e1 este fin de semana. As\u00ed que, en el mejor de los casos, el shutdown durar\u00e1 seis d\u00edas. El \u00faltimo fue hace casi siete a\u00f1os, cuando tambi\u00e9n estaba Trump en la Casa Blanca. Fue el m\u00e1s largo de la historia, con 34 d\u00edas de suspensi\u00f3n de la financiaci\u00f3n de la Administraci\u00f3n. <\/p>\n<p class=\"\">La propuesta dem\u00f3crata, partido que ha planteado este desaf\u00edo como el primer gran pulso al presidente tras meses en los que sus bases les han exigido m\u00e1s agresividad, recibi\u00f3 el mi\u00e9rcoles los 47 apoyos de la minor\u00eda y 53 votos republicanos en contra. Estos no lograron convencer a ning\u00fan rival m\u00e1s de que cambiara de bando cuando se someti\u00f3 a votaci\u00f3n su plan, que arroj\u00f3 id\u00e9ntico saldo (55-45) y tuvo la misma n\u00f3mina de disidentes: tres senadores dem\u00f3cratas que votaron con los republicanos y un republicano que hizo el viaje contrario.<\/p>\n<p class=\"\">El desacuerdo sigue siendo el mismo que provoc\u00f3 el shutdown. Los dem\u00f3cratas, con el l\u00edder de la minor\u00eda en el Senado, Chuck Schumer a la cabeza, se resisten a aprobar la resoluci\u00f3n de continuidad que han presentado sus rivales para financiar la Administraci\u00f3n hasta el siguiente examen presupuestario del 21 de noviembre. Para hacerlo, exigen el compromiso republicano de que se ampliar\u00e1n ciertos subsidios de Obamacare, ley que mejor\u00f3 las prestaciones sanitarias a aquellos ciudadanos sin seguros privados. Esas ayudas expiran a final de a\u00f1o. Tambi\u00e9n quieren que no se apliquen los recortes a Medicaid que contempla la \u201cley grande y hermosa\u201d, la gran reforma fiscal que Trump logr\u00f3 aprobar en julio. <\/p>\n<p class=\"\">La gran pregunta es ahora en Washington cu\u00e1nto tiempo aguantar\u00e1 la presi\u00f3n de Trump la unidad que est\u00e1n demostrando los dem\u00f3cratas. Tambi\u00e9n, hasta d\u00f3nde piensa llegar el presidente de Estados Unidos en su plan de aprovechar una situaci\u00f3n excepcional para imponer los ideales del Proyecto 2025 en Estados Unidos. <\/p>\n","protected":false},"excerpt":{"rendered":"El presidente de Estados Unidos, Donald Trump, se pas\u00f3 la campa\u00f1a que lo devolvi\u00f3 a la Casa Blanca&hellip;\n","protected":false},"author":2,"featured_media":155428,"comment_status":"","ping_status":"","sticky":false,"template":"","format":"standard","meta":{"footnotes":""},"categories":[42],"tags":[889,17,18,46164,12106,352,629,13,14,46165,11,61,62,63,64,19,20,38936,9,2556,10,15,16,30471,17918,46162,12,21,22,65,66,67],"class_list":{"0":"post-155427","1":"post","2":"type-post","3":"status-publish","4":"format-standard","5":"has-post-thumbnail","7":"category-internacional","8":"tag-america","9":"tag-breaking-news","10":"tag-breakingnews","11":"tag-charles-schumer","12":"tag-congreso-eeuu","13":"tag-donald-trump","14":"tag-estados-unidos","15":"tag-featured-news","16":"tag-featurednews","17":"tag-hakeem-jeffries","18":"tag-headlines","19":"tag-internacional","20":"tag-international","21":"tag-international-news","22":"tag-internationalnews","23":"tag-latest-news","24":"tag-latestnews","25":"tag-mike-johnson","26":"tag-news","27":"tag-norteamerica","28":"tag-noticias","29":"tag-noticias-destacadas","30":"tag-noticiasdestacadas","31":"tag-partido-democrata-ee-uu","32":"tag-partido-republicano-ee-uu","33":"tag-senado-eeuu","34":"tag-titulares","35":"tag-ultimas-noticias","36":"tag-ultimasnoticias","37":"tag-world","38":"tag-world-news","39":"tag-worldnews"},"share_on_mastodon":{"url":"","error":""},"_links":{"self":[{"href":"https:\/\/www.europesays.com\/es\/wp-json\/wp\/v2\/posts\/155427","targetHints":{"allow":["GET"]}}],"collection":[{"href":"https:\/\/www.europesays.com\/es\/wp-json\/wp\/v2\/posts"}],"about":[{"href":"https:\/\/www.europesays.com\/es\/wp-json\/wp\/v2\/types\/post"}],"author":[{"embeddable":true,"href":"https:\/\/www.europesays.com\/es\/wp-json\/wp\/v2\/users\/2"}],"replies":[{"embeddable":true,"href":"https:\/\/www.europesays.com\/es\/wp-json\/wp\/v2\/comments?post=155427"}],"version-history":[{"count":0,"href":"https:\/\/www.europesays.com\/es\/wp-json\/wp\/v2\/posts\/155427\/revisions"}],"wp:featuredmedia":[{"embeddable":true,"href":"https:\/\/www.europesays.com\/es\/wp-json\/wp\/v2\/media\/155428"}],"wp:attachment":[{"href":"https:\/\/www.europesays.com\/es\/wp-json\/wp\/v2\/media?parent=155427"}],"wp:term":[{"taxonomy":"category","embeddable":true,"href":"https:\/\/www.europesays.com\/es\/wp-json\/wp\/v2\/categories?post=155427"},{"taxonomy":"post_tag","embeddable":true,"href":"https:\/\/www.europesays.com\/es\/wp-json\/wp\/v2\/tags?post=155427"}],"curies":[{"name":"wp","href":"https:\/\/api.w.org\/{rel}","templated":true}]}}