{"id":155429,"date":"2025-10-03T20:10:30","date_gmt":"2025-10-03T20:10:30","guid":{"rendered":"https:\/\/www.europesays.com\/es\/155429\/"},"modified":"2025-10-03T20:10:30","modified_gmt":"2025-10-03T20:10:30","slug":"el-supremo-juzgara-al-fiscal-general-entre-el-3-y-el-13-de-noviembre-con-miguel-angel-rodriguez-y-la-pareja-de-ayuso-llamados-a-declarar","status":"publish","type":"post","link":"https:\/\/www.europesays.com\/es\/155429\/","title":{"rendered":"El Supremo juzgar\u00e1 al fiscal general entre el 3 y el 13 de noviembre con Miguel \u00c1ngel Rodr\u00edguez y la pareja de Ayuso llamados a declarar"},"content":{"rendered":"<p class=\"article-text\">\n        El Tribunal Supremo ha puesto fecha al juicio contra el fiscal general por la filtraci\u00f3n de un correo de la pareja de Isabel D\u00edaz Ayuso: del 3 al 13 de noviembre repartido en seis sesiones. Un juicio en el que, adem\u00e1s del propio <a href=\"https:\/\/www.eldiario.es\/temas\/alvaro-garcia-ortiz\/\" target=\"_blank\" data-mrf-recirculation=\"links-noticia\" class=\"link\" rel=\"nofollow noopener\">\u00c1lvaro Garc\u00eda Ortiz<\/a> como acusado, comparecer\u00e1n hasta 40 testigos. Entre ellos los periodistas que ya declararon durante la investigaci\u00f3n, el propio <a href=\"https:\/\/www.eldiario.es\/temas\/alberto-gonzalez-amador\/\" target=\"_blank\" data-mrf-recirculation=\"links-noticia\" class=\"link\" rel=\"nofollow noopener\">Alberto Gonz\u00e1lez Amador<\/a> y su abogado, y pol\u00edticos como el jefe de gabinete de Ayuso, <a href=\"https:\/\/www.eldiario.es\/politica\/miguel-angel-rodriguez-ano-medio-ataques-jueces-fiscales-han-investigado-pareja-ayuso_1_12626348.html\" target=\"_blank\" data-mrf-recirculation=\"links-noticia\" class=\"link\" rel=\"nofollow noopener\">Miguel \u00c1ngel Rodr\u00edguez<\/a>, o Pilar S\u00e1nchez Acera y Juan Lobato.\n    <\/p>\n<p>    <a href=\"https:\/\/www.eldiario.es\/politica\/tribunal-mayoria-conservadora-juzgara-fiscal-general-correo-pareja-ayuso_1_12631426.html\" data-mrf-recirculation=\"saber-mas\" data-dl-event=\"saber-mas\" rel=\"nofollow noopener\" target=\"_blank\"><\/p>\n<p class=\"know-more__title\">Un tribunal de mayor\u00eda conservadora juzgar\u00e1 al fiscal general por el correo de la pareja de Ayuso<\/p>\n<p>            <img decoding=\"async\" class=\"lazy\" loading=\"lazy\" data-src=\"https:\/\/static.eldiario.es\/clip\/6a59233c-c7fc-4c2b-b7f0-6e975ef0771f_16-9-aspect-ratio_default_0_x990y157.jpg\" src=\"data:image\/svg+xml,%3Csvg xmlns=\" http:=\"\" viewbox=\"0 0 880 495\" alt=\"Un tribunal de mayor\u00eda conservadora juzgar\u00e1 al fiscal general por el correo de la pareja de Ayuso\"\/><\/p>\n<p>                        <\/a><\/p>\n<p class=\"article-text\">\n        El juicio arrancar\u00e1 ese d\u00eda 3 de noviembre y tendr\u00e1 sesiones de ma\u00f1ana y de tarde ante <a href=\"https:\/\/www.eldiario.es\/politica\/tribunal-mayoria-conservadora-juzgara-fiscal-general-correo-pareja-ayuso_1_12631426.html\" target=\"_blank\" data-mrf-recirculation=\"links-noticia\" class=\"link\" rel=\"nofollow noopener\">un tribunal de siete magistrados<\/a> que tendr\u00e1 a Susana Polo como ponente. La lista de 40 testigos abarca los altos cargos de la Fiscal\u00eda que intervinieron en el caso o que tienen alguna responsabilidad de protecci\u00f3n de datos, tambi\u00e9n los periodistas que trataron esa informaci\u00f3n, integrantes de la Unidad Central Operativa (UCO) de la Guardia Civil que elaboraron informes clave del caso y tambi\u00e9n el entorno de Gonz\u00e1lez Amador y las personas vinculadas a Moncloa y el PSOE que tambi\u00e9n conocieron su confesi\u00f3n esos d\u00edas.\n    <\/p>\n<p class=\"article-text\">\n        El fiscal general, \u00fanico acusado en el caso, ser\u00e1 el \u00faltimo en declarar. El tribunal ha rechazado, por contra, varias testificales pedidas por las acusaciones: ni el ministro \u00d3scar L\u00f3pez ni miembros del equipo de Juan Lobato cuando era secretario general del PSOE madrile\u00f1o ni tampoco Santos Cerd\u00e1n, entonces secretario de organizaci\u00f3n del partido.\n    <\/p>\n<p class=\"article-text\">\n        Por parte de la Fiscal\u00eda comparecer\u00e1n dos fiscales que estuvieron imputados en la causa: Juli\u00e1n Salto, que denunci\u00f3 a la pareja de Ayuso por fraude fiscal, Pilar Rodr\u00edguez, hasta hace pocas semanas acusada de urdir un plan con el fiscal general para filtrar el correo, y Diego Villafa\u00f1e, que tambi\u00e9n lleg\u00f3 a estar imputado. Comparecer\u00e1 <a href=\"https:\/\/www.eldiario.es\/politica\/fiscales-desmienten-relato-jefa-madrid-conocio-negociaciones-pareja-ayuso_1_12028915.html\" target=\"_blank\" data-mrf-recirculation=\"links-noticia\" class=\"link\" rel=\"nofollow noopener\">tambi\u00e9n Almudena Lastra<\/a>, fiscal jefe de Madrid cuya testifical es considerada clave por las acusaciones, y varios fiscales encargados de protecci\u00f3n de datos y aspectos disciplinarios junto con dos de sus responsables de prensa.\n    <\/p>\n<p class=\"article-text\">\n        Hasta 12 periodistas ser\u00e1n tambi\u00e9n llamados a testificar, profesionales de la informaci\u00f3n que ya declararon durante la investigaci\u00f3n ante el juez \u00c1ngel Hurtado. Varios de ellos explicaron que tuvieron acceso a este correo o al contenido de las negociaciones de la defensa de Gonz\u00e1lez Amador antes de que esa informaci\u00f3n llegara a manos del fiscal general en la noche del 13 de marzo de 2024.\n    <\/p>\n<p>    <a href=\"https:\/\/www.eldiario.es\/politica\/tribunal-juzgara-fiscal-general-correo-pareja-ayuso-rechazo-querellas-similares-ministra-montero_1_12634028.html\" data-mrf-recirculation=\"saber-mas-abajo\" data-dl-event=\"saber-mas-abajo\" rel=\"nofollow noopener\" target=\"_blank\"><\/p>\n<p class=\"know-more__title\">El tribunal que juzgar\u00e1 al fiscal general por el correo de la pareja de Ayuso rechaz\u00f3 querellas similares contra la ministra Montero<\/p>\n<p>            <img decoding=\"async\" class=\"lazy\" loading=\"lazy\" data-src=\"https:\/\/static.eldiario.es\/clip\/efff58f5-6448-448b-b7c8-175467a77376_16-9-aspect-ratio_default_0.jpg\" src=\"data:image\/svg+xml,%3Csvg xmlns=\" http:=\"\" viewbox=\"0 0 880 495\" alt=\"El tribunal que juzgar\u00e1 al fiscal general por el correo de la pareja de Ayuso rechaz\u00f3 querellas similares contra la ministra Montero\"\/><\/p>\n<p>                        <\/a><\/p>\n<p class=\"article-text\">\n        Comparecer\u00e1 tambi\u00e9n el propio Gonz\u00e1lez Amador y su abogado, Carlos Neira, adem\u00e1s de Miguel \u00c1ngel Rodr\u00edguez, que tendr\u00e1 que volver a explicar <a href=\"https:\/\/www.eldiario.es\/politica\/mensajes-miguel-angel-rodriguez-pareja-ayuso-demuestran-mintio-sabiendas-pacto_1_11971860.html\" target=\"_blank\" data-mrf-recirculation=\"links-noticia\" class=\"link\" rel=\"nofollow noopener\">c\u00f3mo filtr\u00f3 a la prensa el bulo<\/a> que origin\u00f3 los primeros movimientos de la Fiscal\u00eda para recopilar los correos del caso. Con ellos lo har\u00e1n los protagonistas de la parte del caso que sirvi\u00f3 al juez para apuntar al Palacio de la Moncloa: Juan Lobato, que recibi\u00f3 ese correo en la ma\u00f1ana del 14 de marzo, Pilar S\u00e1nchez Acera, que se lo hizo llegar por WhatsApp, y Francesc Vall\u00e9s, entonces secretario de Estado de comunicaci\u00f3n.\n    <\/p>\n","protected":false},"excerpt":{"rendered":"El Tribunal Supremo ha puesto fecha al juicio contra el fiscal general por la filtraci\u00f3n de un correo&hellip;\n","protected":false},"author":2,"featured_media":155430,"comment_status":"","ping_status":"","sticky":false,"template":"","format":"standard","meta":{"footnotes":""},"categories":[8],"tags":[12313,1554,2594,6984,17,18,3637,25,24,13,14,6987,3015,11,43735,19,20,46609,4098,9,10,15,16,15355,2477,416,23,8312,12,21,22],"class_list":{"0":"post-155429","1":"post","2":"type-post","3":"status-publish","4":"format-standard","5":"has-post-thumbnail","7":"category-espana","8":"tag-12313","9":"tag-1554","10":"tag-angel","11":"tag-ayuso","12":"tag-breaking-news","13":"tag-breakingnews","14":"tag-declarar","15":"tag-es","16":"tag-espana","17":"tag-featured-news","18":"tag-featurednews","19":"tag-fiscal","20":"tag-general","21":"tag-headlines","22":"tag-juzgara","23":"tag-latest-news","24":"tag-latestnews","25":"tag-llamados","26":"tag-miguel","27":"tag-news","28":"tag-noticias","29":"tag-noticias-destacadas","30":"tag-noticiasdestacadas","31":"tag-noviembre","32":"tag-pareja","33":"tag-rodriguez","34":"tag-spain","35":"tag-supremo","36":"tag-titulares","37":"tag-ultimas-noticias","38":"tag-ultimasnoticias"},"share_on_mastodon":{"url":"","error":""},"_links":{"self":[{"href":"https:\/\/www.europesays.com\/es\/wp-json\/wp\/v2\/posts\/155429","targetHints":{"allow":["GET"]}}],"collection":[{"href":"https:\/\/www.europesays.com\/es\/wp-json\/wp\/v2\/posts"}],"about":[{"href":"https:\/\/www.europesays.com\/es\/wp-json\/wp\/v2\/types\/post"}],"author":[{"embeddable":true,"href":"https:\/\/www.europesays.com\/es\/wp-json\/wp\/v2\/users\/2"}],"replies":[{"embeddable":true,"href":"https:\/\/www.europesays.com\/es\/wp-json\/wp\/v2\/comments?post=155429"}],"version-history":[{"count":0,"href":"https:\/\/www.europesays.com\/es\/wp-json\/wp\/v2\/posts\/155429\/revisions"}],"wp:featuredmedia":[{"embeddable":true,"href":"https:\/\/www.europesays.com\/es\/wp-json\/wp\/v2\/media\/155430"}],"wp:attachment":[{"href":"https:\/\/www.europesays.com\/es\/wp-json\/wp\/v2\/media?parent=155429"}],"wp:term":[{"taxonomy":"category","embeddable":true,"href":"https:\/\/www.europesays.com\/es\/wp-json\/wp\/v2\/categories?post=155429"},{"taxonomy":"post_tag","embeddable":true,"href":"https:\/\/www.europesays.com\/es\/wp-json\/wp\/v2\/tags?post=155429"}],"curies":[{"name":"wp","href":"https:\/\/api.w.org\/{rel}","templated":true}]}}