{"id":155431,"date":"2025-10-03T20:11:31","date_gmt":"2025-10-03T20:11:31","guid":{"rendered":"https:\/\/www.europesays.com\/es\/155431\/"},"modified":"2025-10-03T20:11:31","modified_gmt":"2025-10-03T20:11:31","slug":"ee-uu-esta-en-un-conflicto-armado-contra-los-carteles-de-la-droga-informa-donald-trump-al-congreso-de-su-pais","status":"publish","type":"post","link":"https:\/\/www.europesays.com\/es\/155431\/","title":{"rendered":"EE.UU. est\u00e1 en un \u00abconflicto armado\u00bb contra los carteles de la droga, informa Donald Trump al Congreso de su pa\u00eds"},"content":{"rendered":"<p><img fetchpriority=\"high\" decoding=\"async\" src=\"https:\/\/www.europesays.com\/es\/wp-content\/uploads\/2025\/10\/6c81c9e0-a048-11f0-9251-31c97a45eb73.jpg.webp.webp\"   alt=\"El presidente de Estados Unidos, Donald Trump, habla en la Oficina Oval de la Casa Blanca en Washington, D. C., EE. UU., el martes 30 de septiembre de 2025. \" loading=\"eager\" width=\"1024\" height=\"576\" style=\"aspect-ratio:1024 \/ 576\" class=\"bbc-139onq\"\/><\/p>\n<p class=\"bbc-by8ykd\" role=\"text\">Fuente de la imagen, Getty Images<\/p>\n<p><strong id=\"article-byline\" aria-hidden=\"true\" class=\"bbc-m04vo2\">Informaci\u00f3n del art\u00edculo<\/strong><\/p>\n<p dir=\"ltr\" class=\"bbc-hhl7in e17g058b0\"><b>El presidente Donald Trump inform\u00f3 que Estados Unidos est\u00e1 en un \u00abconflicto armado\u00bb con los carteles de la droga, a los que considera ahora como \u00abcombatientes legales\u00bb, seg\u00fan un documento confidencial obtenido por medios internacionales. <\/b><\/p>\n<p dir=\"ltr\" class=\"bbc-hhl7in e17g058b0\">La emisi\u00f3n de este memorando, al que tuvieron acceso la cadena <a href=\"https:\/\/www.cbsnews.com\/news\/trump-tells-congress-armed-conflict-drug-cartels-venezuela-boat-strikes\/\" class=\"focusIndicatorReducedWidth bbc-n8oauk e1p3sufg0\" aria-label=\"CBS, externo\" rel=\"nofollow noopener\" target=\"_blank\">CBS<\/a> (socio estadounidense de la BBC), The New York Times y la agencia Reuters, entre otros, ocurre despu\u00e9s de que Washington ordenara ataques contra tres lanchas en el Caribe que presuntamente transportaban drogas hacia Estados Unidos. <\/p>\n<p dir=\"ltr\" class=\"bbc-hhl7in e17g058b0\">En los ataques murieron al menos 17 personas. <\/p>\n<p dir=\"ltr\" class=\"bbc-hhl7in e17g058b0\">El documento asegura que el presidente Trump considera que los carteles de la droga son grupos armados no estatales y que sus acciones equivalen a \u00abun ataque armado contra Estados Unidos\u00bb.<\/p>\n<p dir=\"ltr\" class=\"bbc-hhl7in e17g058b0\">\u00abEl presidente determin\u00f3 que Estados Unidos est\u00e1 en un conflicto armado no internacional con estas organizaciones designadas como terroristas\u00bb, dice el texto, seg\u00fan report\u00f3 Reuters. <\/p>\n<p dir=\"ltr\" class=\"bbc-hhl7in e17g058b0\">\u00abEl presidente orden\u00f3 al Departamento de Guerra llevar a cabo operaciones contra ellos de conformidad con la ley de conflicto armado\u00bb, a\u00f1ade, empleando el nombre que Trump prefiere utilizar para referirse al Departamento de Defensa.<\/p>\n<p dir=\"ltr\" class=\"bbc-hhl7in e17g058b0\">El texto parece ser una justificaci\u00f3n del uso de la fuerza contra los carteles de la droga, a los que el gobierno de Donald Trump acusa de inundar las calles de Estados Unidos con coca\u00edna y fentanilo.<\/p>\n<p dir=\"ltr\" class=\"bbc-hhl7in e17g058b0\">El martes, Trump asegur\u00f3 que su gobierno est\u00e1 considerando atacar a los c\u00e1rteles de la droga \u00abque llegan por tierra\u00bb a Venezuela. <\/p>\n<p dir=\"ltr\" class=\"bbc-hhl7in e17g058b0\">Durante el \u00faltimo mes, EE.UU. ha desplegado una gran operaci\u00f3n militar en el Caribe, cerca de las costas de Venezuela. <\/p>\n<p dir=\"ltr\" class=\"bbc-hhl7in e17g058b0\">Las autoridades estadounidenses han presentado el despliegue como una acci\u00f3n antinarc\u00f3ticos en contra del Tren de Aragua, designada \u00aborganizaci\u00f3n terrorista\u00bb por la administraci\u00f3n Trump en febrero, y el Cartel de los Soles, una supuesta entidad dedicada al narcotr\u00e1fico que, seg\u00fan Washington, implica a altos oficiales y exoficiales de las Fuerzas Armadas de Venezuela y est\u00e1 encabezada por el presidente Nicol\u00e1s Maduro.<\/p>\n<p dir=\"ltr\" class=\"bbc-hhl7in e17g058b0\">El gobierno de Maduro niega las acusaciones y acusa a EE.UU. de usar el tema del narcotr\u00e1fico como una excusa para impulsar un cambio de r\u00e9gimen en Venezuela.<\/p>\n<p>Dudas sobre la legalidad de los ataques<\/p>\n<p dir=\"ltr\" class=\"bbc-hhl7in e17g058b0\">Los ataques contra botes en el Caribe han sorprendido por su magnitud y han recibido numerosas cr\u00edticas. <\/p>\n<p dir=\"ltr\" class=\"bbc-hhl7in e17g058b0\">Seg\u00fan expertos consultados por la BBC, pueden haber violado el derecho internacional.<\/p>\n<p dir=\"ltr\" class=\"bbc-hhl7in e17g058b0\">Luke Moffett, profesor de la Queens University de Belfast, experto en reparaciones, derechos humanos y derecho internacional humanitario, le dijo a BBC Verify que \u00abse puede utilizar la fuerza para detener una embarcaci\u00f3n, pero generalmente deben emplearse medidas no letales\u00bb.<\/p>\n<p dir=\"ltr\" class=\"bbc-hhl7in e17g058b0\">En relaci\u00f3n a los derechos humanos, Moffett apunt\u00f3 que el uso de la fuerza podr\u00eda constituir una \u00abejecuci\u00f3n arbitraria extrajudicial\u00bb y \u00abuna violaci\u00f3n fundamental de los derechos humanos\u00bb.<\/p>\n<p dir=\"ltr\" class=\"bbc-hhl7in e17g058b0\">Seg\u00fan The New York Times, la decisi\u00f3n de Trump de considerar formalmente su campa\u00f1a contra los carteles de la droga como un conflicto armado activo apunta a que pretende consolidar su derecho a obtener poderes extraordinarios en tiempos de guerra. <\/p>\n<p dir=\"ltr\" class=\"bbc-hhl7in e17g058b0\">De acuerdo con el derecho internacional, durante un conflicto armado un pa\u00eds puede legalmente matar a combatientes enemigos, incluso cuando no representan una amenaza. <\/p>\n<p dir=\"ltr\" class=\"bbc-hhl7in e17g058b0\">Pero las dudas sobre la legalidad de esta medida persisten. <\/p>\n<p dir=\"ltr\" class=\"bbc-hhl7in e17g058b0\">Geoffrey S. Corn, un abogado general retirado que anteriormente fue asesor principal del Ej\u00e9rcito, le dijo a The New York Times que los carteles de la droga no estaban involucrados en \u00abhostilidades\u00bb contra Estados Unidos porque vender un producto peligroso es diferente a enfrentarse a un ataque armado.<\/p>\n<p><img decoding=\"async\" src=\"https:\/\/www.europesays.com\/es\/wp-content\/uploads\/2025\/10\/0a5a4430-a049-11f0-b741-177e3e2c2fc7.png.webp.webp\"   alt=\"L\u00ednea\" loading=\"lazy\" width=\"800\" height=\"100\" style=\"aspect-ratio:800 \/ 100\" class=\"bbc-139onq\"\/><\/p>\n<p dir=\"ltr\" class=\"bbc-hhl7in e17g058b0\"><a href=\"https:\/\/www.bbc.com\/mundo\/send\/u184973209\" class=\"focusIndicatorReducedWidth bbc-n8oauk e1p3sufg0\" rel=\"nofollow noopener\" target=\"_blank\">Suscr\u00edbete aqu\u00ed<\/a> a nuestro nuevo newsletter para recibir cada viernes una selecci\u00f3n de nuestro mejor contenido de la semana.<\/p>\n<p dir=\"ltr\" class=\"bbc-hhl7in e17g058b0\">Y recuerda que puedes recibir notificaciones en nuestra app. Descarga la \u00faltima versi\u00f3n y act\u00edvalas.<\/p>\n","protected":false},"excerpt":{"rendered":"Fuente de la imagen, Getty Images Informaci\u00f3n del art\u00edculo El presidente Donald Trump inform\u00f3 que Estados Unidos est\u00e1&hellip;\n","protected":false},"author":2,"featured_media":155432,"comment_status":"","ping_status":"","sticky":false,"template":"","format":"standard","meta":{"footnotes":""},"categories":[5],"tags":[17,18,25,24,13,14,11,19,20,9,10,15,16,23,12,21,22],"class_list":{"0":"post-155431","1":"post","2":"type-post","3":"status-publish","4":"format-standard","5":"has-post-thumbnail","7":"category-titulares","8":"tag-breaking-news","9":"tag-breakingnews","10":"tag-es","11":"tag-espana","12":"tag-featured-news","13":"tag-featurednews","14":"tag-headlines","15":"tag-latest-news","16":"tag-latestnews","17":"tag-news","18":"tag-noticias","19":"tag-noticias-destacadas","20":"tag-noticiasdestacadas","21":"tag-spain","22":"tag-titulares","23":"tag-ultimas-noticias","24":"tag-ultimasnoticias"},"share_on_mastodon":{"url":"","error":""},"_links":{"self":[{"href":"https:\/\/www.europesays.com\/es\/wp-json\/wp\/v2\/posts\/155431","targetHints":{"allow":["GET"]}}],"collection":[{"href":"https:\/\/www.europesays.com\/es\/wp-json\/wp\/v2\/posts"}],"about":[{"href":"https:\/\/www.europesays.com\/es\/wp-json\/wp\/v2\/types\/post"}],"author":[{"embeddable":true,"href":"https:\/\/www.europesays.com\/es\/wp-json\/wp\/v2\/users\/2"}],"replies":[{"embeddable":true,"href":"https:\/\/www.europesays.com\/es\/wp-json\/wp\/v2\/comments?post=155431"}],"version-history":[{"count":0,"href":"https:\/\/www.europesays.com\/es\/wp-json\/wp\/v2\/posts\/155431\/revisions"}],"wp:featuredmedia":[{"embeddable":true,"href":"https:\/\/www.europesays.com\/es\/wp-json\/wp\/v2\/media\/155432"}],"wp:attachment":[{"href":"https:\/\/www.europesays.com\/es\/wp-json\/wp\/v2\/media?parent=155431"}],"wp:term":[{"taxonomy":"category","embeddable":true,"href":"https:\/\/www.europesays.com\/es\/wp-json\/wp\/v2\/categories?post=155431"},{"taxonomy":"post_tag","embeddable":true,"href":"https:\/\/www.europesays.com\/es\/wp-json\/wp\/v2\/tags?post=155431"}],"curies":[{"name":"wp","href":"https:\/\/api.w.org\/{rel}","templated":true}]}}