{"id":155450,"date":"2025-10-03T20:29:10","date_gmt":"2025-10-03T20:29:10","guid":{"rendered":"https:\/\/www.europesays.com\/es\/155450\/"},"modified":"2025-10-03T20:29:10","modified_gmt":"2025-10-03T20:29:10","slug":"foreomics-revoluciona-la-medicina-preventiva-con-un-algoritmo-que-predice-riesgos-de-mortalidad-y-enfermedades","status":"publish","type":"post","link":"https:\/\/www.europesays.com\/es\/155450\/","title":{"rendered":"Foreomics revoluciona la medicina preventiva con un algoritmo que predice riesgos de mortalidad y enfermedades"},"content":{"rendered":"<p data-start=\"402\" data-end=\"879\">La medicina preventiva entra en una nueva era con la llegada de <strong data-start=\"500\" data-end=\"647\">Foreomics, la primera herramienta cient\u00edfica capaz de anticipar riesgos de mortalidad y enfermedades graves mediante un algoritmo retrospectivo<\/strong> \u00fanico en el mundo. La compa\u00f1\u00eda, de capital 100 % espa\u00f1ol y con una valoraci\u00f3n de 20 millones de euros, se prepara para estar operativa en toda Espa\u00f1a en 2026 y expandirse a Latinoam\u00e9rica, Estados Unidos y Europa a partir de 2027.<\/p>\n<p data-start=\"881\" data-end=\"1321\">Fundada por <strong data-start=\"893\" data-end=\"909\">Jorge Garc\u00eda<\/strong>, ex directivo del sector financiero asegurador, y el radi\u00f3logo <strong data-start=\"973\" data-end=\"988\">Eliseo Va\u00f1\u00f3<\/strong>, director m\u00e9dico del servicio de TAC y Resonancia Magn\u00e9tica del Hospital Nuestra Se\u00f1ora del Rosario, Foreomics nace con la ambici\u00f3n de <strong data-start=\"1124\" data-end=\"1180\">democratizar el acceso a la prevenci\u00f3n personalizada<\/strong>. \u201c<strong data-start=\"1183\" data-end=\"1301\">Queremos salvar vidas a trav\u00e9s de la predicci\u00f3n temprana, situando a Espa\u00f1a a la vanguardia mundial de la e-health<\/strong>\u201d, asegura Garc\u00eda.<\/p>\n<p>Un algoritmo \u00fanico con base cl\u00ednica y tecnol\u00f3gica<\/p>\n<p data-start=\"1379\" data-end=\"1840\">La herramienta se apoya en un modelo retrospectivo que combina <strong data-start=\"1442\" data-end=\"1552\">miles de casos reales, datos gen\u00e9ticos, an\u00e1lisis cl\u00ednicos, im\u00e1genes de TAC de baja dosis y h\u00e1bitos de vida<\/strong>, lo que permite generar <strong data-start=\"1577\" data-end=\"1611\">predicciones de alta precisi\u00f3n<\/strong> sobre las principales causas de mortalidad. Los resultados se presentan en un informe personalizado con escalas de riesgo claras, codificadas por cifras y colores, junto con recomendaciones preventivas adaptadas a cada perfil.<\/p>\n<p data-start=\"1842\" data-end=\"2144\">Para el doctor Eliseo Va\u00f1\u00f3, el origen del proyecto tiene un componente personal: \u201c<strong data-start=\"1924\" data-end=\"2104\">Tras el diagn\u00f3stico oncol\u00f3gico en nuestro entorno m\u00e1s cercano comprobamos que los m\u00e9todos tradicionales de predicci\u00f3n no bastaban para detectar riesgos reales de forma temprana<\/strong>. Con Foreomics hemos dado ese salto\u201d.<\/p>\n<p>Impacto multisectorial y apoyo de expertos internacionales<\/p>\n<p data-start=\"2211\" data-end=\"2731\">El modelo de Foreomics est\u00e1 dise\u00f1ado para transformar la previsi\u00f3n de riesgos en <strong data-start=\"2292\" data-end=\"2401\">hospitales p\u00fablicos y privados, aseguradoras, entidades financieras, sector deportivo y poblaci\u00f3n general<\/strong>. La compa\u00f1\u00eda cuenta con un <strong data-start=\"2429\" data-end=\"2477\">panel de expertos de prestigio internacional<\/strong> como Jos\u00e9 Luis Zamorano (cardiolog\u00eda, Hospital Ram\u00f3n y Cajal), Julio Mayol (innovaci\u00f3n, Hospital San Carlos) o Pablo Lapunzina (gen\u00e9tica, INGEMM-La Paz), entre otros. Su experiencia acumulada aporta credibilidad cient\u00edfica y rigor cl\u00ednico al proyecto.<\/p>\n<p>Proceso r\u00e1pido y accesible<\/p>\n<p data-start=\"2766\" data-end=\"3114\">El recorrido del usuario ser\u00e1 <strong data-start=\"2796\" data-end=\"2857\">sencillo, seguro y con una duraci\u00f3n inferior a 30 minutos<\/strong>. Tras un cuestionario online, se realizar\u00e1n tres pruebas clave en una \u00fanica visita hospitalaria: muestra de saliva, an\u00e1lisis de sangre y TAC de baja dosis. Con esos datos, el algoritmo emitir\u00e1 un informe detallado con predicciones y pautas de prevenci\u00f3n.<\/p>\n<p>Una herramienta disruptiva de alcance global<\/p>\n<p data-start=\"3167\" data-end=\"3472\">Con un plan de expansi\u00f3n internacional para 2027, Foreomics aspira a <strong data-start=\"3236\" data-end=\"3305\">consolidar a Espa\u00f1a como referente global en innovaci\u00f3n sanitaria<\/strong>. \u201c<strong data-start=\"3308\" data-end=\"3454\">Ser\u00e1 la primera soluci\u00f3n validada cient\u00edficamente que anticipe riesgos graves en personas sanas de manera pr\u00e1ctica y aplicable en la vida real<\/strong>\u201d, explica Va\u00f1\u00f3.<\/p>\n<p data-start=\"3474\" data-end=\"3698\">En palabras de la compa\u00f1\u00eda, <strong data-start=\"3502\" data-end=\"3578\">Foreomics no solo busca innovar, sino tambi\u00e9n democratizar la prevenci\u00f3n<\/strong>, acercando a la sociedad una herramienta disruptiva que hasta ahora estaba reservada a la investigaci\u00f3n experimental.<\/p>\n","protected":false},"excerpt":{"rendered":"La medicina preventiva entra en una nueva era con la llegada de Foreomics, la primera herramienta cient\u00edfica capaz&hellip;\n","protected":false},"author":2,"featured_media":155451,"comment_status":"","ping_status":"","sticky":false,"template":"","format":"standard","meta":{"footnotes":""},"categories":[92],"tags":[119,1293,25,24,46610,165,46611,1816,11238,18551,166,23],"class_list":{"0":"post-155450","1":"post","2":"type-post","3":"status-publish","4":"format-standard","5":"has-post-thumbnail","7":"category-salud","8":"tag-ciencia","9":"tag-enfermedades","10":"tag-es","11":"tag-espana","12":"tag-foreomics","13":"tag-health","14":"tag-herramienta-cientifica","15":"tag-innovacion","16":"tag-mortalidad","17":"tag-riesgos","18":"tag-salud","19":"tag-spain"},"share_on_mastodon":{"url":"","error":""},"_links":{"self":[{"href":"https:\/\/www.europesays.com\/es\/wp-json\/wp\/v2\/posts\/155450","targetHints":{"allow":["GET"]}}],"collection":[{"href":"https:\/\/www.europesays.com\/es\/wp-json\/wp\/v2\/posts"}],"about":[{"href":"https:\/\/www.europesays.com\/es\/wp-json\/wp\/v2\/types\/post"}],"author":[{"embeddable":true,"href":"https:\/\/www.europesays.com\/es\/wp-json\/wp\/v2\/users\/2"}],"replies":[{"embeddable":true,"href":"https:\/\/www.europesays.com\/es\/wp-json\/wp\/v2\/comments?post=155450"}],"version-history":[{"count":0,"href":"https:\/\/www.europesays.com\/es\/wp-json\/wp\/v2\/posts\/155450\/revisions"}],"wp:featuredmedia":[{"embeddable":true,"href":"https:\/\/www.europesays.com\/es\/wp-json\/wp\/v2\/media\/155451"}],"wp:attachment":[{"href":"https:\/\/www.europesays.com\/es\/wp-json\/wp\/v2\/media?parent=155450"}],"wp:term":[{"taxonomy":"category","embeddable":true,"href":"https:\/\/www.europesays.com\/es\/wp-json\/wp\/v2\/categories?post=155450"},{"taxonomy":"post_tag","embeddable":true,"href":"https:\/\/www.europesays.com\/es\/wp-json\/wp\/v2\/tags?post=155450"}],"curies":[{"name":"wp","href":"https:\/\/api.w.org\/{rel}","templated":true}]}}