{"id":155465,"date":"2025-10-03T20:42:14","date_gmt":"2025-10-03T20:42:14","guid":{"rendered":"https:\/\/www.europesays.com\/es\/155465\/"},"modified":"2025-10-03T20:42:14","modified_gmt":"2025-10-03T20:42:14","slug":"el-director-general-de-alpine-valoro-a-colapinto-y-opino-sobre-su-futuro","status":"publish","type":"post","link":"https:\/\/www.europesays.com\/es\/155465\/","title":{"rendered":"El director general de Alpine valor\u00f3 a Colapinto y opin\u00f3 sobre su futuro"},"content":{"rendered":"<p>&#13;<br \/>\n                    &#13;<br \/>\n                        &#13;<br \/>\n&#13;<\/p>\n<p>Steve Nielsen analiz\u00f3 el presente del piloto argentino en la F\u00f3rmula 1 y dej\u00f3 en claro que a\u00fan no definieron si seguir\u00e1 en 2026: \u00abTomaremos una decisi\u00f3n cuando tengamos que hacerlo\u00bb.<\/p>\n<p>&#13;<br \/>\n<img decoding=\"async\" class=\"mainImg r16x9\" width=\"416\" height=\"234\" fetchpriority=\"high\" src=\"https:\/\/www.europesays.com\/es\/wp-content\/uploads\/2025\/10\/steve-nielsen_416x234.webp.webp\"  alt=\"Steve Nielsen\" title=\"Steve Nielsen\"\/> Steve Nielsen, director general de Alpine. (Clive Rose\/Getty Images)<\/p>\n<p>El director general de <b>Alpine, Steve Nielsen<\/b>, se refiri\u00f3 al momento de <b>Franco Colapinto<\/b>, en una temporada complicada para la escuder\u00eda, y desliz\u00f3 algunas consideraciones sobre su futuro, en el <b>Gran Premio de Singapur.<\/b>    <\/p>\n<p>&#13;<\/p>\n<p>Consultado por el desempe\u00f1o de los pilotos que ascendieron desde F\u00f3rmula 2, Nielsen ubic\u00f3 al joven pilarense dentro del grupo que necesit\u00f3 algo m\u00e1s de tiempo para adaptarse, aunque resalt\u00f3 que est\u00e1 cumpliendo con lo esperado: \u00abCreo que son cinco los pilotos que subieron desde F\u00f3rmula 2 el a\u00f1o pasado. Algunos se adaptaron mejor que otros,<b> algunos tuvieron un inicio m\u00e1s dif\u00edcil y otros tardaron un poco m\u00e1s en encontrar ritmo. Franco est\u00e1 en esa segunda categor\u00eda este a\u00f1o, a pesar de que corri\u00f3 para Williams el a\u00f1o pasado\u00bb.<\/b>    <\/p>\n<p>Adem\u00e1s, remarc\u00f3 el crecimiento mostrado en las \u00faltimas carreras, donde logr\u00f3 acercarse a los tiempos de su compa\u00f1ero, Pierre Gasly. \u00abCreo que en las \u00faltimas tres carreras encontr\u00f3 el ritmo, ha <b>estado haciendo tiempos de vuelta similares a los de Pierre, est\u00e1 demostrando que se est\u00e1 empezando a sentir c\u00f3modo\u00bb<\/b><b>,<\/b> agreg\u00f3 el dirigente brit\u00e1nico, satisfecho con la integraci\u00f3n del argentino al equipo.<\/p>\n<p><img decoding=\"async\" class=\"mainImg r16x9\" width=\"416\" height=\"234\" fetchpriority=\"low\" loading=\"lazy\" src=\"https:\/\/www.europesays.com\/es\/wp-content\/uploads\/2025\/10\/franco-colapinto-corredor-de-alpine_416x234.webp\"  alt=\"Franco Colapinto, corredor de Alpine\" title=\"Franco Colapinto, corredor de Alpine\"\/> Franco Colapinto, corredor de Alpine. <\/p>\n<p>Respecto al lugar que Colapinto podr\u00eda ocupar en el futuro, Nielsen opt\u00f3 por no dar definiciones concretas. Consultado por su continuidad como piloto titular, se limit\u00f3 a decir: <b>\u00abQui\u00e9n sabe. Tomaremos una decisi\u00f3n cuando tengamos que hacerlo, pero todav\u00eda no\u00bb.<\/b>    <\/p>\n<p><img decoding=\"async\" class=\"mainImg r16x9\" width=\"416\" height=\"234\" fetchpriority=\"low\" loading=\"lazy\" src=\"https:\/\/www.europesays.com\/es\/wp-content\/uploads\/2025\/10\/1759461855_441_colapinto_416x234.webp\"  alt=\"colapinto\" title=\"colapinto\"\/> Franco Colapinto disputar\u00e1 una nueva carrera en el GP de Singapur. (Getty Images)<\/p>\n<p>M\u00e1s all\u00e1 de los resultados obtenidos en las pr\u00e1cticas del viernes \u2014fue 19\u00b0 tanto en la FP1 como en la FP2\u2014, el fin de semana en Singapur continuar\u00e1 este s\u00e1bado con m\u00e1s actividad en pista. <b>La FP3 est\u00e1 prevista para las 6.30, mientras que la clasificaci\u00f3n comenzar\u00e1 a las 10.00 (hora argentina).    <\/b><\/p>\n<p class=\"subs-tag\">&#13;<br \/>\n            &#13;<br \/>\n            &#13;<br \/>\n            &#13;<br \/>\n            &#13;<br \/>\n            &#13;<br \/>\n         No te pierdas nada<\/p>\n<p>        &#13;<br \/>\n            Recib\u00ed las \u00faltimas noticias de F1 \u00a1y m\u00e1s!    &#13;<br \/>\n    &#13;<\/p>\n<p>&#13;<br \/>\n    &#13;<br \/>\n       &#13;<br \/>\n&#13;<br \/>\n        Te puede interesar<a href=\"https:\/\/www.tycsports.com\/automovilismo\/f1-horario-y-donde-ver-en-vivo-la-clasificacion-del-gp-de-singapur-id689781.html\" onclick=\"ga4SelectContentEvent(&quot;Se viene la qualy de Singapur: lo que ten\\u00e9s que saber&quot;,&quot;Automovilismo&quot;,&quot;page_nota-comun-2024-blo_4109&quot;,&quot;Federico Bajo&quot;);\" class=\"cardImageHolder\" rel=\"nofollow noopener\" target=\"_blank\"><img decoding=\"async\" class=\"cardImage r16x9\" width=\"416\" height=\"234\" fetchpriority=\"low\" loading=\"lazy\" src=\"https:\/\/www.europesays.com\/es\/wp-content\/uploads\/2025\/10\/f1_416x234.webp\"  alt=\"Se viene la qualy de Singapur: lo que ten\u00e9s que saber\" title=\"Se viene la qualy de Singapur: lo que ten\u00e9s que saber\"\/><\/a><a href=\"https:\/\/www.tycsports.com\/automovilismo\/terrible-accidente-de-valentin-perrone-en-moto3-duro-choque-en-indonesia-y-parte-medico-actualizado-id690189.html\" onclick=\"ga4SelectContentEvent(&quot;Terrible accidente de Valent\\u00edn Perrone en Moto3: duro choque en Indonesia y parte m\\u00e9dico actualizado&quot;,&quot;Automovilismo&quot;,&quot;page_nota-comun-2024-blo_4109&quot;,&quot;Gabriel Cottone&quot;);\" class=\"cardImageHolder\" rel=\"nofollow noopener\" target=\"_blank\">&#13;<br \/>\n                    &#13;<br \/>\n                    &#13;<br \/>\n                <img decoding=\"async\" class=\"cardImage r16x9\" width=\"416\" height=\"234\" fetchpriority=\"low\" loading=\"lazy\" src=\"https:\/\/www.europesays.com\/es\/wp-content\/uploads\/2025\/10\/perrone-accidente_416x234.webp.webp\"  alt=\"Terrible accidente de Valent\u00edn Perrone en Moto3: duro choque en Indonesia y parte m\u00e9dico actualizado\" title=\"Terrible accidente de Valent\u00edn Perrone en Moto3: duro choque en Indonesia y parte m\u00e9dico actualizado\"\/><\/a><a href=\"https:\/\/www.tycsports.com\/automovilismo\/la-cruda-reflexion-de-gasly-sobre-el-momento-de-alpine--id690136.html\" onclick=\"ga4SelectContentEvent(&quot;La cruda reflexi\\u00f3n de Gasly sobre el momento de Alpine &quot;,&quot;Automovilismo&quot;,&quot;page_nota-comun-2024-blo_4109&quot;,&quot;Juan Moreno&quot;);\" class=\"cardImageHolder\" rel=\"nofollow noopener\" target=\"_blank\"><img decoding=\"async\" class=\"cardImage r16x9\" width=\"416\" height=\"234\" fetchpriority=\"low\" loading=\"lazy\" src=\"https:\/\/www.europesays.com\/es\/wp-content\/uploads\/2025\/10\/pierre-gasly_416x234.webp.webp\"  alt=\"La cruda reflexi\u00f3n de Gasly sobre el momento de Alpine \" title=\"La cruda reflexi\u00f3n de Gasly sobre el momento de Alpine \"\/><\/a><a href=\"https:\/\/www.tycsports.com\/automovilismo\/norris-no-descarto-a-verstappen-en-la-lucha-por-ser-campeon-de-la-formula-1-es-un-rival-real-id690135.html\" onclick=\"ga4SelectContentEvent(&quot;Norris no descart\\u00f3 a Verstappen en la lucha por el t\\u00edtulo: \\&quot;Es un rival real\\&quot;&quot;,&quot;Automovilismo&quot;,&quot;page_nota-comun-2024-blo_4109&quot;,&quot;Ciro Frustaci Zaccaro&quot;);\" class=\"cardImageHolder\" rel=\"nofollow noopener\" target=\"_blank\"><img decoding=\"async\" class=\"cardImage r16x9\" width=\"416\" height=\"234\" fetchpriority=\"low\" loading=\"lazy\" src=\"https:\/\/www.europesays.com\/es\/wp-content\/uploads\/2025\/10\/max-verstappen-lando-norris_416x234.webp\"  alt=\"Norris no descart\u00f3 a Verstappen en la lucha por el t\u00edtulo: &quot;Es un rival real&quot;\" title=\"Norris no descart\u00f3 a Verstappen en la lucha por el t\u00edtulo: &quot;Es un rival real&quot;\"\/><\/a><a href=\"https:\/\/www.tycsports.com\/automovilismo\/el-interes-de-red-bull-en-alex-albon-y-un-efecto-mariposa-vuelve-colapinto-a-williams-id690067.html\" onclick=\"ga4SelectContentEvent(&quot;Qu\\u00e9 se sabe del inter\\u00e9s de Red Bull en Albon y un \\&quot;efecto mariposa\\&quot; sobre Colapinto&quot;,&quot;Automovilismo&quot;,&quot;page_nota-comun-2024-blo_4109&quot;,&quot;Juan Manuel Collazo&quot;);\" class=\"cardImageHolder\" rel=\"nofollow noopener\" target=\"_blank\"><img decoding=\"async\" class=\"cardImage r16x9\" width=\"416\" height=\"234\" fetchpriority=\"low\" loading=\"lazy\" src=\"https:\/\/www.europesays.com\/es\/wp-content\/uploads\/2025\/10\/albon-y-colapinto_416x234.webp\"  alt=\"Qu\u00e9 se sabe del inter\u00e9s de Red Bull en Albon y un &quot;efecto mariposa&quot; sobre Colapinto\" title=\"Qu\u00e9 se sabe del inter\u00e9s de Red Bull en Albon y un &quot;efecto mariposa&quot; sobre Colapinto\"\/><\/a><a href=\"https:\/\/www.tycsports.com\/automovilismo\/alex-dunne-se-desvinculo-de-mclaren-y-podria-sumarse-a-red-bull-de-cara-a-la-formula-1-2026-id690055.html\" onclick=\"ga4SelectContentEvent(&quot;McLaren confirm\\u00f3 la salida de uno de sus pilotos y sacudi\\u00f3 la pr\\u00f3xima temporada de la F1&quot;,&quot;Automovilismo&quot;,&quot;page_nota-comun-2024-blo_4109&quot;,&quot;Gabriel Cottone&quot;);\" class=\"cardImageHolder\" rel=\"nofollow noopener\" target=\"_blank\"><img decoding=\"async\" class=\"cardImage r16x9\" width=\"416\" height=\"234\" fetchpriority=\"low\" loading=\"lazy\" src=\"https:\/\/www.europesays.com\/es\/wp-content\/uploads\/2025\/10\/zak-brown-mclaren_416x234.webp.webp\"  alt=\"McLaren confirm\u00f3 la salida de uno de sus pilotos y sacudi\u00f3 la pr\u00f3xima temporada de la F1\" title=\"McLaren confirm\u00f3 la salida de uno de sus pilotos y sacudi\u00f3 la pr\u00f3xima temporada de la F1\"\/><\/a>&#13;<br \/>\n&#13;<br \/>\n    &#13;<br \/>\n&#13;<br \/>\n&#13;<br \/>\n                  &#13;<\/p>\n","protected":false},"excerpt":{"rendered":"&#13; &#13; &#13; &#13; Steve Nielsen analiz\u00f3 el presente del piloto argentino en la F\u00f3rmula 1 y dej\u00f3&hellip;\n","protected":false},"author":2,"featured_media":155466,"comment_status":"","ping_status":"","sticky":false,"template":"","format":"standard","meta":{"footnotes":""},"categories":[270],"tags":[1763,168,25,24,306,271,272,23,167],"class_list":{"0":"post-155465","1":"post","2":"type-post","3":"status-publish","4":"format-standard","5":"has-post-thumbnail","7":"category-formula-1","8":"tag-automovilismo","9":"tag-deportes","10":"tag-es","11":"tag-espana","12":"tag-f1","13":"tag-formula-1","14":"tag-formula1","15":"tag-spain","16":"tag-sports"},"share_on_mastodon":{"url":"","error":""},"_links":{"self":[{"href":"https:\/\/www.europesays.com\/es\/wp-json\/wp\/v2\/posts\/155465","targetHints":{"allow":["GET"]}}],"collection":[{"href":"https:\/\/www.europesays.com\/es\/wp-json\/wp\/v2\/posts"}],"about":[{"href":"https:\/\/www.europesays.com\/es\/wp-json\/wp\/v2\/types\/post"}],"author":[{"embeddable":true,"href":"https:\/\/www.europesays.com\/es\/wp-json\/wp\/v2\/users\/2"}],"replies":[{"embeddable":true,"href":"https:\/\/www.europesays.com\/es\/wp-json\/wp\/v2\/comments?post=155465"}],"version-history":[{"count":0,"href":"https:\/\/www.europesays.com\/es\/wp-json\/wp\/v2\/posts\/155465\/revisions"}],"wp:featuredmedia":[{"embeddable":true,"href":"https:\/\/www.europesays.com\/es\/wp-json\/wp\/v2\/media\/155466"}],"wp:attachment":[{"href":"https:\/\/www.europesays.com\/es\/wp-json\/wp\/v2\/media?parent=155465"}],"wp:term":[{"taxonomy":"category","embeddable":true,"href":"https:\/\/www.europesays.com\/es\/wp-json\/wp\/v2\/categories?post=155465"},{"taxonomy":"post_tag","embeddable":true,"href":"https:\/\/www.europesays.com\/es\/wp-json\/wp\/v2\/tags?post=155465"}],"curies":[{"name":"wp","href":"https:\/\/api.w.org\/{rel}","templated":true}]}}