{"id":155467,"date":"2025-10-03T20:43:14","date_gmt":"2025-10-03T20:43:14","guid":{"rendered":"https:\/\/www.europesays.com\/es\/155467\/"},"modified":"2025-10-03T20:43:14","modified_gmt":"2025-10-03T20:43:14","slug":"xabi-beraza-baja-de-larga-duracion-en-el-fibwi-mallorca-basquet-palma","status":"publish","type":"post","link":"https:\/\/www.europesays.com\/es\/155467\/","title":{"rendered":"Xabi Beraza, baja de larga duraci\u00f3n en el Fibwi Mallorca B\u00e0squet Palma"},"content":{"rendered":"<dl class=\"article-info\">\n<dt class=\"article-info-term\">Detalles<\/dt>\n<dd class=\"published\">\n\t\tPublicado: Lunes, 29 Septiembre 2025 09:59\t\t<\/dd>\n<\/dl>\n<p><img loading=\"lazy\" decoding=\"async\" src=\"https:\/\/www.europesays.com\/es\/wp-content\/uploads\/2025\/10\/IMG_8900.jpg\" alt=\"IMG 8900\" width=\"200\" height=\"172\" style=\"float: left;\" \/>El Fibwi Mallorca B\u00e0squet Palma comunica que nuestro capit\u00e1n Xabi Beraza ser\u00e1 baja de larga duraci\u00f3n.<\/p>\n<p>Beraza, uno de los integrantes de la plantilla que logr\u00f3 el ascenso la pasada temporada se lesionaba en el partido de pretemporada disputado en Inca ante el Hestia Menorca perteneciente al Trofeo AON Illes Balears. Tras someterse a exploraciones y diversas pruebas se confirmaba que Xabi padece una rotura del ligamento cruzado anterior de la pierna derecha, un esguince grave del ligamento lateral de la misma rodilla y edema oseo sin afectaci\u00f3n meniscal. La lesi\u00f3n ser\u00e1 de larga duraci\u00f3n y el tiempo de recuperaci\u00f3n de la misma quedar\u00e1 determinado en funci\u00f3n de la evoluci\u00f3n del jugador.Beraza, uno de los jugadores m\u00e1s queridos por la afici\u00f3n, llegaba la pasada temporada a la isla para aportar su experiencia y conocimiento al haber vivido dos ascensos a la Primera FEB y ya desde el primer momento dej\u00f3 huella dentro de la plantilla por su car\u00e1cter cercano e integrador y por su entrega en los partidos. El ala p\u00edvot nacido en Renteria jugaba la pasada temporada un total de 36 partidos en los que promediaba una media de 24,28 minutos por partido anotando 6,9 puntos, capturando 4,4 rebotes y repartiendo 1,5 asistencias por partido siendo un jugador fundamental en los esquemas de Pablo Cano que no dud\u00f3 en sumarlo al proyecto de esta temporada junto a cuatro de los jugadores que tambi\u00e9n permanecieron en el equipo con respecto al curso pasado.Desde la familia del Fibwi Mallorca B\u00e0squet Palma queremos enviarle a nuestro capit\u00e1n toda la fuerza del mundo y estamos plenamente convencidos de que va a volver m\u00e1s fuerte que nunca.<\/p>\n","protected":false},"excerpt":{"rendered":"Detalles Publicado: Lunes, 29 Septiembre 2025 09:59 El Fibwi Mallorca B\u00e0squet Palma comunica que nuestro capit\u00e1n Xabi Beraza&hellip;\n","protected":false},"author":2,"featured_media":155468,"comment_status":"","ping_status":"","sticky":false,"template":"","format":"standard","meta":{"footnotes":""},"categories":[269],"tags":[14564,26899,299,298,168,4603,25,24,700,19305,46613,2457,3371,2553,46612,31263,23,167],"class_list":{"0":"post-155467","1":"post","2":"type-post","3":"status-publish","4":"format-standard","5":"has-post-thumbnail","7":"category-baloncesto","8":"tag-air","9":"tag-bahia","10":"tag-baloncesto","11":"tag-basketball","12":"tag-deportes","13":"tag-eba","14":"tag-es","15":"tag-espana","16":"tag-europa","17":"tag-imprenta","18":"tag-leb","19":"tag-mallorca","20":"tag-oro","21":"tag-palma","22":"tag-platja","23":"tag-san-agustin","24":"tag-spain","25":"tag-sports"},"share_on_mastodon":{"url":"","error":""},"_links":{"self":[{"href":"https:\/\/www.europesays.com\/es\/wp-json\/wp\/v2\/posts\/155467","targetHints":{"allow":["GET"]}}],"collection":[{"href":"https:\/\/www.europesays.com\/es\/wp-json\/wp\/v2\/posts"}],"about":[{"href":"https:\/\/www.europesays.com\/es\/wp-json\/wp\/v2\/types\/post"}],"author":[{"embeddable":true,"href":"https:\/\/www.europesays.com\/es\/wp-json\/wp\/v2\/users\/2"}],"replies":[{"embeddable":true,"href":"https:\/\/www.europesays.com\/es\/wp-json\/wp\/v2\/comments?post=155467"}],"version-history":[{"count":0,"href":"https:\/\/www.europesays.com\/es\/wp-json\/wp\/v2\/posts\/155467\/revisions"}],"wp:featuredmedia":[{"embeddable":true,"href":"https:\/\/www.europesays.com\/es\/wp-json\/wp\/v2\/media\/155468"}],"wp:attachment":[{"href":"https:\/\/www.europesays.com\/es\/wp-json\/wp\/v2\/media?parent=155467"}],"wp:term":[{"taxonomy":"category","embeddable":true,"href":"https:\/\/www.europesays.com\/es\/wp-json\/wp\/v2\/categories?post=155467"},{"taxonomy":"post_tag","embeddable":true,"href":"https:\/\/www.europesays.com\/es\/wp-json\/wp\/v2\/tags?post=155467"}],"curies":[{"name":"wp","href":"https:\/\/api.w.org\/{rel}","templated":true}]}}