{"id":155500,"date":"2025-10-03T21:12:14","date_gmt":"2025-10-03T21:12:14","guid":{"rendered":"https:\/\/www.europesays.com\/es\/155500\/"},"modified":"2025-10-03T21:12:14","modified_gmt":"2025-10-03T21:12:14","slug":"si-alguien-la-quiere-que-la-saque-de-la-television","status":"publish","type":"post","link":"https:\/\/www.europesays.com\/es\/155500\/","title":{"rendered":"Si alguien la quiere, que la saque de la televisi\u00f3n"},"content":{"rendered":"<p class=\"c-paragraph\"><a href=\"https:\/\/www.20minutos.es\/tags\/temas\/supervivientes.html\" title=\"Supervivientes\" rel=\"nofollow noopener\" target=\"_blank\">Supervivientes All Stars 2<\/a>\u00a0est\u00e1 siendo una edici\u00f3n que, sin duda, est\u00e1 dando de qu\u00e9 hablar. Con cada gala surgen nuevas tramas y, por lo tanto, nuevas discusiones, pero no solo en Honduras, tambi\u00e9n en el plat\u00f3 de <a href=\"https:\/\/www.20minutos.es\/tags\/instituciones-empresas\/telecinco.html\" title=\"Telecinco\" rel=\"nofollow noopener\" target=\"_blank\">Telecinco<\/a>. En esta ocasi\u00f3n, <b>han sido las colaboradoras <a href=\"https:\/\/www.20minutos.es\/tags\/personas\/alexia-rivas.html\" title=\"Alexia Rivas\" rel=\"nofollow noopener\" target=\"_blank\">Alexia Rivas<\/a> y <a href=\"https:\/\/www.20minutos.es\/tags\/personas\/marta-penate.html\" title=\"Marta Pe\u00f1ate\" rel=\"nofollow noopener\" target=\"_blank\">Marta Pe\u00f1ate<\/a> quienes han protagonizado un fuerte enfrentamiento<\/b> que ha tenido que ser detenido por<a href=\"https:\/\/www.20minutos.es\/tags\/autores\/sandra-barneda-1.html\" title=\"Sandra Barneda\" rel=\"nofollow noopener\" target=\"_blank\"> Sandra Barneda<\/a>.<\/p>\n<p class=\"c-paragraph\">Todo empez\u00f3 cuando, en la gala de este domingo, Rivas opin\u00f3 sobre el concurso de Tony Spina, novio de Pe\u00f1ate. La periodista cree que el concursante act\u00faa m\u00e1s como colaborador que como participante del reality\u00a0y su novia no dud\u00f3 en defenderle: \u00ab<b>Mi pareja se mete porque le pagan para que se meta<\/b>\u00ab. A lo que la de Ponferrada respondi\u00f3: \u00abYo creo que si se mete, los dem\u00e1s podemos opinar que es pesado\u00bb.<\/p>\n<p class=\"c-paragraph\">En ese momento, comenz\u00f3 un fuerte enfrentamiento entre las dos colaboradoras. \u00abSi nos ponemos&#8230; <b>T\u00fa comentas de <a href=\"https:\/\/www.20minutos.es\/tags\/personas\/adara-molinero.html\" title=\"Adara Molinero\" rel=\"nofollow noopener\" target=\"_blank\">Adara <\/a>cuando no ponen v\u00eddeos de Adara [&#8230;] Hablas de Adara cuando duermes, cuando comes, cuando te levantas&#8230; <\/b>Entonces, estamos todos en el mismo derecho\u00bb, asegur\u00f3 la canaria sobre su compa\u00f1era, que no tard\u00f3 en replicar: \u00abLo que no puede ser es que ella, que ahora es mejor amiga de Adara, se ponga a tirarme por tierra porque Adara tiene varios defensores, y, entre ellos, uno es Marta Pe\u00f1ate\u00bb.<\/p>\n<p class=\"c-paragraph\">Con cada interacci\u00f3n, el tono de la discusi\u00f3n iba creciendo. \u00ab<b>Ella es la capitana de los haters\u00a0de Adara Molinero <\/b>y se aprovecha del hate\u00a0que tiene Adara para llevarse cuatro aplausos, eso es lo que hace ella\u00bb, sentenci\u00f3 una Marta Pe\u00f1ate muy enfadada y alterada. \u00abPara ser colaborador hay que tener un m\u00ednimo de educaci\u00f3n con los compa\u00f1eros\u00bb, argument\u00f3 Alexia Rivas.<\/p>\n<p class=\"c-paragraph\">\u00abPobrecita, se le est\u00e1 yendo de las manos, de verdad. A m\u00ed Marta me preocupa porque de unos meses a ac\u00e1 se le est\u00e1 yendo la pinza, le est\u00e1 comiendo el personaje. <b>Si alguien la quiere, que la saque de la televisi\u00f3n<\/b>\u00ab, concluy\u00f3 la periodista e influencer, justo antes de que Barneda tuviera que intervenir para frenar el enfrentamiento: \u00abNo llegu\u00e9is a esto, no merece la pena\u00bb.<\/p>\n","protected":false},"excerpt":{"rendered":"Supervivientes All Stars 2\u00a0est\u00e1 siendo una edici\u00f3n que, sin duda, est\u00e1 dando de qu\u00e9 hablar. Con cada gala&hellip;\n","protected":false},"author":2,"featured_media":155501,"comment_status":"","ping_status":"","sticky":false,"template":"","format":"standard","meta":{"footnotes":""},"categories":[171],"tags":[34831,7573,24296,146,160,147,25,24,33,23,214],"class_list":{"0":"post-155500","1":"post","2":"type-post","3":"status-publish","4":"format-standard","5":"has-post-thumbnail","7":"category-tv","8":"tag-alexia","9":"tag-brutal","10":"tag-enfrentamiento","11":"tag-entertainment","12":"tag-entre","13":"tag-entretenimiento","14":"tag-es","15":"tag-espana","16":"tag-rivas","17":"tag-spain","18":"tag-tv"},"share_on_mastodon":{"url":"","error":""},"_links":{"self":[{"href":"https:\/\/www.europesays.com\/es\/wp-json\/wp\/v2\/posts\/155500","targetHints":{"allow":["GET"]}}],"collection":[{"href":"https:\/\/www.europesays.com\/es\/wp-json\/wp\/v2\/posts"}],"about":[{"href":"https:\/\/www.europesays.com\/es\/wp-json\/wp\/v2\/types\/post"}],"author":[{"embeddable":true,"href":"https:\/\/www.europesays.com\/es\/wp-json\/wp\/v2\/users\/2"}],"replies":[{"embeddable":true,"href":"https:\/\/www.europesays.com\/es\/wp-json\/wp\/v2\/comments?post=155500"}],"version-history":[{"count":0,"href":"https:\/\/www.europesays.com\/es\/wp-json\/wp\/v2\/posts\/155500\/revisions"}],"wp:featuredmedia":[{"embeddable":true,"href":"https:\/\/www.europesays.com\/es\/wp-json\/wp\/v2\/media\/155501"}],"wp:attachment":[{"href":"https:\/\/www.europesays.com\/es\/wp-json\/wp\/v2\/media?parent=155500"}],"wp:term":[{"taxonomy":"category","embeddable":true,"href":"https:\/\/www.europesays.com\/es\/wp-json\/wp\/v2\/categories?post=155500"},{"taxonomy":"post_tag","embeddable":true,"href":"https:\/\/www.europesays.com\/es\/wp-json\/wp\/v2\/tags?post=155500"}],"curies":[{"name":"wp","href":"https:\/\/api.w.org\/{rel}","templated":true}]}}