{"id":15551,"date":"2025-07-31T05:07:07","date_gmt":"2025-07-31T05:07:07","guid":{"rendered":"https:\/\/www.europesays.com\/es\/15551\/"},"modified":"2025-07-31T05:07:07","modified_gmt":"2025-07-31T05:07:07","slug":"el-gobierno-canario-y-la-fiscalia-conocian-los-malos-tratos-a-menores-migrantes-desde-2021-espana","status":"publish","type":"post","link":"https:\/\/www.europesays.com\/es\/15551\/","title":{"rendered":"El Gobierno canario y la Fiscal\u00eda conoc\u00edan los malos tratos a menores migrantes desde 2021 | Espa\u00f1a"},"content":{"rendered":"<p class=\"\">Hace cuatro a\u00f1os que las denuncias por supuestos malos tratos a menores migrantes llegaban a los despachos de la Direcci\u00f3n General de Protecci\u00f3n a la Infancia del Gobierno canario y de la Fiscal\u00eda. Al menos desde 2021, ambas tuvieron constancia de situaciones que habr\u00edan requerido de su intervenci\u00f3n. En varios centros y a cargo de diferentes entidades. Varias ONG e incluso el Defensor del Pueblo lo advirtieron. Pero no se actu\u00f3 con contundencia. Hoy \u2014cuatro a\u00f1os, dos presidentes auton\u00f3micos, tres directoras generales de Infancia despu\u00e9s\u2014 una investigaci\u00f3n judicial a la entidad que m\u00e1s menores migrantes atiende en las islas (casi 2.000) pone en cuesti\u00f3n<a href=\"https:\/\/elpais.com\/espana\/2025-07-28\/la-cara-oculta-de-la-ong-de-proteccion-de-menores-investigada-en-canarias-aqui-si-te-contestan-mal-les-puedes-dar-una-hostia.html\" target=\"_self\" rel=\"nofollow noopener\" title=\"https:\/\/elpais.com\/espana\/2025-07-28\/la-cara-oculta-de-la-ong-de-proteccion-de-menores-investigada-en-canarias-aqui-si-te-contestan-mal-les-puedes-dar-una-hostia.html\"> un sistema desbordado que ha crecido sin control.<\/a> \u201cHa fallado estrepitosamente la labor de inspecci\u00f3n\u201d, lamenta Virginia \u00c1lvarez, responsable de Investigaci\u00f3n de Amnist\u00eda Internacional. <\/p>\n<p class=\"\">A la entidad investigada, Quorum Social 77, se le atribuyen presuntos delitos de odio, lesiones y amenazas, entre otros. Las denuncias que finalmente activaron a la Direcci\u00f3n General de Protecci\u00f3n a la Infancia, a la Fiscal\u00eda y al Juzgado de Instrucci\u00f3n n\u00famero 3 de Las Palmas, especializado en violencia contra menores, <a href=\"https:\/\/elpais.com\/espana\/2025-07-26\/la-causa-contra-la-ong-de-canarias-se-inicio-por-una-denuncia-de-maltrato-y-un-video-con-insultos-negro-de-mierda.html\" target=\"_self\" rel=\"nofollow noopener\" title=\"https:\/\/elpais.com\/espana\/2025-07-26\/la-causa-contra-la-ong-de-canarias-se-inicio-por-una-denuncia-de-maltrato-y-un-video-con-insultos-negro-de-mierda.html\">incluyen agresiones f\u00edsicas y castigos en cuartos de aislamiento<\/a>, donde se encerraba a los adolescentes durante d\u00edas. Tras registrar varios centros, el juez orden\u00f3 el cierre de dos de ellos. Once trabajadores han sido detenidos, incluida la presidenta de la entidad. El golpe ha sacudido al pulm\u00f3n del sistema: Quorum atiende a m\u00e1s de un tercio de los casi 5.500 menores migrantes acogidos en las islas y, desde 2023, ha recibido m\u00e1s de 150 millones de euros de dinero p\u00fablico.<\/p>\n<p class=\"\">Para muchos, esto era un secreto a voces. Menores, m\u00e9dicos, organizaciones de protecci\u00f3n de la infancia y trabajadores llevan a\u00f1os contando atrocidades sin que les hiciesen demasiado caso. Uno de los centros precintados, conocido como Bandama, recibi\u00f3 una visita inesperada del Defensor del Pueblo en noviembre de 2021. El informe de aquella visita no se hizo p\u00fablico, pero entre otras instituciones, se envi\u00f3 a la Fiscal\u00eda General del Estado. Se identificaron, seg\u00fan fuentes del defensor, \u201cconductas o hechos presumiblemente delictivos\u201d. <\/p>\n<p class=\"\">Pero el lugar, al que enviaban a los chicos con mayores problemas de conducta, sigui\u00f3 abierto. \u201cNosotros ya hab\u00edamos recibido denuncias, pero cuando fuimos en noviembre de 2024, a m\u00ed me ponen el Bandama como ejemplo de buen funcionamiento. \u00bfCu\u00e1l es el grado de conocimiento del Gobierno canario cuando est\u00e1n usando como referencia un lugar as\u00ed?\u201d, se pregunta \u00c1lvarez. La propia Direcci\u00f3n General hab\u00eda inspeccionado ese centro en febrero de 2024 junto a la Agencia Europea de Asilo y no encontr\u00f3 situaciones de violencia, apenas carencias subsanables. La valoraci\u00f3n fue de \u201criesgo leve\u201d.<\/p>\n<p class=\"\">El problema, cuenta un extrabajador del servicio auton\u00f3mico de protecci\u00f3n de infancia, es que \u2014a\u00fan hoy\u2014 se hacen visitas comunicadas y no inspecciones sorpresa. \u201cMi experiencia fue que el control no era algo prioritario. Recib\u00edamos de forma habitual denuncias de agresiones. Nos llegaban partes de lesiones de los centros de salud, casos que recog\u00edan las ONG que est\u00e1n en contacto con menores\u2026 Se comunicaba a la fiscal\u00eda, alguna vez se ped\u00eda el despido del trabajador involucrado, pero ah\u00ed acababa. No se tomaban acciones espec\u00edficas\u201d, relata bajo condici\u00f3n de anonimato. \u201cEl problema es que la fiscal\u00eda de menores no ha hecho una labor de supervisi\u00f3n exhaustiva\u201d, a\u00f1ade \u00c1lvarez, de Amnist\u00eda Internacional. \u201cConsideraban que este no era un tema suyo\u201d, se\u00f1ala en referencia al deber de los fiscales de visitar los centros de menores para prevenir situaciones de violencia.<\/p>\n<p class=\"\">El abogado Daniel Arencibia ha sido uno de los que m\u00e1s ha apuntado las fallas del sistema, aunque sin demasiado \u00e9xito. \u201cDesde 2020, trabajadores sociales cualificados de distintos centros empezaron a levantar alarmas sobre uso de la fuerza por matones no cualificados. Muchos lo hac\u00edan desde el anonimato por miedo\u201d, explica. \u201cAlgunos ni\u00f1os se fugaban de sus centros y formulaban denuncias, pero se generaliz\u00f3 la idea de que denunciar era un riesgo para el denunciante y no serv\u00eda para nada\u201d.<\/p>\n<p class=\"\">El de 2021 fue un a\u00f1o cr\u00edtico porque la llegada imparable de pateras y cayucos ya hab\u00eda puesto al l\u00edmite el sistema de protecci\u00f3n y empezaron a surgir los problemas. Con un tercio de los menores que hay ahora, ya era un sistema colapsado En aquel entonces, el \u00faltimo responsable en el Gobierno de Canarias era el actual ministro de Pol\u00edtica Territorial, \u00c1ngel V\u00edctor Torres. \u201cEse a\u00f1o, un grupo de personas, incluidos extrabajadores, se pusieron en contacto con Amnist\u00eda Internacional por desesperaci\u00f3n, porque no se les hac\u00eda caso\u201d, recuerda \u00c1lvarez. \u201cYa ese a\u00f1o empezamos a escuchar el t\u00e9rmino de porteros de discoteca en referencia a los cuidadores, un concepto que a lo largo de estos a\u00f1os hemos visto como ha calado en el imaginario colectivo, est\u00e1 totalmente normalizado\u201d, observa \u00c1lvarez.<\/p>\n<p class=\"\">El primer caso del que Amnist\u00eda Internacional informa al fiscal de sala de menores es el de un menor al que le rompen la mand\u00edbula en un centro de Gran Canaria. <a href=\"https:\/\/www.es.amnesty.org\/fileadmin\/user_upload\/Informe-Amnistia-Canarias-OPTIMIZADO.pdf\" target=\"_self\" rel=\"nofollow noopener\" title=\"https:\/\/www.es.amnesty.org\/fileadmin\/user_upload\/Informe-Amnistia-Canarias-OPTIMIZADO.pdf\">As\u00ed consta en el informe de la organizaci\u00f3n de aquel a\u00f1o<\/a>: \u201cEs especialmente llamativo el bofet\u00f3n que un agente propina a uno de los chicos, sin que hubiera habido interacci\u00f3n previa entre ambos, lo que indicar\u00eda una conducta claramente abusiva y desproporcionada (&#8230;) La organizaci\u00f3n tuvo informaci\u00f3n contrastada de que la persona que yac\u00eda en el suelo ten\u00eda la mand\u00edbula rota tras haber sido golpeado por un educador\u201d. Pero hubo m\u00e1s. \u201cTen\u00edamos testimonios de personas que nos estaban alertando. Nos entrevist\u00e1bamos con chavales, sobre todo marroqu\u00edes, que contaban que les estaban maltratando. El centro de Bandama ya era problem\u00e1tico entonces\u201d, cuenta \u00c1lvarez. <\/p>\n<p class=\"\">Los casos de violencia siguieron apareciendo. En noviembre de 2023, ya con Fernando Clavijo en la presidencia del Gobierno canario, una denuncia de 12 adolescentes marroqu\u00edes hizo saltar las alarmas. Se trataba, en esa ocasi\u00f3n, de un centro de acogida gestionado por la fundaci\u00f3n Siglo XXI, investigada por desviar los fondos dedicados a los menores a tratamientos de belleza, restaurantes y viagra. Su denuncia se\u00f1alaba \u201cforcejeos, agresiones f\u00edsicas y amenazas por parte de trabajadores\u201d, agresi\u00f3n a un menor \u201cen cara y boca sufriendo mucho sangrado\u201d, \u201cgolpes fuertes por parte del director\u201d&#8230; Y concluye: \u201cNos sentimos asustados, desprotegidos y en peligro\u201d. El caso est\u00e1 desde entonces en manos del mismo juzgado que investiga ahora a Quorum, aunque no ha trascendido la adopci\u00f3n de medidas, ni el archivo. La organizaci\u00f3n sigue acogiendo 250 menores.<\/p>\n<p class=\"\">Y en 2024 hubo m\u00e1s. EL PA\u00cdS recogi\u00f3 en julio de ese a\u00f1o <a href=\"https:\/\/elpais.com\/espana\/madrid\/2024-08-22\/radiografia-de-un-centro-fracasado-en-el-foco-de-la-fiscalia-130-menores-donde-deberia-haber-35.html\" target=\"_self\" rel=\"nofollow noopener\" title=\"https:\/\/elpais.com\/espana\/madrid\/2024-08-22\/radiografia-de-un-centro-fracasado-en-el-foco-de-la-fiscalia-130-menores-donde-deberia-haber-35.html\">varios testimonios que denunciaban que en un hotel gestionado por Quorum, en el norte de Tenerife, exist\u00eda una habitaci\u00f3n de aislamiento <\/a>y los educadores inflig\u00edan castigos f\u00edsicos, una informaci\u00f3n que comparti\u00f3 con la Direcci\u00f3n General y la propia entidad, que consider\u00f3 que lo denunciado eran \u201cfalsedades\u201d. Por su parte, Save the Children remiti\u00f3 siete informes \u2014alguno de ellos hac\u00eda referencia a agresiones f\u00edsicas y psicol\u00f3gicas a m\u00e1s de una persona\u2014 a la Direcci\u00f3n General, tal y como marcan los protocolos. <\/p>\n<p class=\"\">Y Amnist\u00eda Internacional <a href=\"https:\/\/elpais.com\/espana\/2025-03-18\/amnistia-internacional-denuncia-la-descoordinacion-la-desproteccion-y-malos-tratos-a-menores-migrantes-en-canarias.html\" target=\"_self\" rel=\"nofollow noopener\" title=\"https:\/\/elpais.com\/espana\/2025-03-18\/amnistia-internacional-denuncia-la-descoordinacion-la-desproteccion-y-malos-tratos-a-menores-migrantes-en-canarias.html\">volvi\u00f3 a la carga<\/a> en 2025.<a href=\"https:\/\/www.es.amnesty.org\/en-que-estamos\/noticias\/noticia\/articulo\/menores-migrantes-en-canarias-documentamos-denuncias-de-violencia-y-castigos-excesivos-contra-ninos-en-centros-de-acogida-saturados\/\" target=\"_self\" rel=\"nofollow noopener\" title=\"https:\/\/www.es.amnesty.org\/en-que-estamos\/noticias\/noticia\/articulo\/menores-migrantes-en-canarias-documentamos-denuncias-de-violencia-y-castigos-excesivos-contra-ninos-en-centros-de-acogida-saturados\/\"> Muchas de las descripciones de su \u00faltimo informe, publicado en 2025<\/a>, coinciden con las revelaciones que se est\u00e1n sucediendo estos d\u00edas. Antes de publicarlo, en enero de este a\u00f1o, la organizaci\u00f3n remiti\u00f3 cartas a la fiscal jefe de Canarias y al presidente de Canarias. Les pidi\u00f3 que garantizasen un sistema exhaustivo de control con visitas peri\u00f3dicas y no anunciadas. <\/p>\n<p class=\"\">La Fiscal\u00eda no ha respondido a las preguntas de EL PA\u00cdS. El Gobierno de Canarias defiende que su gesti\u00f3n debe circunscribirse a una situaci\u00f3n de colapso y destaca que la investigaci\u00f3n actual ha salido adelante, precisamente, gracias a las denuncias que ha remitido al juzgado y al ministerio p\u00fablico. Asegura que aumentar\u00e1 los controles.<\/p>\n","protected":false},"excerpt":{"rendered":"Hace cuatro a\u00f1os que las denuncias por supuestos malos tratos a menores migrantes llegaban a los despachos de&hellip;\n","protected":false},"author":2,"featured_media":15552,"comment_status":"","ping_status":"","sticky":false,"template":"","format":"standard","meta":{"footnotes":""},"categories":[8],"tags":[3806,17,18,1896,25,24,13,14,10303,11,895,19,20,496,10304,1898,9,10,15,16,1899,10302,23,12,21,22],"class_list":{"0":"post-15551","1":"post","2":"type-post","3":"status-publish","4":"format-standard","5":"has-post-thumbnail","7":"category-espana","8":"tag-acogida-ninos","9":"tag-breaking-news","10":"tag-breakingnews","11":"tag-canarias","12":"tag-es","13":"tag-espana","14":"tag-featured-news","15":"tag-featurednews","16":"tag-fernando-clavijo","17":"tag-headlines","18":"tag-inmigracion-irregular","19":"tag-latest-news","20":"tag-latestnews","21":"tag-maltrato-infantil","22":"tag-menores-extranjeros-no-acompanados","23":"tag-menores-migrantes","24":"tag-news","25":"tag-noticias","26":"tag-noticias-destacadas","27":"tag-noticiasdestacadas","28":"tag-ong","29":"tag-pateras-canarias","30":"tag-spain","31":"tag-titulares","32":"tag-ultimas-noticias","33":"tag-ultimasnoticias"},"share_on_mastodon":{"url":"","error":""},"_links":{"self":[{"href":"https:\/\/www.europesays.com\/es\/wp-json\/wp\/v2\/posts\/15551","targetHints":{"allow":["GET"]}}],"collection":[{"href":"https:\/\/www.europesays.com\/es\/wp-json\/wp\/v2\/posts"}],"about":[{"href":"https:\/\/www.europesays.com\/es\/wp-json\/wp\/v2\/types\/post"}],"author":[{"embeddable":true,"href":"https:\/\/www.europesays.com\/es\/wp-json\/wp\/v2\/users\/2"}],"replies":[{"embeddable":true,"href":"https:\/\/www.europesays.com\/es\/wp-json\/wp\/v2\/comments?post=15551"}],"version-history":[{"count":0,"href":"https:\/\/www.europesays.com\/es\/wp-json\/wp\/v2\/posts\/15551\/revisions"}],"wp:featuredmedia":[{"embeddable":true,"href":"https:\/\/www.europesays.com\/es\/wp-json\/wp\/v2\/media\/15552"}],"wp:attachment":[{"href":"https:\/\/www.europesays.com\/es\/wp-json\/wp\/v2\/media?parent=15551"}],"wp:term":[{"taxonomy":"category","embeddable":true,"href":"https:\/\/www.europesays.com\/es\/wp-json\/wp\/v2\/categories?post=15551"},{"taxonomy":"post_tag","embeddable":true,"href":"https:\/\/www.europesays.com\/es\/wp-json\/wp\/v2\/tags?post=15551"}],"curies":[{"name":"wp","href":"https:\/\/api.w.org\/{rel}","templated":true}]}}