{"id":155511,"date":"2025-10-03T21:20:14","date_gmt":"2025-10-03T21:20:14","guid":{"rendered":"https:\/\/www.europesays.com\/es\/155511\/"},"modified":"2025-10-03T21:20:14","modified_gmt":"2025-10-03T21:20:14","slug":"hamas-acepta-entregar-a-todos-los-rehenes-pero-pide-negociar-otros-puntos-del-plan-de-trump","status":"publish","type":"post","link":"https:\/\/www.europesays.com\/es\/155511\/","title":{"rendered":"Hamas acepta entregar a \u00abtodos los rehenes\u00bb pero pide negociar otros puntos del\u00a0plan\u00a0de\u00a0Trump"},"content":{"rendered":"<p>Actualizado  Viernes,<br \/>\n3<br \/>\noctubre<br \/>\n2025<br \/>\n&#8211;<br \/>\n22:33<\/p>\n<p class=\"ue-c-article__paragraph\">Tras cuatro d\u00edas de tensa espera en la Franja de Gaza, Israel y la regi\u00f3n y m\u00e1s de cuatro horas despu\u00e9s <a href=\"https:\/\/www.elmundo.es\/internacional\/2025\/10\/03\/68dfde58e9cf4a69708b4588.html\" rel=\"nofollow noopener\" target=\"_blank\">del sonoro ultim\u00e1tum del presidente estadounidense, Donald Trump,<\/a> Hamas ha dado su respuesta al plan de paz anunciado por la Casa Blanca, aprobado por el primer ministro israel\u00ed, <strong>Benjamin Netanyahu<\/strong> y apoyado por numerosos pa\u00edses liderados por los mediadores Egipto y Qatar.<\/p>\n<p class=\"ue-c-article__paragraph\"> Y, como muchos pronosticaban, no se trata de una respuesta contundente sino matizada. El grupo islamista expresa <strong>su disposici\u00f3n a entregar \u00abtodos los rehenes muertos y vivos<\/strong>\u00bb en cautiverio desde el ataque del 7 de octubre del 2023 y renunciar a la administraci\u00f3n de la Franja de Gaza bajo su control desde el 2007 pero <strong>pide negociar sobre otros puntos importantes del plan <\/strong>anunciado el pasado lunes. Por ejemplo, todo lo relacionado con el calendario del repliegue israel\u00ed del devastado enclave palestino.<\/p>\n<p class=\"ue-c-article__paragraph\">\u00abDe acuerdo con la f\u00f3rmula de canje contenida en la propuesta del presidente Trump, y mientras se cumplan las condiciones del intercambio en el terreno\u00bb, dijo en alusi\u00f3n al canje de los 48 rehenes por 250 presos palestinos con cadena perpetua y 1700 gazat\u00edes detenidos desde la masiva ofensiva militar lanzada en respuesta al ataque de hace casi dos a\u00f1os.<\/p>\n<p class=\"ue-c-article__paragraph\">\u00abEn este contexto, <strong>el movimiento afirma su disposici\u00f3n a entrar inmediatamente en negociaciones a trav\u00e9s de mediadores <\/strong>para discutir estos detalles\u00bb, a\u00f1ade el grupo integrista.<\/p>\n<p class=\"ue-c-article__paragraph\">Tras decir que la entrega de los rehenes en 72 horas, como marca el Plan de Trump, \u00abes una cuesti\u00f3n te\u00f3rica y no pr\u00e1ctica en las circunstancias actuales\u00bb, el dirigente de Hamas, <strong>Musa Abu Marzuk, <\/strong>declar\u00f3 a la cadena catar\u00ed Al Yazira: \u00abEntablaremos negociaciones sobre todos los asuntos relacionados con el movimiento y las armas. Todos los detalles relativos a la fuerza de mantenimiento de la paz requieren aclaraci\u00f3n y acuerdo; <strong>el plan no puede implementarse sin negociaciones\u00bb.<\/strong><\/p>\n<p>El liderazgo de Hamas -ya sea en el exterior con sede en Doha o lo que queda de dirigentes en la franja de Gaza- hab\u00eda mantenido consultas internas y con Egipto, Turqu\u00eda y sobre todo Qatar sobre <strong>un plan que les garantiza el fin de la ofensiva militar a cambio de una serie de demandas contrarias a los principios negociadores del grupo islamista.<\/strong> Por ejemplo, la entrega de armas y el desarme de la Franja de Gaza, una retirada gradual y no completa del ej\u00e9rcito israel\u00ed o el despliegue de la Fuerza Internacional de Estabilizaci\u00f3n (ISF, por sus siglas en ingl\u00e9s) en el enclave palestino antes de que el control sea asumido por una Autoridad Nacional Palestina reformada sustancialmente.<\/p>\n<p class=\"ue-c-article__paragraph\">Esta informaci\u00f3n est\u00e1 siendo actualizada.<\/p>\n","protected":false},"excerpt":{"rendered":"Actualizado Viernes, 3 octubre 2025 &#8211; 22:33 Tras cuatro d\u00edas de tensa espera en la Franja de Gaza,&hellip;\n","protected":false},"author":2,"featured_media":155512,"comment_status":"","ping_status":"","sticky":false,"template":"","format":"standard","meta":{"footnotes":""},"categories":[42],"tags":[17,18,352,13,14,1256,28182,75,11,61,62,63,64,74,19,20,9,10,15,16,12,21,22,65,66,67],"class_list":{"0":"post-155511","1":"post","2":"type-post","3":"status-publish","4":"format-standard","5":"has-post-thumbnail","7":"category-internacional","8":"tag-breaking-news","9":"tag-breakingnews","10":"tag-donald-trump","11":"tag-featured-news","12":"tag-featurednews","13":"tag-franja-de-gaza","14":"tag-guerra-en-israel","15":"tag-hamas","16":"tag-headlines","17":"tag-internacional","18":"tag-international","19":"tag-international-news","20":"tag-internationalnews","21":"tag-israel","22":"tag-latest-news","23":"tag-latestnews","24":"tag-news","25":"tag-noticias","26":"tag-noticias-destacadas","27":"tag-noticiasdestacadas","28":"tag-titulares","29":"tag-ultimas-noticias","30":"tag-ultimasnoticias","31":"tag-world","32":"tag-world-news","33":"tag-worldnews"},"share_on_mastodon":{"url":"","error":""},"_links":{"self":[{"href":"https:\/\/www.europesays.com\/es\/wp-json\/wp\/v2\/posts\/155511","targetHints":{"allow":["GET"]}}],"collection":[{"href":"https:\/\/www.europesays.com\/es\/wp-json\/wp\/v2\/posts"}],"about":[{"href":"https:\/\/www.europesays.com\/es\/wp-json\/wp\/v2\/types\/post"}],"author":[{"embeddable":true,"href":"https:\/\/www.europesays.com\/es\/wp-json\/wp\/v2\/users\/2"}],"replies":[{"embeddable":true,"href":"https:\/\/www.europesays.com\/es\/wp-json\/wp\/v2\/comments?post=155511"}],"version-history":[{"count":0,"href":"https:\/\/www.europesays.com\/es\/wp-json\/wp\/v2\/posts\/155511\/revisions"}],"wp:featuredmedia":[{"embeddable":true,"href":"https:\/\/www.europesays.com\/es\/wp-json\/wp\/v2\/media\/155512"}],"wp:attachment":[{"href":"https:\/\/www.europesays.com\/es\/wp-json\/wp\/v2\/media?parent=155511"}],"wp:term":[{"taxonomy":"category","embeddable":true,"href":"https:\/\/www.europesays.com\/es\/wp-json\/wp\/v2\/categories?post=155511"},{"taxonomy":"post_tag","embeddable":true,"href":"https:\/\/www.europesays.com\/es\/wp-json\/wp\/v2\/tags?post=155511"}],"curies":[{"name":"wp","href":"https:\/\/api.w.org\/{rel}","templated":true}]}}